{"id":7119,"date":"2021-03-22T05:59:00","date_gmt":"2021-03-22T05:59:00","guid":{"rendered":"https:\/\/magyarpenclub.hu\/2021\/03\/22\/der-mit-dem-janus-pannonius-grosspreis-ausgezeichnete-polnische-dichter-adam-zagajewski-stirbt\/"},"modified":"2023-11-02T09:53:23","modified_gmt":"2023-11-02T09:53:23","slug":"der-mit-dem-janus-pannonius-grosspreis-ausgezeichnete-polnische-dichter-adam-zagajewski-stirbt","status":"publish","type":"post","link":"https:\/\/magyarpenclub.hu\/de\/2021\/03\/22\/der-mit-dem-janus-pannonius-grosspreis-ausgezeichnete-polnische-dichter-adam-zagajewski-stirbt\/","title":{"rendered":"Der mit dem Janus-Pannonius-Gro\u00dfpreis ausgezeichnete polnische Dichter Adam Zagajewski stirbt"},"content":{"rendered":"\t\t<div data-elementor-type=\"wp-post\" data-elementor-id=\"7119\" class=\"elementor elementor-7119 elementor-225\" data-elementor-post-type=\"post\">\n\t\t\t\t\t\t<section class=\"elementor-section elementor-top-section elementor-element elementor-element-02137d0 elementor-section-boxed elementor-section-height-default elementor-section-height-default\" data-id=\"02137d0\" data-element_type=\"section\" data-e-type=\"section\">\n\t\t\t\t\t\t<div class=\"elementor-container elementor-column-gap-wide\">\n\t\t\t\t\t<div class=\"elementor-column elementor-col-100 elementor-top-column elementor-element elementor-element-d1519bd\" data-id=\"d1519bd\" data-element_type=\"column\" data-e-type=\"column\">\n\t\t\t<div class=\"elementor-widget-wrap elementor-element-populated\">\n\t\t\t\t\t\t<div class=\"elementor-element elementor-element-816ab7d elementor-widget elementor-widget-text-editor\" data-id=\"816ab7d\" data-element_type=\"widget\" data-e-type=\"widget\" data-widget_type=\"text-editor.default\">\n\t\t\t\t<div class=\"elementor-widget-container\">\n\t\t\t\t\t\t\t\t\t<p>Adam Zagajewski wurde 1945 in Lemberg geboren, verbrachte seine Kindheit in Gleiwitz (Schlesien) und studierte Psychologie und Philosophie an der Jagiellonen-Universit\u00e4t in Krakau.<\/p>\n<p>Sein erster Gedichtband wurde 1968 ver\u00f6ffentlicht. Gemeinsam mit seinem Kollegen Julian Kornhauser (Schwiegervater des heutigen polnischen Pr\u00e4sidenten Andrzej Duda) entwickelte er das poetische Programm der polnischen Neuen Welle, das die stark metaphorische Poetik der polnischen Nachkriegsliteratur ablehnte und f\u00fcr die Darstellung und Kulturalisierung der Alltagswirklichkeit eintrat.<\/p>\n<p>Als Intellektueller, der der linken demokratischen Opposition nahestand, wurde er 1975 auf die Liste der verbotenen Autoren gesetzt, gab ab 1976 die unabh\u00e4ngige Zeitung Zapis heraus und emigrierte 1982 nach Paris, wo er Mitarbeiter der legend\u00e4ren polnischen Literaturzeitschriften Kultura und Zeszyty Literackie wurde.<\/p>\n<p>In seinen Werken w\u00e4hrend seiner Emigration lehnte er die Rolle des M\u00e4rtyrers und Propheten ab.<\/p>\n<p>Er kehrte 2002 nach Krakau zur\u00fcck und hat in den seither erschienenen B\u00e4nden eine intellektuelle Landkarte des mitteleurop\u00e4ischen K\u00fcnstlers gezeichnet, indem er \u00fcber die Orte seiner Kindheit und seine ideologischen Einfl\u00fcsse schrieb. Er versuchte auch, die Bedrohungen zu erkennen, die die Zivilisation f\u00fcr das geistige Leben darstellt. Seine Gedichte mit ihrem disziplinierten Stil und den schlichten Versen sind durchdrungen von Fragen nach der Verflechtung von Zeit, Geschichte und Unendlichkeit.<\/p>\n<p>Seit 1988 unterrichtet er kreatives Schreiben an der University of Houston und h\u00e4lt Vorlesungen an der University of Chicago. In den Vereinigten Staaten wurde die 2001. 11. September. Seine \u00dcbersetzung des Gedichts Try to Prise the Mutilated World, das erst nach den damaligen Terroranschl\u00e4gen im New Yorker ver\u00f6ffentlicht wurde, ist am bekanntesten geworden.<\/p>\n<p>In den letzten Jahren wurde er unter den f\u00fcr den Nobelpreis nominierten Dichtern genannt und hat mehrere Preise in Polen und im Ausland erhalten.<\/p>\n\t\t\t\t\t\t\t\t<\/div>\n\t\t\t\t<\/div>\n\t\t\t\t\t<\/div>\n\t\t<\/div>\n\t\t\t\t\t<\/div>\n\t\t<\/section>\n\t\t\t\t<section class=\"elementor-section elementor-top-section elementor-element elementor-element-fed0a33 elementor-section-boxed elementor-section-height-default elementor-section-height-default\" data-id=\"fed0a33\" data-element_type=\"section\" data-e-type=\"section\">\n\t\t\t\t\t\t<div class=\"elementor-container elementor-column-gap-wide\">\n\t\t\t\t\t<div class=\"elementor-column elementor-col-100 elementor-top-column elementor-element elementor-element-b61b732\" data-id=\"b61b732\" data-element_type=\"column\" data-e-type=\"column\">\n\t\t\t<div class=\"elementor-widget-wrap elementor-element-populated\">\n\t\t\t\t\t\t<section class=\"elementor-section elementor-inner-section elementor-element elementor-element-7c78630 elementor-section-boxed elementor-section-height-default elementor-section-height-default\" data-id=\"7c78630\" data-element_type=\"section\" data-e-type=\"section\">\n\t\t\t\t\t\t<div class=\"elementor-container elementor-column-gap-default\">\n\t\t\t\t\t<div class=\"elementor-column elementor-col-50 elementor-inner-column elementor-element elementor-element-7f6fd1d\" data-id=\"7f6fd1d\" data-element_type=\"column\" data-e-type=\"column\">\n\t\t\t<div class=\"elementor-widget-wrap elementor-element-populated\">\n\t\t\t\t\t\t<div class=\"elementor-element elementor-element-e3d7afb elementor-widget elementor-widget-image\" data-id=\"e3d7afb\" data-element_type=\"widget\" data-e-type=\"widget\" data-widget_type=\"image.default\">\n\t\t\t\t<div class=\"elementor-widget-container\">\n\t\t\t\t\t\t\t\t\t\t\t\t<figure class=\"wp-caption\">\n\t\t\t\t\t\t\t\t\t\t<img decoding=\"async\" width=\"767\" height=\"1024\" src=\"https:\/\/magyarpenclub.hu\/wp-content\/uploads\/2021\/03\/b_janpan_2016_070-767x1024.jpg\" class=\"attachment-large size-large wp-image-6458\" alt=\"\" srcset=\"https:\/\/magyarpenclub.hu\/wp-content\/uploads\/2021\/03\/b_janpan_2016_070-767x1024.jpg 767w, https:\/\/magyarpenclub.hu\/wp-content\/uploads\/2021\/03\/b_janpan_2016_070-225x300.jpg 225w, https:\/\/magyarpenclub.hu\/wp-content\/uploads\/2021\/03\/b_janpan_2016_070-768x1026.jpg 768w, https:\/\/magyarpenclub.hu\/wp-content\/uploads\/2021\/03\/b_janpan_2016_070.jpg 780w\" sizes=\"(max-width: 767px) 100vw, 767px\" \/>\t\t\t\t\t\t\t\t\t\t\t<figcaption class=\"widget-image-caption wp-caption-text\">Adam Zagajewski \u00e9s a Janus Pannonius-nagyd\u00edj. P\u00e9cs, 2016.<\/figcaption>\n\t\t\t\t\t\t\t\t\t\t<\/figure>\n\t\t\t\t\t\t\t\t\t<\/div>\n\t\t\t\t<\/div>\n\t\t\t\t\t<\/div>\n\t\t<\/div>\n\t\t\t\t<div class=\"elementor-column elementor-col-50 elementor-inner-column elementor-element elementor-element-0901041\" data-id=\"0901041\" data-element_type=\"column\" data-e-type=\"column\">\n\t\t\t<div class=\"elementor-widget-wrap elementor-element-populated\">\n\t\t\t\t\t\t<div class=\"elementor-element elementor-element-1925059 elementor-widget elementor-widget-image\" data-id=\"1925059\" data-element_type=\"widget\" data-e-type=\"widget\" data-widget_type=\"image.default\">\n\t\t\t\t<div class=\"elementor-widget-container\">\n\t\t\t\t\t\t\t\t\t\t\t\t<figure class=\"wp-caption\">\n\t\t\t\t\t\t\t\t\t\t<img decoding=\"async\" width=\"767\" height=\"1024\" src=\"https:\/\/magyarpenclub.hu\/wp-content\/uploads\/2021\/03\/adam-zagajewski-szocs-geza-767x1024.jpg\" class=\"attachment-large size-large wp-image-6461\" alt=\"\" srcset=\"https:\/\/magyarpenclub.hu\/wp-content\/uploads\/2021\/03\/adam-zagajewski-szocs-geza-767x1024.jpg 767w, https:\/\/magyarpenclub.hu\/wp-content\/uploads\/2021\/03\/adam-zagajewski-szocs-geza-800x1067.jpg 800w, https:\/\/magyarpenclub.hu\/wp-content\/uploads\/2021\/03\/adam-zagajewski-szocs-geza-1000x1336.jpg 1000w, https:\/\/magyarpenclub.hu\/wp-content\/uploads\/2021\/03\/adam-zagajewski-szocs-geza-225x300.jpg 225w, https:\/\/magyarpenclub.hu\/wp-content\/uploads\/2021\/03\/adam-zagajewski-szocs-geza-768x1026.jpg 768w, https:\/\/magyarpenclub.hu\/wp-content\/uploads\/2021\/03\/adam-zagajewski-szocs-geza-1150x1536.jpg 1150w, https:\/\/magyarpenclub.hu\/wp-content\/uploads\/2021\/03\/adam-zagajewski-szocs-geza-scaled.jpg 1533w\" sizes=\"(max-width: 767px) 100vw, 767px\" \/>\t\t\t\t\t\t\t\t\t\t\t<figcaption class=\"widget-image-caption wp-caption-text\">Adam Zagajewski \u00e1tveszi Sz\u0151cs G\u00e9za eln\u00f6kt\u0151l a Janus Pannonius-nagyd\u00edjat. P\u00e9cs, 2016.<\/figcaption>\n\t\t\t\t\t\t\t\t\t\t<\/figure>\n\t\t\t\t\t\t\t\t\t<\/div>\n\t\t\t\t<\/div>\n\t\t\t\t\t<\/div>\n\t\t<\/div>\n\t\t\t\t\t<\/div>\n\t\t<\/section>\n\t\t\t\t\t<\/div>\n\t\t<\/div>\n\t\t\t\t\t<\/div>\n\t\t<\/section>\n\t\t\t\t<section class=\"elementor-section elementor-top-section elementor-element elementor-element-4812fe1 elementor-section-boxed elementor-section-height-default elementor-section-height-default\" data-id=\"4812fe1\" data-element_type=\"section\" data-e-type=\"section\">\n\t\t\t\t\t\t<div class=\"elementor-container elementor-column-gap-wide\">\n\t\t\t\t\t<div class=\"elementor-column elementor-col-100 elementor-top-column elementor-element elementor-element-0f6ebdf\" data-id=\"0f6ebdf\" data-element_type=\"column\" data-e-type=\"column\">\n\t\t\t<div class=\"elementor-widget-wrap elementor-element-populated\">\n\t\t\t\t\t\t<div class=\"elementor-element elementor-element-c7a3087 elementor-widget elementor-widget-text-editor\" data-id=\"c7a3087\" data-element_type=\"widget\" data-e-type=\"widget\" data-widget_type=\"text-editor.default\">\n\t\t\t\t<div class=\"elementor-widget-container\">\n\t\t\t\t\t\t\t\t\t<p>Seine Werke wurden auch in ungarischer \u00dcbersetzung ver\u00f6ffentlicht, 2004 erschien der erste Zagajewski-Band in ungarischer Sprache mit 80 Gedichten, 2016 ver\u00f6ffentlichte der ungarische PEN-Club eine Auswahl von 100 Gedichten unter dem Titel Musik, die man mit dir h\u00f6rt&#8220;, und verlieh Zagajewski, der in der Begr\u00fcndung als eine der bedeutendsten poetischen Pers\u00f6nlichkeiten unserer Zeit&#8220; bezeichnet wurde, den Gro\u00dfen Janus-Pannonius-Preis f\u00fcr Poesie.<\/p>\n<p>In einem Twitter-Post bezeichnete Pr\u00e4sident Andrzej Duda den Tod von Adam Zagajewski als einen gro\u00dfen Verlust f\u00fcr die polnische Literatur.<\/p>\n<p>(helyorseg.ma)<\/p>\n\t\t\t\t\t\t\t\t<\/div>\n\t\t\t\t<\/div>\n\t\t\t\t\t<\/div>\n\t\t<\/div>\n\t\t\t\t\t<\/div>\n\t\t<\/section>\n\t\t\t\t<\/div>\n\t\t","protected":false},"excerpt":{"rendered":"<p>Der Dichter und Essayist Adam Zagajewski, der Sch\u00f6pfer der Polnischen Neuen Welle und Tr\u00e4ger des Gro\u00dfen Janus-Pannonius-Preises f\u00fcr Poesie 2016, ist am Sonntagabend im Alter von 75 Jahren in Krakau gestorben.<\/p>\n","protected":false},"author":1,"featured_media":6455,"comment_status":"open","ping_status":"open","sticky":false,"template":"","format":"standard","meta":{"_acf_changed":false,"footnotes":""},"categories":[170],"tags":[],"class_list":["post-7119","post","type-post","status-publish","format-standard","has-post-thumbnail","hentry","category-in-memoriam-de"],"acf":[],"yoast_head":"<!-- This site is optimized with the Yoast SEO plugin v27.5 - https:\/\/yoast.com\/product\/yoast-seo-wordpress\/ -->\n<title>Der mit dem Janus-Pannonius-Gro\u00dfpreis ausgezeichnete polnische Dichter Adam Zagajewski stirbt - Magyar PEN Club<\/title>\n<meta name=\"robots\" content=\"index, follow, max-snippet:-1, max-image-preview:large, max-video-preview:-1\" \/>\n<link rel=\"canonical\" href=\"https:\/\/magyarpenclub.hu\/de\/2021\/03\/22\/der-mit-dem-janus-pannonius-grosspreis-ausgezeichnete-polnische-dichter-adam-zagajewski-stirbt\/\" \/>\n<meta property=\"og:locale\" content=\"de_DE\" \/>\n<meta property=\"og:type\" content=\"article\" \/>\n<meta property=\"og:title\" content=\"Der mit dem Janus-Pannonius-Gro\u00dfpreis ausgezeichnete polnische Dichter Adam Zagajewski stirbt - Magyar PEN Club\" \/>\n<meta property=\"og:description\" content=\"Der Dichter und Essayist Adam Zagajewski, der Sch\u00f6pfer der Polnischen Neuen Welle und Tr\u00e4ger des Gro\u00dfen Janus-Pannonius-Preises f\u00fcr Poesie 2016, ist am Sonntagabend im Alter von 75 Jahren in Krakau gestorben.\" \/>\n<meta property=\"og:url\" content=\"https:\/\/magyarpenclub.hu\/de\/2021\/03\/22\/der-mit-dem-janus-pannonius-grosspreis-ausgezeichnete-polnische-dichter-adam-zagajewski-stirbt\/\" \/>\n<meta property=\"og:site_name\" content=\"Magyar PEN Club\" \/>\n<meta property=\"article:publisher\" content=\"https:\/\/www.facebook.com\/magyarpenclub\" \/>\n<meta property=\"article:published_time\" content=\"2021-03-22T05:59:00+00:00\" \/>\n<meta property=\"article:modified_time\" content=\"2023-11-02T09:53:23+00:00\" \/>\n<meta property=\"og:image\" content=\"https:\/\/magyarpenclub.hu\/wp-content\/uploads\/2021\/05\/adam-zagajewski2.jpg\" \/>\n\t<meta property=\"og:image:width\" content=\"1430\" \/>\n\t<meta property=\"og:image:height\" content=\"1094\" \/>\n\t<meta property=\"og:image:type\" content=\"image\/jpeg\" \/>\n<meta name=\"author\" content=\"admin\" \/>\n<meta name=\"twitter:card\" content=\"summary_large_image\" \/>\n<meta name=\"twitter:label1\" content=\"Verfasst von\" \/>\n\t<meta name=\"twitter:data1\" content=\"admin\" \/>\n\t<meta name=\"twitter:label2\" content=\"Gesch\u00e4tzte Lesezeit\" \/>\n\t<meta name=\"twitter:data2\" content=\"2\u00a0Minuten\" \/>\n<script type=\"application\/ld+json\" class=\"yoast-schema-graph\">{\"@context\":\"https:\\\/\\\/schema.org\",\"@graph\":[{\"@type\":\"Article\",\"@id\":\"https:\\\/\\\/magyarpenclub.hu\\\/de\\\/2021\\\/03\\\/22\\\/der-mit-dem-janus-pannonius-grosspreis-ausgezeichnete-polnische-dichter-adam-zagajewski-stirbt\\\/#article\",\"isPartOf\":{\"@id\":\"https:\\\/\\\/magyarpenclub.hu\\\/de\\\/2021\\\/03\\\/22\\\/der-mit-dem-janus-pannonius-grosspreis-ausgezeichnete-polnische-dichter-adam-zagajewski-stirbt\\\/\"},\"author\":{\"name\":\"admin\",\"@id\":\"https:\\\/\\\/magyarpenclub.hu\\\/de\\\/#\\\/schema\\\/person\\\/9d0e9bdcfa14a17e3af44ee46f4f047e\"},\"headline\":\"Der mit dem Janus-Pannonius-Gro\u00dfpreis ausgezeichnete polnische Dichter Adam Zagajewski stirbt\",\"datePublished\":\"2021-03-22T05:59:00+00:00\",\"dateModified\":\"2023-11-02T09:53:23+00:00\",\"mainEntityOfPage\":{\"@id\":\"https:\\\/\\\/magyarpenclub.hu\\\/de\\\/2021\\\/03\\\/22\\\/der-mit-dem-janus-pannonius-grosspreis-ausgezeichnete-polnische-dichter-adam-zagajewski-stirbt\\\/\"},\"wordCount\":406,\"commentCount\":0,\"publisher\":{\"@id\":\"https:\\\/\\\/magyarpenclub.hu\\\/de\\\/#organization\"},\"image\":{\"@id\":\"https:\\\/\\\/magyarpenclub.hu\\\/de\\\/2021\\\/03\\\/22\\\/der-mit-dem-janus-pannonius-grosspreis-ausgezeichnete-polnische-dichter-adam-zagajewski-stirbt\\\/#primaryimage\"},\"thumbnailUrl\":\"https:\\\/\\\/magyarpenclub.hu\\\/wp-content\\\/uploads\\\/2021\\\/05\\\/adam-zagajewski2.jpg\",\"articleSection\":[\"In memoriam\"],\"inLanguage\":\"de\",\"potentialAction\":[{\"@type\":\"CommentAction\",\"name\":\"Comment\",\"target\":[\"https:\\\/\\\/magyarpenclub.hu\\\/de\\\/2021\\\/03\\\/22\\\/der-mit-dem-janus-pannonius-grosspreis-ausgezeichnete-polnische-dichter-adam-zagajewski-stirbt\\\/#respond\"]}]},{\"@type\":\"WebPage\",\"@id\":\"https:\\\/\\\/magyarpenclub.hu\\\/de\\\/2021\\\/03\\\/22\\\/der-mit-dem-janus-pannonius-grosspreis-ausgezeichnete-polnische-dichter-adam-zagajewski-stirbt\\\/\",\"url\":\"https:\\\/\\\/magyarpenclub.hu\\\/de\\\/2021\\\/03\\\/22\\\/der-mit-dem-janus-pannonius-grosspreis-ausgezeichnete-polnische-dichter-adam-zagajewski-stirbt\\\/\",\"name\":\"Der mit dem Janus-Pannonius-Gro\u00dfpreis ausgezeichnete polnische Dichter Adam Zagajewski stirbt - Magyar PEN Club\",\"isPartOf\":{\"@id\":\"https:\\\/\\\/magyarpenclub.hu\\\/de\\\/#website\"},\"primaryImageOfPage\":{\"@id\":\"https:\\\/\\\/magyarpenclub.hu\\\/de\\\/2021\\\/03\\\/22\\\/der-mit-dem-janus-pannonius-grosspreis-ausgezeichnete-polnische-dichter-adam-zagajewski-stirbt\\\/#primaryimage\"},\"image\":{\"@id\":\"https:\\\/\\\/magyarpenclub.hu\\\/de\\\/2021\\\/03\\\/22\\\/der-mit-dem-janus-pannonius-grosspreis-ausgezeichnete-polnische-dichter-adam-zagajewski-stirbt\\\/#primaryimage\"},\"thumbnailUrl\":\"https:\\\/\\\/magyarpenclub.hu\\\/wp-content\\\/uploads\\\/2021\\\/05\\\/adam-zagajewski2.jpg\",\"datePublished\":\"2021-03-22T05:59:00+00:00\",\"dateModified\":\"2023-11-02T09:53:23+00:00\",\"breadcrumb\":{\"@id\":\"https:\\\/\\\/magyarpenclub.hu\\\/de\\\/2021\\\/03\\\/22\\\/der-mit-dem-janus-pannonius-grosspreis-ausgezeichnete-polnische-dichter-adam-zagajewski-stirbt\\\/#breadcrumb\"},\"inLanguage\":\"de\",\"potentialAction\":[{\"@type\":\"ReadAction\",\"target\":[\"https:\\\/\\\/magyarpenclub.hu\\\/de\\\/2021\\\/03\\\/22\\\/der-mit-dem-janus-pannonius-grosspreis-ausgezeichnete-polnische-dichter-adam-zagajewski-stirbt\\\/\"]}]},{\"@type\":\"ImageObject\",\"inLanguage\":\"de\",\"@id\":\"https:\\\/\\\/magyarpenclub.hu\\\/de\\\/2021\\\/03\\\/22\\\/der-mit-dem-janus-pannonius-grosspreis-ausgezeichnete-polnische-dichter-adam-zagajewski-stirbt\\\/#primaryimage\",\"url\":\"https:\\\/\\\/magyarpenclub.hu\\\/wp-content\\\/uploads\\\/2021\\\/05\\\/adam-zagajewski2.jpg\",\"contentUrl\":\"https:\\\/\\\/magyarpenclub.hu\\\/wp-content\\\/uploads\\\/2021\\\/05\\\/adam-zagajewski2.jpg\",\"width\":1430,\"height\":1094,\"caption\":\"Adam Zagajewski\"},{\"@type\":\"BreadcrumbList\",\"@id\":\"https:\\\/\\\/magyarpenclub.hu\\\/de\\\/2021\\\/03\\\/22\\\/der-mit-dem-janus-pannonius-grosspreis-ausgezeichnete-polnische-dichter-adam-zagajewski-stirbt\\\/#breadcrumb\",\"itemListElement\":[{\"@type\":\"ListItem\",\"position\":1,\"name\":\"Kezd\u0151lap\",\"item\":\"https:\\\/\\\/magyarpenclub.hu\\\/de\\\/\"},{\"@type\":\"ListItem\",\"position\":2,\"name\":\"Der mit dem Janus-Pannonius-Gro\u00dfpreis ausgezeichnete polnische Dichter Adam Zagajewski stirbt\"}]},{\"@type\":\"WebSite\",\"@id\":\"https:\\\/\\\/magyarpenclub.hu\\\/de\\\/#website\",\"url\":\"https:\\\/\\\/magyarpenclub.hu\\\/de\\\/\",\"name\":\"Magyar PEN Club\",\"description\":\"H\u00edrek, k\u00f6zlem\u00e9nyek, \u00edr\u00e1sok\",\"publisher\":{\"@id\":\"https:\\\/\\\/magyarpenclub.hu\\\/de\\\/#organization\"},\"potentialAction\":[{\"@type\":\"SearchAction\",\"target\":{\"@type\":\"EntryPoint\",\"urlTemplate\":\"https:\\\/\\\/magyarpenclub.hu\\\/de\\\/?s={search_term_string}\"},\"query-input\":{\"@type\":\"PropertyValueSpecification\",\"valueRequired\":true,\"valueName\":\"search_term_string\"}}],\"inLanguage\":\"de\"},{\"@type\":\"Organization\",\"@id\":\"https:\\\/\\\/magyarpenclub.hu\\\/de\\\/#organization\",\"name\":\"Magyar P.E.N. Club\",\"url\":\"https:\\\/\\\/magyarpenclub.hu\\\/de\\\/\",\"logo\":{\"@type\":\"ImageObject\",\"inLanguage\":\"de\",\"@id\":\"https:\\\/\\\/magyarpenclub.hu\\\/de\\\/#\\\/schema\\\/logo\\\/image\\\/\",\"url\":\"https:\\\/\\\/magyarpenclub.hu\\\/wp-content\\\/uploads\\\/2022\\\/08\\\/magyar-pen-club-logo.png\",\"contentUrl\":\"https:\\\/\\\/magyarpenclub.hu\\\/wp-content\\\/uploads\\\/2022\\\/08\\\/magyar-pen-club-logo.png\",\"width\":195,\"height\":195,\"caption\":\"Magyar P.E.N. Club\"},\"image\":{\"@id\":\"https:\\\/\\\/magyarpenclub.hu\\\/de\\\/#\\\/schema\\\/logo\\\/image\\\/\"},\"sameAs\":[\"https:\\\/\\\/www.facebook.com\\\/magyarpenclub\",\"https:\\\/\\\/www.youtube.com\\\/channel\\\/UC8bw1YALHZZJCJ-7bqvlR6Q\"]},{\"@type\":\"Person\",\"@id\":\"https:\\\/\\\/magyarpenclub.hu\\\/de\\\/#\\\/schema\\\/person\\\/9d0e9bdcfa14a17e3af44ee46f4f047e\",\"name\":\"admin\",\"image\":{\"@type\":\"ImageObject\",\"inLanguage\":\"de\",\"@id\":\"https:\\\/\\\/secure.gravatar.com\\\/avatar\\\/56608a5ae1d60c555b558b0cda110391ad52d81e37b79808b2f59eaf60ba9e43?s=96&d=mm&r=g\",\"url\":\"https:\\\/\\\/secure.gravatar.com\\\/avatar\\\/56608a5ae1d60c555b558b0cda110391ad52d81e37b79808b2f59eaf60ba9e43?s=96&d=mm&r=g\",\"contentUrl\":\"https:\\\/\\\/secure.gravatar.com\\\/avatar\\\/56608a5ae1d60c555b558b0cda110391ad52d81e37b79808b2f59eaf60ba9e43?s=96&d=mm&r=g\",\"caption\":\"admin\"},\"sameAs\":[\"https:\\\/\\\/magyarpenclub.hu\"],\"url\":\"https:\\\/\\\/magyarpenclub.hu\\\/de\\\/author\\\/admin\\\/\"}]}<\/script>\n<!-- \/ Yoast SEO plugin. -->","yoast_head_json":{"title":"Der mit dem Janus-Pannonius-Gro\u00dfpreis ausgezeichnete polnische Dichter Adam Zagajewski stirbt - Magyar PEN Club","robots":{"index":"index","follow":"follow","max-snippet":"max-snippet:-1","max-image-preview":"max-image-preview:large","max-video-preview":"max-video-preview:-1"},"canonical":"https:\/\/magyarpenclub.hu\/de\/2021\/03\/22\/der-mit-dem-janus-pannonius-grosspreis-ausgezeichnete-polnische-dichter-adam-zagajewski-stirbt\/","og_locale":"de_DE","og_type":"article","og_title":"Der mit dem Janus-Pannonius-Gro\u00dfpreis ausgezeichnete polnische Dichter Adam Zagajewski stirbt - Magyar PEN Club","og_description":"Der Dichter und Essayist Adam Zagajewski, der Sch\u00f6pfer der Polnischen Neuen Welle und Tr\u00e4ger des Gro\u00dfen Janus-Pannonius-Preises f\u00fcr Poesie 2016, ist am Sonntagabend im Alter von 75 Jahren in Krakau gestorben.","og_url":"https:\/\/magyarpenclub.hu\/de\/2021\/03\/22\/der-mit-dem-janus-pannonius-grosspreis-ausgezeichnete-polnische-dichter-adam-zagajewski-stirbt\/","og_site_name":"Magyar PEN Club","article_publisher":"https:\/\/www.facebook.com\/magyarpenclub","article_published_time":"2021-03-22T05:59:00+00:00","article_modified_time":"2023-11-02T09:53:23+00:00","og_image":[{"width":1430,"height":1094,"url":"https:\/\/magyarpenclub.hu\/wp-content\/uploads\/2021\/05\/adam-zagajewski2.jpg","type":"image\/jpeg"}],"author":"admin","twitter_card":"summary_large_image","twitter_misc":{"Verfasst von":"admin","Gesch\u00e4tzte Lesezeit":"2\u00a0Minuten"},"schema":{"@context":"https:\/\/schema.org","@graph":[{"@type":"Article","@id":"https:\/\/magyarpenclub.hu\/de\/2021\/03\/22\/der-mit-dem-janus-pannonius-grosspreis-ausgezeichnete-polnische-dichter-adam-zagajewski-stirbt\/#article","isPartOf":{"@id":"https:\/\/magyarpenclub.hu\/de\/2021\/03\/22\/der-mit-dem-janus-pannonius-grosspreis-ausgezeichnete-polnische-dichter-adam-zagajewski-stirbt\/"},"author":{"name":"admin","@id":"https:\/\/magyarpenclub.hu\/de\/#\/schema\/person\/9d0e9bdcfa14a17e3af44ee46f4f047e"},"headline":"Der mit dem Janus-Pannonius-Gro\u00dfpreis ausgezeichnete polnische Dichter Adam Zagajewski stirbt","datePublished":"2021-03-22T05:59:00+00:00","dateModified":"2023-11-02T09:53:23+00:00","mainEntityOfPage":{"@id":"https:\/\/magyarpenclub.hu\/de\/2021\/03\/22\/der-mit-dem-janus-pannonius-grosspreis-ausgezeichnete-polnische-dichter-adam-zagajewski-stirbt\/"},"wordCount":406,"commentCount":0,"publisher":{"@id":"https:\/\/magyarpenclub.hu\/de\/#organization"},"image":{"@id":"https:\/\/magyarpenclub.hu\/de\/2021\/03\/22\/der-mit-dem-janus-pannonius-grosspreis-ausgezeichnete-polnische-dichter-adam-zagajewski-stirbt\/#primaryimage"},"thumbnailUrl":"https:\/\/magyarpenclub.hu\/wp-content\/uploads\/2021\/05\/adam-zagajewski2.jpg","articleSection":["In memoriam"],"inLanguage":"de","potentialAction":[{"@type":"CommentAction","name":"Comment","target":["https:\/\/magyarpenclub.hu\/de\/2021\/03\/22\/der-mit-dem-janus-pannonius-grosspreis-ausgezeichnete-polnische-dichter-adam-zagajewski-stirbt\/#respond"]}]},{"@type":"WebPage","@id":"https:\/\/magyarpenclub.hu\/de\/2021\/03\/22\/der-mit-dem-janus-pannonius-grosspreis-ausgezeichnete-polnische-dichter-adam-zagajewski-stirbt\/","url":"https:\/\/magyarpenclub.hu\/de\/2021\/03\/22\/der-mit-dem-janus-pannonius-grosspreis-ausgezeichnete-polnische-dichter-adam-zagajewski-stirbt\/","name":"Der mit dem Janus-Pannonius-Gro\u00dfpreis ausgezeichnete polnische Dichter Adam Zagajewski stirbt - Magyar PEN Club","isPartOf":{"@id":"https:\/\/magyarpenclub.hu\/de\/#website"},"primaryImageOfPage":{"@id":"https:\/\/magyarpenclub.hu\/de\/2021\/03\/22\/der-mit-dem-janus-pannonius-grosspreis-ausgezeichnete-polnische-dichter-adam-zagajewski-stirbt\/#primaryimage"},"image":{"@id":"https:\/\/magyarpenclub.hu\/de\/2021\/03\/22\/der-mit-dem-janus-pannonius-grosspreis-ausgezeichnete-polnische-dichter-adam-zagajewski-stirbt\/#primaryimage"},"thumbnailUrl":"https:\/\/magyarpenclub.hu\/wp-content\/uploads\/2021\/05\/adam-zagajewski2.jpg","datePublished":"2021-03-22T05:59:00+00:00","dateModified":"2023-11-02T09:53:23+00:00","breadcrumb":{"@id":"https:\/\/magyarpenclub.hu\/de\/2021\/03\/22\/der-mit-dem-janus-pannonius-grosspreis-ausgezeichnete-polnische-dichter-adam-zagajewski-stirbt\/#breadcrumb"},"inLanguage":"de","potentialAction":[{"@type":"ReadAction","target":["https:\/\/magyarpenclub.hu\/de\/2021\/03\/22\/der-mit-dem-janus-pannonius-grosspreis-ausgezeichnete-polnische-dichter-adam-zagajewski-stirbt\/"]}]},{"@type":"ImageObject","inLanguage":"de","@id":"https:\/\/magyarpenclub.hu\/de\/2021\/03\/22\/der-mit-dem-janus-pannonius-grosspreis-ausgezeichnete-polnische-dichter-adam-zagajewski-stirbt\/#primaryimage","url":"https:\/\/magyarpenclub.hu\/wp-content\/uploads\/2021\/05\/adam-zagajewski2.jpg","contentUrl":"https:\/\/magyarpenclub.hu\/wp-content\/uploads\/2021\/05\/adam-zagajewski2.jpg","width":1430,"height":1094,"caption":"Adam Zagajewski"},{"@type":"BreadcrumbList","@id":"https:\/\/magyarpenclub.hu\/de\/2021\/03\/22\/der-mit-dem-janus-pannonius-grosspreis-ausgezeichnete-polnische-dichter-adam-zagajewski-stirbt\/#breadcrumb","itemListElement":[{"@type":"ListItem","position":1,"name":"Kezd\u0151lap","item":"https:\/\/magyarpenclub.hu\/de\/"},{"@type":"ListItem","position":2,"name":"Der mit dem Janus-Pannonius-Gro\u00dfpreis ausgezeichnete polnische Dichter Adam Zagajewski stirbt"}]},{"@type":"WebSite","@id":"https:\/\/magyarpenclub.hu\/de\/#website","url":"https:\/\/magyarpenclub.hu\/de\/","name":"Magyar PEN Club","description":"H\u00edrek, k\u00f6zlem\u00e9nyek, \u00edr\u00e1sok","publisher":{"@id":"https:\/\/magyarpenclub.hu\/de\/#organization"},"potentialAction":[{"@type":"SearchAction","target":{"@type":"EntryPoint","urlTemplate":"https:\/\/magyarpenclub.hu\/de\/?s={search_term_string}"},"query-input":{"@type":"PropertyValueSpecification","valueRequired":true,"valueName":"search_term_string"}}],"inLanguage":"de"},{"@type":"Organization","@id":"https:\/\/magyarpenclub.hu\/de\/#organization","name":"Magyar P.E.N. Club","url":"https:\/\/magyarpenclub.hu\/de\/","logo":{"@type":"ImageObject","inLanguage":"de","@id":"https:\/\/magyarpenclub.hu\/de\/#\/schema\/logo\/image\/","url":"https:\/\/magyarpenclub.hu\/wp-content\/uploads\/2022\/08\/magyar-pen-club-logo.png","contentUrl":"https:\/\/magyarpenclub.hu\/wp-content\/uploads\/2022\/08\/magyar-pen-club-logo.png","width":195,"height":195,"caption":"Magyar P.E.N. Club"},"image":{"@id":"https:\/\/magyarpenclub.hu\/de\/#\/schema\/logo\/image\/"},"sameAs":["https:\/\/www.facebook.com\/magyarpenclub","https:\/\/www.youtube.com\/channel\/UC8bw1YALHZZJCJ-7bqvlR6Q"]},{"@type":"Person","@id":"https:\/\/magyarpenclub.hu\/de\/#\/schema\/person\/9d0e9bdcfa14a17e3af44ee46f4f047e","name":"admin","image":{"@type":"ImageObject","inLanguage":"de","@id":"https:\/\/secure.gravatar.com\/avatar\/56608a5ae1d60c555b558b0cda110391ad52d81e37b79808b2f59eaf60ba9e43?s=96&d=mm&r=g","url":"https:\/\/secure.gravatar.com\/avatar\/56608a5ae1d60c555b558b0cda110391ad52d81e37b79808b2f59eaf60ba9e43?s=96&d=mm&r=g","contentUrl":"https:\/\/secure.gravatar.com\/avatar\/56608a5ae1d60c555b558b0cda110391ad52d81e37b79808b2f59eaf60ba9e43?s=96&d=mm&r=g","caption":"admin"},"sameAs":["https:\/\/magyarpenclub.hu"],"url":"https:\/\/magyarpenclub.hu\/de\/author\/admin\/"}]}},"_links":{"self":[{"href":"https:\/\/magyarpenclub.hu\/de\/wp-json\/wp\/v2\/posts\/7119","targetHints":{"allow":["GET"]}}],"collection":[{"href":"https:\/\/magyarpenclub.hu\/de\/wp-json\/wp\/v2\/posts"}],"about":[{"href":"https:\/\/magyarpenclub.hu\/de\/wp-json\/wp\/v2\/types\/post"}],"author":[{"embeddable":true,"href":"https:\/\/magyarpenclub.hu\/de\/wp-json\/wp\/v2\/users\/1"}],"replies":[{"embeddable":true,"href":"https:\/\/magyarpenclub.hu\/de\/wp-json\/wp\/v2\/comments?post=7119"}],"version-history":[{"count":0,"href":"https:\/\/magyarpenclub.hu\/de\/wp-json\/wp\/v2\/posts\/7119\/revisions"}],"wp:featuredmedia":[{"embeddable":true,"href":"https:\/\/magyarpenclub.hu\/de\/wp-json\/wp\/v2\/media\/6455"}],"wp:attachment":[{"href":"https:\/\/magyarpenclub.hu\/de\/wp-json\/wp\/v2\/media?parent=7119"}],"wp:term":[{"taxonomy":"category","embeddable":true,"href":"https:\/\/magyarpenclub.hu\/de\/wp-json\/wp\/v2\/categories?post=7119"},{"taxonomy":"post_tag","embeddable":true,"href":"https:\/\/magyarpenclub.hu\/de\/wp-json\/wp\/v2\/tags?post=7119"}],"curies":[{"name":"wp","href":"https:\/\/api.w.org\/{rel}","templated":true}]}}