{"id":7155,"date":"2020-10-28T07:15:00","date_gmt":"2020-10-28T07:15:00","guid":{"rendered":"https:\/\/magyarpenclub.hu\/2020\/10\/28\/zum-gedenken-an-janos-benyhe\/"},"modified":"2023-11-02T09:53:41","modified_gmt":"2023-11-02T09:53:41","slug":"zum-gedenken-an-janos-benyhe","status":"publish","type":"post","link":"https:\/\/magyarpenclub.hu\/de\/2020\/10\/28\/zum-gedenken-an-janos-benyhe\/","title":{"rendered":"Zum Gedenken an J\u00e1nos Benyhe"},"content":{"rendered":"\t\t<div data-elementor-type=\"wp-post\" data-elementor-id=\"7155\" class=\"elementor elementor-7155 elementor-3848\" data-elementor-post-type=\"post\">\n\t\t\t\t\t\t<section class=\"elementor-section elementor-top-section elementor-element elementor-element-02137d0 elementor-section-boxed elementor-section-height-default elementor-section-height-default\" data-id=\"02137d0\" data-element_type=\"section\" data-e-type=\"section\">\n\t\t\t\t\t\t<div class=\"elementor-container elementor-column-gap-wide\">\n\t\t\t\t\t<div class=\"elementor-column elementor-col-100 elementor-top-column elementor-element elementor-element-d1519bd\" data-id=\"d1519bd\" data-element_type=\"column\" data-e-type=\"column\">\n\t\t\t<div class=\"elementor-widget-wrap elementor-element-populated\">\n\t\t\t\t\t\t<div class=\"elementor-element elementor-element-816ab7d elementor-widget elementor-widget-text-editor\" data-id=\"816ab7d\" data-element_type=\"widget\" data-e-type=\"widget\" data-widget_type=\"text-editor.default\">\n\t\t\t\t<div class=\"elementor-widget-container\">\n\t\t\t\t\t\t\t\t\t<h4>Vor der Gedenktafel f\u00fcr J\u00e1nos Benyhe<\/h4>\n<p>J\u00e1nos Benyhe ist vor allem den Lesern der Heti V\u00e1lasz c. in Erinnerung geblieben. wird in der Rubrik Rauchen des Magazins erinnert. Noch weniger Menschen wussten, dass diese gro\u00dfartigen kleinen Brieftaschen \u00fcber den Gebrauch unserer Muttersprache die Frucht eines langen Lebens als Sprachlehrer waren. Mein Vater, J\u00e1nos Benyhe 1926. wurde am 8. November in H\u00f3dmez\u0151v\u00e1s\u00e1rhely geboren. Seine arme, aber kulturell aufgeschlossene Familie ermutigte ihren Sohn J\u00e1nos nicht zum Studium, aber da sie seinen Eifer sah, unterst\u00fctzten sie ihn in jeder Hinsicht. Als er sich f\u00fcr Musik interessierte, durfte er in der reformierten Kirche bereitwillig das Orgelspiel erlernen und lernte die S\u00e4tze des Kantors. Im Alter von f\u00fcnf Jahren lernte er seine erste Fremdsprache von der Tochter eines bulgarischen B\u00e4ckers. Er war kaum in der Schule, als er sich ein Leben lang den Sprachen und sp\u00e4ter der Musik verschrieb.<\/p>\n<p><span style=\"color: var(--the7-base-color); letter-spacing: var(--the7-base-letter-spacing); text-transform: var(--the7-base-text-transform); word-spacing: normal;\">Aufgrund seiner hervorragenden Abiturleistungen und der Empfehlung seiner Lehrer kam er auf das renommierte E\u00f6tv\u00f6s College, wo er im Hauptfach Englisch-Franz\u00f6sisch unterrichtet wurde und sich an der Musikhochschule einschrieb. Als es ihm unm\u00f6glich wurde, zu studieren, wurde er von der Hochschule verwiesen und musste die Musikakademie verlassen. Er konnte jedoch sein Studium abschlie\u00dfen und fand, da er fast alle wichtigen lebenden europ\u00e4ischen Sprachen auf gutem Niveau beherrschte, bald seine erste Anstellung als Redakteur beim Europa-Verlag. Es war auch der Beginn seiner Karriere als \u00dcbersetzer und Herausgeber.<\/span><\/p>\n<p><span style=\"color: var(--the7-base-color); letter-spacing: var(--the7-base-letter-spacing); text-transform: var(--the7-base-text-transform); word-spacing: normal;\">Seit Jahrzehnten tr\u00e4gt er dazu bei, die Gr\u00f6\u00dfen der europ\u00e4ischen Literatur f\u00fcr ein nationales Publikum zu interpretieren, und hat unter den Besten ausgezeichnete Freunde gefunden. Istv\u00e1n Kormos, M\u00e1ty\u00e1s Domokos, Zolt\u00e1n Zelk, L\u00e1szl\u00f3 Lator, Istv\u00e1n Vas, P\u00e1l R\u00e9z, Istv\u00e1n Csurka, Tam\u00e1s Katona, Ferenc Sz\u0151nyi und viele andere standen ihm nahe. Im Alter von fast sechzig Jahren trat er in den Corvina-Verlag ein, wo er Chefredakteur war und dazu beitrug, ungarische Werke in Fremdsprachen zu ver\u00f6ffentlichen.<\/span><\/p>\n<p><span style=\"color: var(--the7-base-color); letter-spacing: var(--the7-base-letter-spacing); text-transform: var(--the7-base-text-transform); word-spacing: normal;\">Seine Vielseitigkeit, seine ausgezeichneten Kenntnisse von etwa zehn europ\u00e4ischen Sprachen und seine erstaunliche Belesenheit, seine musikalische Bildung und seine beruflichen Kontakte erregten auch die Aufmerksamkeit der ungarischen Kulturpolitik. Die erste ungarische Regierung nach dem Fall des Kommunismus hielt ihn f\u00fcr die beste Person, um Ungarn als Botschafter in Brasilien, dem gr\u00f6\u00dften Land S\u00fcdamerikas, zu vertreten, dessen Literatur er gut kannte und ein bekannter \u00dcbersetzer mehrerer brasilianischer Werke war.<\/span><\/p>\n<p><span style=\"color: var(--the7-base-color); letter-spacing: var(--the7-base-letter-spacing); text-transform: var(--the7-base-text-transform); word-spacing: normal;\">Schon am E\u00f6tv\u00f6s College fiel ihm auf, dass Sch\u00fcler aus verschiedenen Teilen des Landes nicht nur unterschiedlich sprechen, unterschiedliche Akzente, Betonungen und Dialekte verwenden, sondern auch unterschiedliche Denkweisen in S\u00e4tzen haben. In seinen Gedanken und \u00dcbersetzungen ging er der Frage nach, warum ein und dieselbe Muttersprache auf den Lippen der verschiedenen ungarischen Kulturen unterschiedlich klingt. Und wenn es anders klingt, was ist der Grund daf\u00fcr? Warum geben ihm die S\u00e4tze des einen Autors ein Gef\u00fchl von Sicherheit, Stabilit\u00e4t und Heimat, w\u00e4hrend die Texte der anderen ihn verunsichern, manchmal unverst\u00e4ndlich, manchmal ungeduldig machen? Er war bereits ein bekannter Literatur\u00fcbersetzer, als er auf das Buch von J\u00e1nos Fogarasi \u00fcber die Metaphysik der ungarischen Sprache, \u00fcber den Geist der ungarischen Sprache stie\u00df. Zusammen mit dem W\u00f6rterbuch von Fogaras und Gergel Czuczor waren diese Werke der Schl\u00fcssel zu einer sch\u00f6nen und ausdrucksvollen ungarischen Sprache und einem korrekten ungarischen Satzbau. So verstand er, wie unsere nicht-indoeurop\u00e4ische Sprache selbst die anspruchsvollsten S\u00e4tze der europ\u00e4ischen Kultursprachen perfekt wiedergeben kann. Die ungarische Version von Cervantes&#8216; Don Quijote, eines der gr\u00f6\u00dften literarischen \u00dcbersetzungswerke, ist ein Meisterwerk seiner Ideen zur Satzbildung im Ungarischen, eine Art literarische Ars poetica. Seine \u00dcbersetzungen, Artikel und Studien haben uns ermutigt und geholfen, die ungarische Sprache zu verwenden, die sch\u00f6n ist und sprachlich zu unseren Eigenheiten passt. Heutzutage ist die Bildung der Haupttr\u00e4ger der famili\u00e4ren und religi\u00f6sen Wertevermittlung, und John Benyhe stellte mit Bedauern fest, dass auch der wichtigste Tr\u00e4ger der Bildung, die Lehrerausbildung, unsicher geworden ist und sich kaum noch um die Sicherheit der Sprache k\u00fcmmert, und dass das Lesen, die Gutenberg-Galaxis, immer weniger Einfluss auf die neuen Generationen hat. Er hat ernsthafte Debatten mit den unkritischen Toleratoren und Anpassern der sprachlichen Moderne gef\u00fchrt, die ungeachtet der Struktur unserer Sprache nicht nur die W\u00f6rter und Ausdr\u00fccke fremder Sprachen, sondern auch deren strukturelle L\u00f6sungen und Denkmuster zulassen. Er nannte sie  <\/span><em style=\"color: var(--the7-base-color); letter-spacing: var(--the7-base-letter-spacing); text-transform: var(--the7-base-text-transform); word-spacing: normal;\">f\u00fcr Sprachwissenschaftler<\/em><span style=\"color: var(--the7-base-color); letter-spacing: var(--the7-base-letter-spacing); text-transform: var(--the7-base-text-transform); word-spacing: normal;\">die lediglich die Etablierung und Alphabetisierung der dem Ungarischen fremden Sprachmoden registrieren und anerkennen. Au\u00dferhalb seiner Werke fasste er seine linguistischen Erkenntnisse in seinen nachhaltigsten Schriften, Dohogo, zusammen. Die bis zu seinem Tod in Heti V\u00e1lasz ver\u00f6ffentlichte Serie von Brieftaschen wurde in drei Sammelb\u00e4nden ver\u00f6ffentlicht (der letzte posthum) und kann als J\u00e1nos Benyhes letzter Wille und Testament betrachtet werden.<\/span><\/p>\n<p>Die Furcht vor der Muttersprache und die Erkenntnis der nationalit\u00e4tserhaltenden Kraft der pr\u00e4gnanten, knappen ungarischen Sprachstruktur lie\u00dfen ihn bald von der Vorstellung einer ausschlie\u00dflichen finno-ugrischen Sprachverwandtschaft abr\u00fccken, und er f\u00fchrte die beispiellose Anpassungsf\u00e4higkeit und die unverw\u00fcstlichen strukturellen Grundlagen unserer Sprache zunehmend auf die strukturellen Einfl\u00fcsse asiatischer, altaisch-t\u00fcrkischer Sprachen zur\u00fcck. Dies f\u00fchrte dazu, dass er sich f\u00fcr die Muttersprache einsetzte, weshalb er ein Amt in der \u00dcbersetzerabteilung des Schriftstellerverbandes \u00fcbernahm und nach dem Ende seines Botschaftermandats das Amt des Generalsekret\u00e4rs des ungarischen PEN-Clubs annahm.<\/p>\n<p><span style=\"color: var(--the7-base-color); letter-spacing: var(--the7-base-letter-spacing); text-transform: var(--the7-base-text-transform); word-spacing: normal;\">J\u00e1nos Benyhe hat eine gro\u00dfe Karriere vom Ende von Tarj\u00e1n in H\u00f3dmez\u0151v\u00e1s\u00e1rhely bis zu den H\u00f6hepunkten der ungarischen und europ\u00e4ischen Kultur hinter sich. Er entging den politischen Umw\u00e4lzungen dieser turbulenten und unruhigen Zeiten, indem er sicherstellte, dass sein Wissen und seine Erfahrung nicht weggenommen werden konnten, dass er nicht enteignet werden konnte und dass er gebraucht wurde. Der Parteienstaat verzieh ihm daher, dass er als armes Kind nicht in seine Reihen oder in eine andere politische Organisation eingetreten war. Er war einer der wenigen Menschen, die ihren Lebensunterhalt nahezu unbeeinflusst von der Politik verdienen konnten. Er hat nie die N\u00e4he zu politischen Parteien gesucht. Nach seiner R\u00fcckkehr aus Brasilien stellte er mit Bedauern fest, dass fr\u00fchere Freundschaften durch Politik und Parteisympathien vergiftet worden waren. Er blieb ein Liebhaber der Muttersprache, ein engagiertes Mitglied der ungarischen Sprach- und Nationalgemeinschaft und damit ein international bekannter Vertreter der ungarischen Unabh\u00e4ngigkeit und nationalen Souver\u00e4nit\u00e4t. Als Generalsekret\u00e4rin des PEN-Clubs und im Namen der \u00dcbersetzerabteilung des Schriftstellerverbandes, 2010. besuchte am 23. Oktober den Sitz des Schriftstellerverbandes, um einen Kranz niederzulegen. Er starb auf dem Weg. Der Sch\u00f6pfer gab ihm die M\u00f6glichkeit, so zu fallen, dass am 56. Jahrestag der ungarischen Revolution sein Leichnam mit blutiger Stirn in den Stra\u00dfen von Pest zu sehen war, um mit seinem eigenen Beispiel zu zeigen: Wir werden das Ungarische bis zur letzten Minute verteidigen, denn uns ist keine andere Sprache, kein anderes Leben, kein anderes Schicksal gegeben.<\/span><\/p>\n<\/p>\n<p><em>Istv\u00e1n Benyhe<\/em><\/p>\n\t\t\t\t\t\t\t\t<\/div>\n\t\t\t\t<\/div>\n\t\t\t\t\t<\/div>\n\t\t<\/div>\n\t\t\t\t\t<\/div>\n\t\t<\/section>\n\t\t\t\t<\/div>\n\t\t","protected":false},"excerpt":{"rendered":"<p>Eine Marmortafel wurde vom ungarischen PEN-Club aufgestellt. Das Denkmal wurde am 23. Oktober in Budapest eingeweiht. Im Folgenden finden Sie eine Laudatio des Sprachjournalisten und literarischen \u00dcbersetzers, die von seinem Sohn, dem Dichter Istv\u00e1n Benyhe, an der Gedenktafel verlesen wurde.<\/p>\n","protected":false},"author":1,"featured_media":6482,"comment_status":"open","ping_status":"open","sticky":false,"template":"","format":"standard","meta":{"_acf_changed":false,"footnotes":""},"categories":[170],"tags":[],"class_list":["post-7155","post","type-post","status-publish","format-standard","has-post-thumbnail","hentry","category-in-memoriam-de"],"acf":[],"yoast_head":"<!-- This site is optimized with the Yoast SEO plugin v27.5 - https:\/\/yoast.com\/product\/yoast-seo-wordpress\/ -->\n<title>Zum Gedenken an J\u00e1nos Benyhe - Magyar PEN Club<\/title>\n<meta name=\"robots\" content=\"index, follow, max-snippet:-1, max-image-preview:large, max-video-preview:-1\" \/>\n<link rel=\"canonical\" href=\"https:\/\/magyarpenclub.hu\/de\/2020\/10\/28\/zum-gedenken-an-janos-benyhe\/\" \/>\n<meta property=\"og:locale\" content=\"de_DE\" \/>\n<meta property=\"og:type\" content=\"article\" \/>\n<meta property=\"og:title\" content=\"Zum Gedenken an J\u00e1nos Benyhe - Magyar PEN Club\" \/>\n<meta property=\"og:description\" content=\"Eine Marmortafel wurde vom ungarischen PEN-Club aufgestellt. Das Denkmal wurde am 23. Oktober in Budapest eingeweiht. Im Folgenden finden Sie eine Laudatio des Sprachjournalisten und literarischen \u00dcbersetzers, die von seinem Sohn, dem Dichter Istv\u00e1n Benyhe, an der Gedenktafel verlesen wurde.\" \/>\n<meta property=\"og:url\" content=\"https:\/\/magyarpenclub.hu\/de\/2020\/10\/28\/zum-gedenken-an-janos-benyhe\/\" \/>\n<meta property=\"og:site_name\" content=\"Magyar PEN Club\" \/>\n<meta property=\"article:publisher\" content=\"https:\/\/www.facebook.com\/magyarpenclub\" \/>\n<meta property=\"article:published_time\" content=\"2020-10-28T07:15:00+00:00\" \/>\n<meta property=\"article:modified_time\" content=\"2023-11-02T09:53:41+00:00\" \/>\n<meta property=\"og:image\" content=\"https:\/\/magyarpenclub.hu\/wp-content\/uploads\/2022\/05\/benyhe-janos.jpg\" \/>\n\t<meta property=\"og:image:width\" content=\"932\" \/>\n\t<meta property=\"og:image:height\" content=\"616\" \/>\n\t<meta property=\"og:image:type\" content=\"image\/jpeg\" \/>\n<meta name=\"author\" content=\"admin\" \/>\n<meta name=\"twitter:card\" content=\"summary_large_image\" \/>\n<meta name=\"twitter:label1\" content=\"Verfasst von\" \/>\n\t<meta name=\"twitter:data1\" content=\"admin\" \/>\n\t<meta name=\"twitter:label2\" content=\"Gesch\u00e4tzte Lesezeit\" \/>\n\t<meta name=\"twitter:data2\" content=\"6\u00a0Minuten\" \/>\n<script type=\"application\/ld+json\" class=\"yoast-schema-graph\">{\"@context\":\"https:\\\/\\\/schema.org\",\"@graph\":[{\"@type\":\"Article\",\"@id\":\"https:\\\/\\\/magyarpenclub.hu\\\/de\\\/2020\\\/10\\\/28\\\/zum-gedenken-an-janos-benyhe\\\/#article\",\"isPartOf\":{\"@id\":\"https:\\\/\\\/magyarpenclub.hu\\\/de\\\/2020\\\/10\\\/28\\\/zum-gedenken-an-janos-benyhe\\\/\"},\"author\":{\"name\":\"admin\",\"@id\":\"https:\\\/\\\/magyarpenclub.hu\\\/de\\\/#\\\/schema\\\/person\\\/9d0e9bdcfa14a17e3af44ee46f4f047e\"},\"headline\":\"Zum Gedenken an J\u00e1nos Benyhe\",\"datePublished\":\"2020-10-28T07:15:00+00:00\",\"dateModified\":\"2023-11-02T09:53:41+00:00\",\"mainEntityOfPage\":{\"@id\":\"https:\\\/\\\/magyarpenclub.hu\\\/de\\\/2020\\\/10\\\/28\\\/zum-gedenken-an-janos-benyhe\\\/\"},\"wordCount\":1174,\"commentCount\":0,\"publisher\":{\"@id\":\"https:\\\/\\\/magyarpenclub.hu\\\/de\\\/#organization\"},\"image\":{\"@id\":\"https:\\\/\\\/magyarpenclub.hu\\\/de\\\/2020\\\/10\\\/28\\\/zum-gedenken-an-janos-benyhe\\\/#primaryimage\"},\"thumbnailUrl\":\"https:\\\/\\\/magyarpenclub.hu\\\/wp-content\\\/uploads\\\/2022\\\/05\\\/benyhe-janos.jpg\",\"articleSection\":[\"In memoriam\"],\"inLanguage\":\"de\",\"potentialAction\":[{\"@type\":\"CommentAction\",\"name\":\"Comment\",\"target\":[\"https:\\\/\\\/magyarpenclub.hu\\\/de\\\/2020\\\/10\\\/28\\\/zum-gedenken-an-janos-benyhe\\\/#respond\"]}]},{\"@type\":\"WebPage\",\"@id\":\"https:\\\/\\\/magyarpenclub.hu\\\/de\\\/2020\\\/10\\\/28\\\/zum-gedenken-an-janos-benyhe\\\/\",\"url\":\"https:\\\/\\\/magyarpenclub.hu\\\/de\\\/2020\\\/10\\\/28\\\/zum-gedenken-an-janos-benyhe\\\/\",\"name\":\"Zum Gedenken an J\u00e1nos Benyhe - Magyar PEN Club\",\"isPartOf\":{\"@id\":\"https:\\\/\\\/magyarpenclub.hu\\\/de\\\/#website\"},\"primaryImageOfPage\":{\"@id\":\"https:\\\/\\\/magyarpenclub.hu\\\/de\\\/2020\\\/10\\\/28\\\/zum-gedenken-an-janos-benyhe\\\/#primaryimage\"},\"image\":{\"@id\":\"https:\\\/\\\/magyarpenclub.hu\\\/de\\\/2020\\\/10\\\/28\\\/zum-gedenken-an-janos-benyhe\\\/#primaryimage\"},\"thumbnailUrl\":\"https:\\\/\\\/magyarpenclub.hu\\\/wp-content\\\/uploads\\\/2022\\\/05\\\/benyhe-janos.jpg\",\"datePublished\":\"2020-10-28T07:15:00+00:00\",\"dateModified\":\"2023-11-02T09:53:41+00:00\",\"breadcrumb\":{\"@id\":\"https:\\\/\\\/magyarpenclub.hu\\\/de\\\/2020\\\/10\\\/28\\\/zum-gedenken-an-janos-benyhe\\\/#breadcrumb\"},\"inLanguage\":\"de\",\"potentialAction\":[{\"@type\":\"ReadAction\",\"target\":[\"https:\\\/\\\/magyarpenclub.hu\\\/de\\\/2020\\\/10\\\/28\\\/zum-gedenken-an-janos-benyhe\\\/\"]}]},{\"@type\":\"ImageObject\",\"inLanguage\":\"de\",\"@id\":\"https:\\\/\\\/magyarpenclub.hu\\\/de\\\/2020\\\/10\\\/28\\\/zum-gedenken-an-janos-benyhe\\\/#primaryimage\",\"url\":\"https:\\\/\\\/magyarpenclub.hu\\\/wp-content\\\/uploads\\\/2022\\\/05\\\/benyhe-janos.jpg\",\"contentUrl\":\"https:\\\/\\\/magyarpenclub.hu\\\/wp-content\\\/uploads\\\/2022\\\/05\\\/benyhe-janos.jpg\",\"width\":932,\"height\":616,\"caption\":\"Benyhe J\u00e1nos\"},{\"@type\":\"BreadcrumbList\",\"@id\":\"https:\\\/\\\/magyarpenclub.hu\\\/de\\\/2020\\\/10\\\/28\\\/zum-gedenken-an-janos-benyhe\\\/#breadcrumb\",\"itemListElement\":[{\"@type\":\"ListItem\",\"position\":1,\"name\":\"Kezd\u0151lap\",\"item\":\"https:\\\/\\\/magyarpenclub.hu\\\/de\\\/\"},{\"@type\":\"ListItem\",\"position\":2,\"name\":\"Zum Gedenken an J\u00e1nos Benyhe\"}]},{\"@type\":\"WebSite\",\"@id\":\"https:\\\/\\\/magyarpenclub.hu\\\/de\\\/#website\",\"url\":\"https:\\\/\\\/magyarpenclub.hu\\\/de\\\/\",\"name\":\"Magyar PEN Club\",\"description\":\"H\u00edrek, k\u00f6zlem\u00e9nyek, \u00edr\u00e1sok\",\"publisher\":{\"@id\":\"https:\\\/\\\/magyarpenclub.hu\\\/de\\\/#organization\"},\"potentialAction\":[{\"@type\":\"SearchAction\",\"target\":{\"@type\":\"EntryPoint\",\"urlTemplate\":\"https:\\\/\\\/magyarpenclub.hu\\\/de\\\/?s={search_term_string}\"},\"query-input\":{\"@type\":\"PropertyValueSpecification\",\"valueRequired\":true,\"valueName\":\"search_term_string\"}}],\"inLanguage\":\"de\"},{\"@type\":\"Organization\",\"@id\":\"https:\\\/\\\/magyarpenclub.hu\\\/de\\\/#organization\",\"name\":\"Magyar P.E.N. Club\",\"url\":\"https:\\\/\\\/magyarpenclub.hu\\\/de\\\/\",\"logo\":{\"@type\":\"ImageObject\",\"inLanguage\":\"de\",\"@id\":\"https:\\\/\\\/magyarpenclub.hu\\\/de\\\/#\\\/schema\\\/logo\\\/image\\\/\",\"url\":\"https:\\\/\\\/magyarpenclub.hu\\\/wp-content\\\/uploads\\\/2022\\\/08\\\/magyar-pen-club-logo.png\",\"contentUrl\":\"https:\\\/\\\/magyarpenclub.hu\\\/wp-content\\\/uploads\\\/2022\\\/08\\\/magyar-pen-club-logo.png\",\"width\":195,\"height\":195,\"caption\":\"Magyar P.E.N. Club\"},\"image\":{\"@id\":\"https:\\\/\\\/magyarpenclub.hu\\\/de\\\/#\\\/schema\\\/logo\\\/image\\\/\"},\"sameAs\":[\"https:\\\/\\\/www.facebook.com\\\/magyarpenclub\",\"https:\\\/\\\/www.youtube.com\\\/channel\\\/UC8bw1YALHZZJCJ-7bqvlR6Q\"]},{\"@type\":\"Person\",\"@id\":\"https:\\\/\\\/magyarpenclub.hu\\\/de\\\/#\\\/schema\\\/person\\\/9d0e9bdcfa14a17e3af44ee46f4f047e\",\"name\":\"admin\",\"image\":{\"@type\":\"ImageObject\",\"inLanguage\":\"de\",\"@id\":\"https:\\\/\\\/secure.gravatar.com\\\/avatar\\\/56608a5ae1d60c555b558b0cda110391ad52d81e37b79808b2f59eaf60ba9e43?s=96&d=mm&r=g\",\"url\":\"https:\\\/\\\/secure.gravatar.com\\\/avatar\\\/56608a5ae1d60c555b558b0cda110391ad52d81e37b79808b2f59eaf60ba9e43?s=96&d=mm&r=g\",\"contentUrl\":\"https:\\\/\\\/secure.gravatar.com\\\/avatar\\\/56608a5ae1d60c555b558b0cda110391ad52d81e37b79808b2f59eaf60ba9e43?s=96&d=mm&r=g\",\"caption\":\"admin\"},\"sameAs\":[\"https:\\\/\\\/magyarpenclub.hu\"],\"url\":\"https:\\\/\\\/magyarpenclub.hu\\\/de\\\/author\\\/admin\\\/\"}]}<\/script>\n<!-- \/ Yoast SEO plugin. -->","yoast_head_json":{"title":"Zum Gedenken an J\u00e1nos Benyhe - Magyar PEN Club","robots":{"index":"index","follow":"follow","max-snippet":"max-snippet:-1","max-image-preview":"max-image-preview:large","max-video-preview":"max-video-preview:-1"},"canonical":"https:\/\/magyarpenclub.hu\/de\/2020\/10\/28\/zum-gedenken-an-janos-benyhe\/","og_locale":"de_DE","og_type":"article","og_title":"Zum Gedenken an J\u00e1nos Benyhe - Magyar PEN Club","og_description":"Eine Marmortafel wurde vom ungarischen PEN-Club aufgestellt. Das Denkmal wurde am 23. Oktober in Budapest eingeweiht. Im Folgenden finden Sie eine Laudatio des Sprachjournalisten und literarischen \u00dcbersetzers, die von seinem Sohn, dem Dichter Istv\u00e1n Benyhe, an der Gedenktafel verlesen wurde.","og_url":"https:\/\/magyarpenclub.hu\/de\/2020\/10\/28\/zum-gedenken-an-janos-benyhe\/","og_site_name":"Magyar PEN Club","article_publisher":"https:\/\/www.facebook.com\/magyarpenclub","article_published_time":"2020-10-28T07:15:00+00:00","article_modified_time":"2023-11-02T09:53:41+00:00","og_image":[{"width":932,"height":616,"url":"https:\/\/magyarpenclub.hu\/wp-content\/uploads\/2022\/05\/benyhe-janos.jpg","type":"image\/jpeg"}],"author":"admin","twitter_card":"summary_large_image","twitter_misc":{"Verfasst von":"admin","Gesch\u00e4tzte Lesezeit":"6\u00a0Minuten"},"schema":{"@context":"https:\/\/schema.org","@graph":[{"@type":"Article","@id":"https:\/\/magyarpenclub.hu\/de\/2020\/10\/28\/zum-gedenken-an-janos-benyhe\/#article","isPartOf":{"@id":"https:\/\/magyarpenclub.hu\/de\/2020\/10\/28\/zum-gedenken-an-janos-benyhe\/"},"author":{"name":"admin","@id":"https:\/\/magyarpenclub.hu\/de\/#\/schema\/person\/9d0e9bdcfa14a17e3af44ee46f4f047e"},"headline":"Zum Gedenken an J\u00e1nos Benyhe","datePublished":"2020-10-28T07:15:00+00:00","dateModified":"2023-11-02T09:53:41+00:00","mainEntityOfPage":{"@id":"https:\/\/magyarpenclub.hu\/de\/2020\/10\/28\/zum-gedenken-an-janos-benyhe\/"},"wordCount":1174,"commentCount":0,"publisher":{"@id":"https:\/\/magyarpenclub.hu\/de\/#organization"},"image":{"@id":"https:\/\/magyarpenclub.hu\/de\/2020\/10\/28\/zum-gedenken-an-janos-benyhe\/#primaryimage"},"thumbnailUrl":"https:\/\/magyarpenclub.hu\/wp-content\/uploads\/2022\/05\/benyhe-janos.jpg","articleSection":["In memoriam"],"inLanguage":"de","potentialAction":[{"@type":"CommentAction","name":"Comment","target":["https:\/\/magyarpenclub.hu\/de\/2020\/10\/28\/zum-gedenken-an-janos-benyhe\/#respond"]}]},{"@type":"WebPage","@id":"https:\/\/magyarpenclub.hu\/de\/2020\/10\/28\/zum-gedenken-an-janos-benyhe\/","url":"https:\/\/magyarpenclub.hu\/de\/2020\/10\/28\/zum-gedenken-an-janos-benyhe\/","name":"Zum Gedenken an J\u00e1nos Benyhe - Magyar PEN Club","isPartOf":{"@id":"https:\/\/magyarpenclub.hu\/de\/#website"},"primaryImageOfPage":{"@id":"https:\/\/magyarpenclub.hu\/de\/2020\/10\/28\/zum-gedenken-an-janos-benyhe\/#primaryimage"},"image":{"@id":"https:\/\/magyarpenclub.hu\/de\/2020\/10\/28\/zum-gedenken-an-janos-benyhe\/#primaryimage"},"thumbnailUrl":"https:\/\/magyarpenclub.hu\/wp-content\/uploads\/2022\/05\/benyhe-janos.jpg","datePublished":"2020-10-28T07:15:00+00:00","dateModified":"2023-11-02T09:53:41+00:00","breadcrumb":{"@id":"https:\/\/magyarpenclub.hu\/de\/2020\/10\/28\/zum-gedenken-an-janos-benyhe\/#breadcrumb"},"inLanguage":"de","potentialAction":[{"@type":"ReadAction","target":["https:\/\/magyarpenclub.hu\/de\/2020\/10\/28\/zum-gedenken-an-janos-benyhe\/"]}]},{"@type":"ImageObject","inLanguage":"de","@id":"https:\/\/magyarpenclub.hu\/de\/2020\/10\/28\/zum-gedenken-an-janos-benyhe\/#primaryimage","url":"https:\/\/magyarpenclub.hu\/wp-content\/uploads\/2022\/05\/benyhe-janos.jpg","contentUrl":"https:\/\/magyarpenclub.hu\/wp-content\/uploads\/2022\/05\/benyhe-janos.jpg","width":932,"height":616,"caption":"Benyhe J\u00e1nos"},{"@type":"BreadcrumbList","@id":"https:\/\/magyarpenclub.hu\/de\/2020\/10\/28\/zum-gedenken-an-janos-benyhe\/#breadcrumb","itemListElement":[{"@type":"ListItem","position":1,"name":"Kezd\u0151lap","item":"https:\/\/magyarpenclub.hu\/de\/"},{"@type":"ListItem","position":2,"name":"Zum Gedenken an J\u00e1nos Benyhe"}]},{"@type":"WebSite","@id":"https:\/\/magyarpenclub.hu\/de\/#website","url":"https:\/\/magyarpenclub.hu\/de\/","name":"Magyar PEN Club","description":"H\u00edrek, k\u00f6zlem\u00e9nyek, \u00edr\u00e1sok","publisher":{"@id":"https:\/\/magyarpenclub.hu\/de\/#organization"},"potentialAction":[{"@type":"SearchAction","target":{"@type":"EntryPoint","urlTemplate":"https:\/\/magyarpenclub.hu\/de\/?s={search_term_string}"},"query-input":{"@type":"PropertyValueSpecification","valueRequired":true,"valueName":"search_term_string"}}],"inLanguage":"de"},{"@type":"Organization","@id":"https:\/\/magyarpenclub.hu\/de\/#organization","name":"Magyar P.E.N. Club","url":"https:\/\/magyarpenclub.hu\/de\/","logo":{"@type":"ImageObject","inLanguage":"de","@id":"https:\/\/magyarpenclub.hu\/de\/#\/schema\/logo\/image\/","url":"https:\/\/magyarpenclub.hu\/wp-content\/uploads\/2022\/08\/magyar-pen-club-logo.png","contentUrl":"https:\/\/magyarpenclub.hu\/wp-content\/uploads\/2022\/08\/magyar-pen-club-logo.png","width":195,"height":195,"caption":"Magyar P.E.N. Club"},"image":{"@id":"https:\/\/magyarpenclub.hu\/de\/#\/schema\/logo\/image\/"},"sameAs":["https:\/\/www.facebook.com\/magyarpenclub","https:\/\/www.youtube.com\/channel\/UC8bw1YALHZZJCJ-7bqvlR6Q"]},{"@type":"Person","@id":"https:\/\/magyarpenclub.hu\/de\/#\/schema\/person\/9d0e9bdcfa14a17e3af44ee46f4f047e","name":"admin","image":{"@type":"ImageObject","inLanguage":"de","@id":"https:\/\/secure.gravatar.com\/avatar\/56608a5ae1d60c555b558b0cda110391ad52d81e37b79808b2f59eaf60ba9e43?s=96&d=mm&r=g","url":"https:\/\/secure.gravatar.com\/avatar\/56608a5ae1d60c555b558b0cda110391ad52d81e37b79808b2f59eaf60ba9e43?s=96&d=mm&r=g","contentUrl":"https:\/\/secure.gravatar.com\/avatar\/56608a5ae1d60c555b558b0cda110391ad52d81e37b79808b2f59eaf60ba9e43?s=96&d=mm&r=g","caption":"admin"},"sameAs":["https:\/\/magyarpenclub.hu"],"url":"https:\/\/magyarpenclub.hu\/de\/author\/admin\/"}]}},"_links":{"self":[{"href":"https:\/\/magyarpenclub.hu\/de\/wp-json\/wp\/v2\/posts\/7155","targetHints":{"allow":["GET"]}}],"collection":[{"href":"https:\/\/magyarpenclub.hu\/de\/wp-json\/wp\/v2\/posts"}],"about":[{"href":"https:\/\/magyarpenclub.hu\/de\/wp-json\/wp\/v2\/types\/post"}],"author":[{"embeddable":true,"href":"https:\/\/magyarpenclub.hu\/de\/wp-json\/wp\/v2\/users\/1"}],"replies":[{"embeddable":true,"href":"https:\/\/magyarpenclub.hu\/de\/wp-json\/wp\/v2\/comments?post=7155"}],"version-history":[{"count":0,"href":"https:\/\/magyarpenclub.hu\/de\/wp-json\/wp\/v2\/posts\/7155\/revisions"}],"wp:featuredmedia":[{"embeddable":true,"href":"https:\/\/magyarpenclub.hu\/de\/wp-json\/wp\/v2\/media\/6482"}],"wp:attachment":[{"href":"https:\/\/magyarpenclub.hu\/de\/wp-json\/wp\/v2\/media?parent=7155"}],"wp:term":[{"taxonomy":"category","embeddable":true,"href":"https:\/\/magyarpenclub.hu\/de\/wp-json\/wp\/v2\/categories?post=7155"},{"taxonomy":"post_tag","embeddable":true,"href":"https:\/\/magyarpenclub.hu\/de\/wp-json\/wp\/v2\/tags?post=7155"}],"curies":[{"name":"wp","href":"https:\/\/api.w.org\/{rel}","templated":true}]}}