{"id":7165,"date":"2022-04-03T16:38:00","date_gmt":"2022-04-03T16:38:00","guid":{"rendered":"https:\/\/magyarpenclub.hu\/2022\/04\/03\/gabor-goergey-ist-verstorben\/"},"modified":"2023-11-02T09:53:40","modified_gmt":"2023-11-02T09:53:40","slug":"gabor-goergey-ist-verstorben","status":"publish","type":"post","link":"https:\/\/magyarpenclub.hu\/de\/2022\/04\/03\/gabor-goergey-ist-verstorben\/","title":{"rendered":"G\u00e1bor G\u00f6rgey ist verstorben"},"content":{"rendered":"\t\t<div data-elementor-type=\"wp-post\" data-elementor-id=\"7165\" class=\"elementor elementor-7165 elementor-378\" data-elementor-post-type=\"post\">\n\t\t\t\t\t\t<section class=\"elementor-section elementor-top-section elementor-element elementor-element-c350e4f elementor-section-boxed elementor-section-height-default elementor-section-height-default\" data-id=\"c350e4f\" data-element_type=\"section\" data-e-type=\"section\">\n\t\t\t\t\t\t<div class=\"elementor-container elementor-column-gap-default\">\n\t\t\t\t\t<div class=\"elementor-column elementor-col-100 elementor-top-column elementor-element elementor-element-54982c5\" data-id=\"54982c5\" data-element_type=\"column\" data-e-type=\"column\">\n\t\t\t<div class=\"elementor-widget-wrap elementor-element-populated\">\n\t\t\t\t\t\t<div class=\"elementor-element elementor-element-44d3a7b elementor-widget elementor-widget-spacer\" data-id=\"44d3a7b\" data-element_type=\"widget\" data-e-type=\"widget\" data-widget_type=\"spacer.default\">\n\t\t\t\t<div class=\"elementor-widget-container\">\n\t\t\t\t\t\t\t<div class=\"elementor-spacer\">\n\t\t\t<div class=\"elementor-spacer-inner\"><\/div>\n\t\t<\/div>\n\t\t\t\t\t\t<\/div>\n\t\t\t\t<\/div>\n\t\t\t\t\t<\/div>\n\t\t<\/div>\n\t\t\t\t\t<\/div>\n\t\t<\/section>\n\t\t\t\t<section class=\"elementor-section elementor-top-section elementor-element elementor-element-d62a0d5 elementor-section-boxed elementor-section-height-default elementor-section-height-default\" data-id=\"d62a0d5\" data-element_type=\"section\" data-e-type=\"section\">\n\t\t\t\t\t\t<div class=\"elementor-container elementor-column-gap-default\">\n\t\t\t\t\t<div class=\"elementor-column elementor-col-66 elementor-top-column elementor-element elementor-element-6690b77\" data-id=\"6690b77\" data-element_type=\"column\" data-e-type=\"column\">\n\t\t\t<div class=\"elementor-widget-wrap elementor-element-populated\">\n\t\t\t\t\t\t<div class=\"elementor-element elementor-element-80381f2 elementor-widget elementor-widget-heading\" data-id=\"80381f2\" data-element_type=\"widget\" data-e-type=\"widget\" data-widget_type=\"heading.default\">\n\t\t\t\t<div class=\"elementor-widget-container\">\n\t\t\t\t\t<h3 class=\"elementor-heading-title elementor-size-default\">\"...im fr\u00fchen Morgengrauen, wie es sich f\u00fcr den Tag der Poesie geh\u00f6rt, war Athur verschwunden...\"<\/h3>\t\t\t\t<\/div>\n\t\t\t\t<\/div>\n\t\t\t\t<div class=\"elementor-element elementor-element-aaa302e elementor-widget elementor-widget-spacer\" data-id=\"aaa302e\" data-element_type=\"widget\" data-e-type=\"widget\" data-widget_type=\"spacer.default\">\n\t\t\t\t<div class=\"elementor-widget-container\">\n\t\t\t\t\t\t\t<div class=\"elementor-spacer\">\n\t\t\t<div class=\"elementor-spacer-inner\"><\/div>\n\t\t<\/div>\n\t\t\t\t\t\t<\/div>\n\t\t\t\t<\/div>\n\t\t\t\t<div class=\"elementor-element elementor-element-fea2577 elementor-widget elementor-widget-text-editor\" data-id=\"fea2577\" data-element_type=\"widget\" data-e-type=\"widget\" data-widget_type=\"text-editor.default\">\n\t\t\t\t<div class=\"elementor-widget-container\">\n\t\t\t\t\t\t\t\t\t<p style=\"text-align: justify;\">Heute Morgen, um 7.34 Uhr, erhielt ich diese SMS. Dann, so dachte ich, k\u00f6nnte er wieder am Tisch von Istv\u00e1n Vas sitzen, neben Ferenc Juh\u00e1sz und Istv\u00e1n Kormos, wie ich sie im Fr\u00fchjahr 1960 zum ersten Mal zusammen gesehen habe. Aber w\u00e4re es nicht <em>stilvoll <\/em>gewesen, am Geburtstag von Attila J\u00f3zsef, G\u00e1bor G\u00f6rgey (urspr\u00fcnglicher Name und Arthur f\u00fcr seine Freunde), Kossuth, Attila J\u00f3zsef und Prima Primissima Award-gekr\u00f6nter Dichter, Schriftsteller, Dramatiker, Ehrenpr\u00e4sident des ungarischen PEN-Clubs, 93. Jahr steht er auf einem Podium und tr\u00e4gt sein Gedicht <em>&#8222;Eskimo Summer&#8220;<\/em> vor? Ein Gedicht, das den &#8222;einmin\u00fctigen&#8220; Glanz des Oktobers 1956 genau so beschreibt, wie der junge Student, der 1951 wegen seiner Herkunft (Neffe von General Arthur G\u00f6rgey) deportiert wurde, diesen &#8222;Sommer&#8220; nach der Revolution sehns\u00fcchtig erlebte:<\/p>\n<\/p>\n<blockquote>\n<p><em>Sie sollen dreihundertvierundsechzig Tage schauen<\/em><\/p>\n<p><em>die schimmernde Opalkugel am Himmel,<\/em><\/p>\n<p><em>Vorfreude auf einen knochenwarmen Sommer<\/em><\/p>\n<p><em>zitternd im Scho\u00df der Eish\u00fctte,  <\/em><\/p>\n<\/p>\n<p><em>und pl\u00f6tzlich ist sie da, durchbricht uns<\/em><\/p>\n<p><em>ein Sonnenstrahl an der Eiswand des Himmels.  <\/em><\/p>\n<p><em>Es dauert eine Minute. Und wir freuen uns \u00fcber den Winter:<\/em><\/p>\n<p><em>&#8222;Was f\u00fcr ein Sommer! Oh, was f\u00fcr ein Sommer!&#8220;<\/em><\/p>\n<\/blockquote>\n<p>Lebe wohl, Bruder, mein Freund!<\/p>\n<p>Zolt\u00e1n Sumonyi<\/p>\n<p>Ehrenpr\u00e4sident des ungarischen PEN-Clubs<\/p>\n\t\t\t\t\t\t\t\t<\/div>\n\t\t\t\t<\/div>\n\t\t\t\t\t<\/div>\n\t\t<\/div>\n\t\t\t\t<div class=\"elementor-column elementor-col-33 elementor-top-column elementor-element elementor-element-5065b7c\" data-id=\"5065b7c\" data-element_type=\"column\" data-e-type=\"column\">\n\t\t\t<div class=\"elementor-widget-wrap elementor-element-populated\">\n\t\t\t\t\t\t<div class=\"elementor-element elementor-element-78e7e1e elementor-widget elementor-widget-image\" data-id=\"78e7e1e\" data-element_type=\"widget\" data-e-type=\"widget\" data-widget_type=\"image.default\">\n\t\t\t\t<div class=\"elementor-widget-container\">\n\t\t\t\t\t\t\t\t\t\t\t\t\t\t\t<img decoding=\"async\" width=\"800\" height=\"450\" src=\"https:\/\/magyarpenclub.hu\/wp-content\/uploads\/2022\/04\/gorgei-gabor-fortepan-01-1024x576.jpg\" class=\"attachment-large size-large wp-image-6434\" alt=\"\" srcset=\"https:\/\/magyarpenclub.hu\/wp-content\/uploads\/2022\/04\/gorgei-gabor-fortepan-01-1024x576.jpg 1024w, https:\/\/magyarpenclub.hu\/wp-content\/uploads\/2022\/04\/gorgei-gabor-fortepan-01-1000x563.jpg 1000w, https:\/\/magyarpenclub.hu\/wp-content\/uploads\/2022\/04\/gorgei-gabor-fortepan-01-300x169.jpg 300w, https:\/\/magyarpenclub.hu\/wp-content\/uploads\/2022\/04\/gorgei-gabor-fortepan-01-768x432.jpg 768w, https:\/\/magyarpenclub.hu\/wp-content\/uploads\/2022\/04\/gorgei-gabor-fortepan-01-1536x864.jpg 1536w, https:\/\/magyarpenclub.hu\/wp-content\/uploads\/2022\/04\/gorgei-gabor-fortepan-01.jpg 1920w\" sizes=\"(max-width: 800px) 100vw, 800px\" \/>\t\t\t\t\t\t\t\t\t\t\t\t\t\t\t<\/div>\n\t\t\t\t<\/div>\n\t\t\t\t<div class=\"elementor-element elementor-element-3a47707 elementor-widget__width-initial elementor-widget elementor-widget-image\" data-id=\"3a47707\" data-element_type=\"widget\" data-e-type=\"widget\" data-widget_type=\"image.default\">\n\t\t\t\t<div class=\"elementor-widget-container\">\n\t\t\t\t\t\t\t\t\t\t\t\t\t\t\t<img decoding=\"async\" width=\"538\" height=\"768\" src=\"https:\/\/magyarpenclub.hu\/wp-content\/uploads\/2022\/04\/gorgey-gabor-02.jpg\" class=\"attachment-large size-large wp-image-6437\" alt=\"\" srcset=\"https:\/\/magyarpenclub.hu\/wp-content\/uploads\/2022\/04\/gorgey-gabor-02.jpg 538w, https:\/\/magyarpenclub.hu\/wp-content\/uploads\/2022\/04\/gorgey-gabor-02-210x300.jpg 210w\" sizes=\"(max-width: 538px) 100vw, 538px\" \/>\t\t\t\t\t\t\t\t\t\t\t\t\t\t\t<\/div>\n\t\t\t\t<\/div>\n\t\t\t\t<div class=\"elementor-element elementor-element-3a7af05 elementor-widget__width-initial elementor-widget elementor-widget-image\" data-id=\"3a7af05\" data-element_type=\"widget\" data-e-type=\"widget\" data-widget_type=\"image.default\">\n\t\t\t\t<div class=\"elementor-widget-container\">\n\t\t\t\t\t\t\t\t\t\t\t\t\t\t\t<img decoding=\"async\" width=\"800\" height=\"838\" src=\"https:\/\/magyarpenclub.hu\/wp-content\/uploads\/2022\/04\/gorgey-gabor-ij-977x1024.jpg\" class=\"attachment-large size-large wp-image-6440\" alt=\"\" srcset=\"https:\/\/magyarpenclub.hu\/wp-content\/uploads\/2022\/04\/gorgey-gabor-ij-977x1024.jpg 977w, https:\/\/magyarpenclub.hu\/wp-content\/uploads\/2022\/04\/gorgey-gabor-ij-1000x1048.jpg 1000w, https:\/\/magyarpenclub.hu\/wp-content\/uploads\/2022\/04\/gorgey-gabor-ij-286x300.jpg 286w, https:\/\/magyarpenclub.hu\/wp-content\/uploads\/2022\/04\/gorgey-gabor-ij-768x805.jpg 768w, https:\/\/magyarpenclub.hu\/wp-content\/uploads\/2022\/04\/gorgey-gabor-ij-1465x1536.jpg 1465w, https:\/\/magyarpenclub.hu\/wp-content\/uploads\/2022\/04\/gorgey-gabor-ij.jpg 1736w\" sizes=\"(max-width: 800px) 100vw, 800px\" \/>\t\t\t\t\t\t\t\t\t\t\t\t\t\t\t<\/div>\n\t\t\t\t<\/div>\n\t\t\t\t\t<\/div>\n\t\t<\/div>\n\t\t\t\t\t<\/div>\n\t\t<\/section>\n\t\t\t\t<\/div>\n\t\t","protected":false},"excerpt":{"rendered":"<p>Heute Morgen, um 7.34 Uhr, erhielt ich diese SMS. Dann, so dachte ich, k\u00f6nnte er wieder am Tisch von Istv\u00e1n Vas sitzen, neben Ferenc Juh\u00e1sz und Istv\u00e1n Kormos, wie ich sie im Fr\u00fchjahr 1960 zum ersten Mal zusammen gesehen habe.<\/p>\n","protected":false},"author":1,"featured_media":6431,"comment_status":"open","ping_status":"open","sticky":false,"template":"","format":"standard","meta":{"_acf_changed":false,"footnotes":""},"categories":[170],"tags":[],"class_list":["post-7165","post","type-post","status-publish","format-standard","has-post-thumbnail","hentry","category-in-memoriam-de"],"acf":[],"yoast_head":"<!-- This site is optimized with the Yoast SEO plugin v27.5 - https:\/\/yoast.com\/product\/yoast-seo-wordpress\/ -->\n<title>G\u00e1bor G\u00f6rgey ist verstorben - Magyar PEN Club<\/title>\n<meta name=\"robots\" content=\"index, follow, max-snippet:-1, max-image-preview:large, max-video-preview:-1\" \/>\n<link rel=\"canonical\" href=\"https:\/\/magyarpenclub.hu\/de\/2022\/04\/03\/gabor-goergey-ist-verstorben\/\" \/>\n<meta property=\"og:locale\" content=\"de_DE\" \/>\n<meta property=\"og:type\" content=\"article\" \/>\n<meta property=\"og:title\" content=\"G\u00e1bor G\u00f6rgey ist verstorben - Magyar PEN Club\" \/>\n<meta property=\"og:description\" content=\"Heute Morgen, um 7.34 Uhr, erhielt ich diese SMS. Dann, so dachte ich, k\u00f6nnte er wieder am Tisch von Istv\u00e1n Vas sitzen, neben Ferenc Juh\u00e1sz und Istv\u00e1n Kormos, wie ich sie im Fr\u00fchjahr 1960 zum ersten Mal zusammen gesehen habe.\" \/>\n<meta property=\"og:url\" content=\"https:\/\/magyarpenclub.hu\/de\/2022\/04\/03\/gabor-goergey-ist-verstorben\/\" \/>\n<meta property=\"og:site_name\" content=\"Magyar PEN Club\" \/>\n<meta property=\"article:publisher\" content=\"https:\/\/www.facebook.com\/magyarpenclub\" \/>\n<meta property=\"article:published_time\" content=\"2022-04-03T16:38:00+00:00\" \/>\n<meta property=\"article:modified_time\" content=\"2023-11-02T09:53:40+00:00\" \/>\n<meta property=\"og:image\" content=\"https:\/\/magyarpenclub.hu\/wp-content\/uploads\/2021\/05\/gorgey-gabor-ff.jpg\" \/>\n\t<meta property=\"og:image:width\" content=\"2000\" \/>\n\t<meta property=\"og:image:height\" content=\"1330\" \/>\n\t<meta property=\"og:image:type\" content=\"image\/jpeg\" \/>\n<meta name=\"author\" content=\"admin\" \/>\n<meta name=\"twitter:card\" content=\"summary_large_image\" \/>\n<meta name=\"twitter:label1\" content=\"Verfasst von\" \/>\n\t<meta name=\"twitter:data1\" content=\"admin\" \/>\n\t<meta name=\"twitter:label2\" content=\"Gesch\u00e4tzte Lesezeit\" \/>\n\t<meta name=\"twitter:data2\" content=\"1\u00a0Minute\" \/>\n<script type=\"application\/ld+json\" class=\"yoast-schema-graph\">{\"@context\":\"https:\\\/\\\/schema.org\",\"@graph\":[{\"@type\":\"Article\",\"@id\":\"https:\\\/\\\/magyarpenclub.hu\\\/de\\\/2022\\\/04\\\/03\\\/gabor-goergey-ist-verstorben\\\/#article\",\"isPartOf\":{\"@id\":\"https:\\\/\\\/magyarpenclub.hu\\\/de\\\/2022\\\/04\\\/03\\\/gabor-goergey-ist-verstorben\\\/\"},\"author\":{\"name\":\"admin\",\"@id\":\"https:\\\/\\\/magyarpenclub.hu\\\/de\\\/#\\\/schema\\\/person\\\/9d0e9bdcfa14a17e3af44ee46f4f047e\"},\"headline\":\"G\u00e1bor G\u00f6rgey ist verstorben\",\"datePublished\":\"2022-04-03T16:38:00+00:00\",\"dateModified\":\"2023-11-02T09:53:40+00:00\",\"mainEntityOfPage\":{\"@id\":\"https:\\\/\\\/magyarpenclub.hu\\\/de\\\/2022\\\/04\\\/03\\\/gabor-goergey-ist-verstorben\\\/\"},\"wordCount\":231,\"commentCount\":0,\"publisher\":{\"@id\":\"https:\\\/\\\/magyarpenclub.hu\\\/de\\\/#organization\"},\"image\":{\"@id\":\"https:\\\/\\\/magyarpenclub.hu\\\/de\\\/2022\\\/04\\\/03\\\/gabor-goergey-ist-verstorben\\\/#primaryimage\"},\"thumbnailUrl\":\"https:\\\/\\\/magyarpenclub.hu\\\/wp-content\\\/uploads\\\/2021\\\/05\\\/gorgey-gabor-ff.jpg\",\"articleSection\":[\"In memoriam\"],\"inLanguage\":\"de\",\"potentialAction\":[{\"@type\":\"CommentAction\",\"name\":\"Comment\",\"target\":[\"https:\\\/\\\/magyarpenclub.hu\\\/de\\\/2022\\\/04\\\/03\\\/gabor-goergey-ist-verstorben\\\/#respond\"]}]},{\"@type\":\"WebPage\",\"@id\":\"https:\\\/\\\/magyarpenclub.hu\\\/de\\\/2022\\\/04\\\/03\\\/gabor-goergey-ist-verstorben\\\/\",\"url\":\"https:\\\/\\\/magyarpenclub.hu\\\/de\\\/2022\\\/04\\\/03\\\/gabor-goergey-ist-verstorben\\\/\",\"name\":\"G\u00e1bor G\u00f6rgey ist verstorben - Magyar PEN Club\",\"isPartOf\":{\"@id\":\"https:\\\/\\\/magyarpenclub.hu\\\/de\\\/#website\"},\"primaryImageOfPage\":{\"@id\":\"https:\\\/\\\/magyarpenclub.hu\\\/de\\\/2022\\\/04\\\/03\\\/gabor-goergey-ist-verstorben\\\/#primaryimage\"},\"image\":{\"@id\":\"https:\\\/\\\/magyarpenclub.hu\\\/de\\\/2022\\\/04\\\/03\\\/gabor-goergey-ist-verstorben\\\/#primaryimage\"},\"thumbnailUrl\":\"https:\\\/\\\/magyarpenclub.hu\\\/wp-content\\\/uploads\\\/2021\\\/05\\\/gorgey-gabor-ff.jpg\",\"datePublished\":\"2022-04-03T16:38:00+00:00\",\"dateModified\":\"2023-11-02T09:53:40+00:00\",\"breadcrumb\":{\"@id\":\"https:\\\/\\\/magyarpenclub.hu\\\/de\\\/2022\\\/04\\\/03\\\/gabor-goergey-ist-verstorben\\\/#breadcrumb\"},\"inLanguage\":\"de\",\"potentialAction\":[{\"@type\":\"ReadAction\",\"target\":[\"https:\\\/\\\/magyarpenclub.hu\\\/de\\\/2022\\\/04\\\/03\\\/gabor-goergey-ist-verstorben\\\/\"]}]},{\"@type\":\"ImageObject\",\"inLanguage\":\"de\",\"@id\":\"https:\\\/\\\/magyarpenclub.hu\\\/de\\\/2022\\\/04\\\/03\\\/gabor-goergey-ist-verstorben\\\/#primaryimage\",\"url\":\"https:\\\/\\\/magyarpenclub.hu\\\/wp-content\\\/uploads\\\/2021\\\/05\\\/gorgey-gabor-ff.jpg\",\"contentUrl\":\"https:\\\/\\\/magyarpenclub.hu\\\/wp-content\\\/uploads\\\/2021\\\/05\\\/gorgey-gabor-ff.jpg\",\"width\":2000,\"height\":1330,\"caption\":\"G\u00f6rgey G\u00e1bor\"},{\"@type\":\"BreadcrumbList\",\"@id\":\"https:\\\/\\\/magyarpenclub.hu\\\/de\\\/2022\\\/04\\\/03\\\/gabor-goergey-ist-verstorben\\\/#breadcrumb\",\"itemListElement\":[{\"@type\":\"ListItem\",\"position\":1,\"name\":\"Kezd\u0151lap\",\"item\":\"https:\\\/\\\/magyarpenclub.hu\\\/de\\\/\"},{\"@type\":\"ListItem\",\"position\":2,\"name\":\"G\u00e1bor G\u00f6rgey ist verstorben\"}]},{\"@type\":\"WebSite\",\"@id\":\"https:\\\/\\\/magyarpenclub.hu\\\/de\\\/#website\",\"url\":\"https:\\\/\\\/magyarpenclub.hu\\\/de\\\/\",\"name\":\"Magyar PEN Club\",\"description\":\"H\u00edrek, k\u00f6zlem\u00e9nyek, \u00edr\u00e1sok\",\"publisher\":{\"@id\":\"https:\\\/\\\/magyarpenclub.hu\\\/de\\\/#organization\"},\"potentialAction\":[{\"@type\":\"SearchAction\",\"target\":{\"@type\":\"EntryPoint\",\"urlTemplate\":\"https:\\\/\\\/magyarpenclub.hu\\\/de\\\/?s={search_term_string}\"},\"query-input\":{\"@type\":\"PropertyValueSpecification\",\"valueRequired\":true,\"valueName\":\"search_term_string\"}}],\"inLanguage\":\"de\"},{\"@type\":\"Organization\",\"@id\":\"https:\\\/\\\/magyarpenclub.hu\\\/de\\\/#organization\",\"name\":\"Magyar P.E.N. Club\",\"url\":\"https:\\\/\\\/magyarpenclub.hu\\\/de\\\/\",\"logo\":{\"@type\":\"ImageObject\",\"inLanguage\":\"de\",\"@id\":\"https:\\\/\\\/magyarpenclub.hu\\\/de\\\/#\\\/schema\\\/logo\\\/image\\\/\",\"url\":\"https:\\\/\\\/magyarpenclub.hu\\\/wp-content\\\/uploads\\\/2022\\\/08\\\/magyar-pen-club-logo.png\",\"contentUrl\":\"https:\\\/\\\/magyarpenclub.hu\\\/wp-content\\\/uploads\\\/2022\\\/08\\\/magyar-pen-club-logo.png\",\"width\":195,\"height\":195,\"caption\":\"Magyar P.E.N. Club\"},\"image\":{\"@id\":\"https:\\\/\\\/magyarpenclub.hu\\\/de\\\/#\\\/schema\\\/logo\\\/image\\\/\"},\"sameAs\":[\"https:\\\/\\\/www.facebook.com\\\/magyarpenclub\",\"https:\\\/\\\/www.youtube.com\\\/channel\\\/UC8bw1YALHZZJCJ-7bqvlR6Q\"]},{\"@type\":\"Person\",\"@id\":\"https:\\\/\\\/magyarpenclub.hu\\\/de\\\/#\\\/schema\\\/person\\\/9d0e9bdcfa14a17e3af44ee46f4f047e\",\"name\":\"admin\",\"image\":{\"@type\":\"ImageObject\",\"inLanguage\":\"de\",\"@id\":\"https:\\\/\\\/secure.gravatar.com\\\/avatar\\\/56608a5ae1d60c555b558b0cda110391ad52d81e37b79808b2f59eaf60ba9e43?s=96&d=mm&r=g\",\"url\":\"https:\\\/\\\/secure.gravatar.com\\\/avatar\\\/56608a5ae1d60c555b558b0cda110391ad52d81e37b79808b2f59eaf60ba9e43?s=96&d=mm&r=g\",\"contentUrl\":\"https:\\\/\\\/secure.gravatar.com\\\/avatar\\\/56608a5ae1d60c555b558b0cda110391ad52d81e37b79808b2f59eaf60ba9e43?s=96&d=mm&r=g\",\"caption\":\"admin\"},\"sameAs\":[\"https:\\\/\\\/magyarpenclub.hu\"],\"url\":\"https:\\\/\\\/magyarpenclub.hu\\\/de\\\/author\\\/admin\\\/\"}]}<\/script>\n<!-- \/ Yoast SEO plugin. -->","yoast_head_json":{"title":"G\u00e1bor G\u00f6rgey ist verstorben - Magyar PEN Club","robots":{"index":"index","follow":"follow","max-snippet":"max-snippet:-1","max-image-preview":"max-image-preview:large","max-video-preview":"max-video-preview:-1"},"canonical":"https:\/\/magyarpenclub.hu\/de\/2022\/04\/03\/gabor-goergey-ist-verstorben\/","og_locale":"de_DE","og_type":"article","og_title":"G\u00e1bor G\u00f6rgey ist verstorben - Magyar PEN Club","og_description":"Heute Morgen, um 7.34 Uhr, erhielt ich diese SMS. Dann, so dachte ich, k\u00f6nnte er wieder am Tisch von Istv\u00e1n Vas sitzen, neben Ferenc Juh\u00e1sz und Istv\u00e1n Kormos, wie ich sie im Fr\u00fchjahr 1960 zum ersten Mal zusammen gesehen habe.","og_url":"https:\/\/magyarpenclub.hu\/de\/2022\/04\/03\/gabor-goergey-ist-verstorben\/","og_site_name":"Magyar PEN Club","article_publisher":"https:\/\/www.facebook.com\/magyarpenclub","article_published_time":"2022-04-03T16:38:00+00:00","article_modified_time":"2023-11-02T09:53:40+00:00","og_image":[{"width":2000,"height":1330,"url":"https:\/\/magyarpenclub.hu\/wp-content\/uploads\/2021\/05\/gorgey-gabor-ff.jpg","type":"image\/jpeg"}],"author":"admin","twitter_card":"summary_large_image","twitter_misc":{"Verfasst von":"admin","Gesch\u00e4tzte Lesezeit":"1\u00a0Minute"},"schema":{"@context":"https:\/\/schema.org","@graph":[{"@type":"Article","@id":"https:\/\/magyarpenclub.hu\/de\/2022\/04\/03\/gabor-goergey-ist-verstorben\/#article","isPartOf":{"@id":"https:\/\/magyarpenclub.hu\/de\/2022\/04\/03\/gabor-goergey-ist-verstorben\/"},"author":{"name":"admin","@id":"https:\/\/magyarpenclub.hu\/de\/#\/schema\/person\/9d0e9bdcfa14a17e3af44ee46f4f047e"},"headline":"G\u00e1bor G\u00f6rgey ist verstorben","datePublished":"2022-04-03T16:38:00+00:00","dateModified":"2023-11-02T09:53:40+00:00","mainEntityOfPage":{"@id":"https:\/\/magyarpenclub.hu\/de\/2022\/04\/03\/gabor-goergey-ist-verstorben\/"},"wordCount":231,"commentCount":0,"publisher":{"@id":"https:\/\/magyarpenclub.hu\/de\/#organization"},"image":{"@id":"https:\/\/magyarpenclub.hu\/de\/2022\/04\/03\/gabor-goergey-ist-verstorben\/#primaryimage"},"thumbnailUrl":"https:\/\/magyarpenclub.hu\/wp-content\/uploads\/2021\/05\/gorgey-gabor-ff.jpg","articleSection":["In memoriam"],"inLanguage":"de","potentialAction":[{"@type":"CommentAction","name":"Comment","target":["https:\/\/magyarpenclub.hu\/de\/2022\/04\/03\/gabor-goergey-ist-verstorben\/#respond"]}]},{"@type":"WebPage","@id":"https:\/\/magyarpenclub.hu\/de\/2022\/04\/03\/gabor-goergey-ist-verstorben\/","url":"https:\/\/magyarpenclub.hu\/de\/2022\/04\/03\/gabor-goergey-ist-verstorben\/","name":"G\u00e1bor G\u00f6rgey ist verstorben - Magyar PEN Club","isPartOf":{"@id":"https:\/\/magyarpenclub.hu\/de\/#website"},"primaryImageOfPage":{"@id":"https:\/\/magyarpenclub.hu\/de\/2022\/04\/03\/gabor-goergey-ist-verstorben\/#primaryimage"},"image":{"@id":"https:\/\/magyarpenclub.hu\/de\/2022\/04\/03\/gabor-goergey-ist-verstorben\/#primaryimage"},"thumbnailUrl":"https:\/\/magyarpenclub.hu\/wp-content\/uploads\/2021\/05\/gorgey-gabor-ff.jpg","datePublished":"2022-04-03T16:38:00+00:00","dateModified":"2023-11-02T09:53:40+00:00","breadcrumb":{"@id":"https:\/\/magyarpenclub.hu\/de\/2022\/04\/03\/gabor-goergey-ist-verstorben\/#breadcrumb"},"inLanguage":"de","potentialAction":[{"@type":"ReadAction","target":["https:\/\/magyarpenclub.hu\/de\/2022\/04\/03\/gabor-goergey-ist-verstorben\/"]}]},{"@type":"ImageObject","inLanguage":"de","@id":"https:\/\/magyarpenclub.hu\/de\/2022\/04\/03\/gabor-goergey-ist-verstorben\/#primaryimage","url":"https:\/\/magyarpenclub.hu\/wp-content\/uploads\/2021\/05\/gorgey-gabor-ff.jpg","contentUrl":"https:\/\/magyarpenclub.hu\/wp-content\/uploads\/2021\/05\/gorgey-gabor-ff.jpg","width":2000,"height":1330,"caption":"G\u00f6rgey G\u00e1bor"},{"@type":"BreadcrumbList","@id":"https:\/\/magyarpenclub.hu\/de\/2022\/04\/03\/gabor-goergey-ist-verstorben\/#breadcrumb","itemListElement":[{"@type":"ListItem","position":1,"name":"Kezd\u0151lap","item":"https:\/\/magyarpenclub.hu\/de\/"},{"@type":"ListItem","position":2,"name":"G\u00e1bor G\u00f6rgey ist verstorben"}]},{"@type":"WebSite","@id":"https:\/\/magyarpenclub.hu\/de\/#website","url":"https:\/\/magyarpenclub.hu\/de\/","name":"Magyar PEN Club","description":"H\u00edrek, k\u00f6zlem\u00e9nyek, \u00edr\u00e1sok","publisher":{"@id":"https:\/\/magyarpenclub.hu\/de\/#organization"},"potentialAction":[{"@type":"SearchAction","target":{"@type":"EntryPoint","urlTemplate":"https:\/\/magyarpenclub.hu\/de\/?s={search_term_string}"},"query-input":{"@type":"PropertyValueSpecification","valueRequired":true,"valueName":"search_term_string"}}],"inLanguage":"de"},{"@type":"Organization","@id":"https:\/\/magyarpenclub.hu\/de\/#organization","name":"Magyar P.E.N. Club","url":"https:\/\/magyarpenclub.hu\/de\/","logo":{"@type":"ImageObject","inLanguage":"de","@id":"https:\/\/magyarpenclub.hu\/de\/#\/schema\/logo\/image\/","url":"https:\/\/magyarpenclub.hu\/wp-content\/uploads\/2022\/08\/magyar-pen-club-logo.png","contentUrl":"https:\/\/magyarpenclub.hu\/wp-content\/uploads\/2022\/08\/magyar-pen-club-logo.png","width":195,"height":195,"caption":"Magyar P.E.N. Club"},"image":{"@id":"https:\/\/magyarpenclub.hu\/de\/#\/schema\/logo\/image\/"},"sameAs":["https:\/\/www.facebook.com\/magyarpenclub","https:\/\/www.youtube.com\/channel\/UC8bw1YALHZZJCJ-7bqvlR6Q"]},{"@type":"Person","@id":"https:\/\/magyarpenclub.hu\/de\/#\/schema\/person\/9d0e9bdcfa14a17e3af44ee46f4f047e","name":"admin","image":{"@type":"ImageObject","inLanguage":"de","@id":"https:\/\/secure.gravatar.com\/avatar\/56608a5ae1d60c555b558b0cda110391ad52d81e37b79808b2f59eaf60ba9e43?s=96&d=mm&r=g","url":"https:\/\/secure.gravatar.com\/avatar\/56608a5ae1d60c555b558b0cda110391ad52d81e37b79808b2f59eaf60ba9e43?s=96&d=mm&r=g","contentUrl":"https:\/\/secure.gravatar.com\/avatar\/56608a5ae1d60c555b558b0cda110391ad52d81e37b79808b2f59eaf60ba9e43?s=96&d=mm&r=g","caption":"admin"},"sameAs":["https:\/\/magyarpenclub.hu"],"url":"https:\/\/magyarpenclub.hu\/de\/author\/admin\/"}]}},"_links":{"self":[{"href":"https:\/\/magyarpenclub.hu\/de\/wp-json\/wp\/v2\/posts\/7165","targetHints":{"allow":["GET"]}}],"collection":[{"href":"https:\/\/magyarpenclub.hu\/de\/wp-json\/wp\/v2\/posts"}],"about":[{"href":"https:\/\/magyarpenclub.hu\/de\/wp-json\/wp\/v2\/types\/post"}],"author":[{"embeddable":true,"href":"https:\/\/magyarpenclub.hu\/de\/wp-json\/wp\/v2\/users\/1"}],"replies":[{"embeddable":true,"href":"https:\/\/magyarpenclub.hu\/de\/wp-json\/wp\/v2\/comments?post=7165"}],"version-history":[{"count":0,"href":"https:\/\/magyarpenclub.hu\/de\/wp-json\/wp\/v2\/posts\/7165\/revisions"}],"wp:featuredmedia":[{"embeddable":true,"href":"https:\/\/magyarpenclub.hu\/de\/wp-json\/wp\/v2\/media\/6431"}],"wp:attachment":[{"href":"https:\/\/magyarpenclub.hu\/de\/wp-json\/wp\/v2\/media?parent=7165"}],"wp:term":[{"taxonomy":"category","embeddable":true,"href":"https:\/\/magyarpenclub.hu\/de\/wp-json\/wp\/v2\/categories?post=7165"},{"taxonomy":"post_tag","embeddable":true,"href":"https:\/\/magyarpenclub.hu\/de\/wp-json\/wp\/v2\/tags?post=7165"}],"curies":[{"name":"wp","href":"https:\/\/api.w.org\/{rel}","templated":true}]}}