{"id":7190,"date":"2019-06-03T14:13:00","date_gmt":"2019-06-03T14:13:00","guid":{"rendered":"https:\/\/magyarpenclub.hu\/2019\/06\/03\/auf-wiedersehen-janos-terey\/"},"modified":"2023-11-02T09:54:28","modified_gmt":"2023-11-02T09:54:28","slug":"auf-wiedersehen-janos-terey","status":"publish","type":"post","link":"https:\/\/magyarpenclub.hu\/de\/2019\/06\/03\/auf-wiedersehen-janos-terey\/","title":{"rendered":"Auf Wiedersehen, J\u00e1nos T\u00e9rey!"},"content":{"rendered":"\t\t<div data-elementor-type=\"wp-post\" data-elementor-id=\"7190\" class=\"elementor elementor-7190 elementor-4012\" data-elementor-post-type=\"post\">\n\t\t\t\t\t\t<section class=\"elementor-section elementor-top-section elementor-element elementor-element-75216b2 elementor-section-boxed elementor-section-height-default elementor-section-height-default\" data-id=\"75216b2\" data-element_type=\"section\" data-e-type=\"section\">\n\t\t\t\t\t\t<div class=\"elementor-container elementor-column-gap-wide\">\n\t\t\t\t\t<div class=\"elementor-column elementor-col-100 elementor-top-column elementor-element elementor-element-a9e5a7f\" data-id=\"a9e5a7f\" data-element_type=\"column\" data-e-type=\"column\">\n\t\t\t<div class=\"elementor-widget-wrap elementor-element-populated\">\n\t\t\t\t\t\t<div class=\"elementor-element elementor-element-729dfd8 elementor-widget elementor-widget-heading\" data-id=\"729dfd8\" data-element_type=\"widget\" data-e-type=\"widget\" data-widget_type=\"heading.default\">\n\t\t\t\t<div class=\"elementor-widget-container\">\n\t\t\t\t\t<h4 class=\"elementor-heading-title elementor-size-default\">Huch!<\/h4>\t\t\t\t<\/div>\n\t\t\t\t<\/div>\n\t\t\t\t<div class=\"elementor-element elementor-element-af7fe76 elementor-widget elementor-widget-spacer\" data-id=\"af7fe76\" data-element_type=\"widget\" data-e-type=\"widget\" data-widget_type=\"spacer.default\">\n\t\t\t\t<div class=\"elementor-widget-container\">\n\t\t\t\t\t\t\t<div class=\"elementor-spacer\">\n\t\t\t<div class=\"elementor-spacer-inner\"><\/div>\n\t\t<\/div>\n\t\t\t\t\t\t<\/div>\n\t\t\t\t<\/div>\n\t\t\t\t<div class=\"elementor-element elementor-element-a447652 elementor-widget elementor-widget-text-editor\" data-id=\"a447652\" data-element_type=\"widget\" data-e-type=\"widget\" data-widget_type=\"text-editor.default\">\n\t\t\t\t<div class=\"elementor-widget-container\">\n\t\t\t\t\t\t\t\t\t<p><span style=\"color: var(--the7-base-color); letter-spacing: var(--the7-base-letter-spacing); text-transform: var(--the7-base-text-transform); word-spacing: normal;\">Hoppla, Papa! &#8211; so begr\u00fc\u00dften wir uns meistens, wobei wir mit tiefer, knisternder Stimme unseren gemeinsamen Freund, den guten Norbert Haklik, parodierten und zugleich beschworen, bevor wir uns einmal im Monat an den Tisch der Denker in der Moon Street setzten. Die letzten beiden Treffen wurden abgesagt, aber wir waren dabei, ein neues Treffen zu organisieren. Wir wollten uns eigentlich am 27. Mai treffen, aber wir haben es nicht geschafft, uns mit allen zu koordinieren.<\/span><\/p>\n<p><span style=\"color: var(--the7-base-color); letter-spacing: var(--the7-base-letter-spacing); text-transform: var(--the7-base-text-transform); word-spacing: normal;\">F\u00fcr diejenigen, die es interessiert, sei gesagt, dass es sich um eine halb geheime literarische Gesellschaft handelte, die sich seit fast 20 Jahren traf, und in der letzten Besetzung sa\u00dfen neben T\u00e9rey auch Zsolt Kopp\u00e1ny Nagy, B\u00e1lint Dobai, M\u00e1ty\u00e1s Sz\u00f6ll\u0151si und Oliv\u00e9r S\u00e1ndor Mur\u00e1nyi mit am Tisch.<\/span><\/p>\n<p><span style=\"color: var(--the7-base-color); letter-spacing: var(--the7-base-letter-spacing); text-transform: var(--the7-base-text-transform); word-spacing: normal;\">Der Punkt ist, dass einige dieser Leute, wenn es welche gibt, hier erschienen sind, und wir haben unser besseres Selbst zu diesen Treffen mitgebracht. Und worum ging es dabei \u00fcberhaupt? Alles: das politische und literarische Zeitgeschehen, das Privatleben und nicht zuletzt die literarischen Texte. Wir waren eine Gruppe, in der wir uns \u00fcber das aktuelle Geschehen, den Kulturkampf, das Sektenlager, die Strategien der Schriftstellergewerkschaft und so ziemlich alles, was die Menschen voneinander trennen k\u00f6nnte, hinwegsetzen konnten. Deshalb war es f\u00fcr uns alle wichtig, denn immer wenn wir das Gef\u00fchl hatten, dass die Welt untergehen w\u00fcrde, riefen wir das Team zusammen und f\u00fchrten bei einem Drink eine beruhigende Diskussion.<\/span><\/p>\n<p><span style=\"color: var(--the7-base-color); letter-spacing: var(--the7-base-letter-spacing); text-transform: var(--the7-base-text-transform); word-spacing: normal;\">John war zweifelsohne die treibende Kraft, das \u00e4lteste Mitglied des Teams und der aktivste Organisator bis zur letzten Minute. Und genau hier soll dieser Artikel ansetzen: Warum war es ihm so wichtig? Wir kannten ihn als den Mann, der uns mit Sorge beobachtet, der uns alle auf dem Laufenden h\u00e4lt, der \u00fcber alle unsere Schriften auf dem Laufenden ist und dem es nie an Ideen, Optimismus und Glauben mangelt. Er hielt sich stets von Dilettanten fern, glaubte aber gleichzeitig, dass in jedem Menschen die F\u00e4higkeit zum Guten und zur Verbesserung steckt, und mahnte uns oft, vorsichtig zu sein, wenn wir jemanden oder etwas zu schnell ausnutzen wollten.<\/span><\/p>\n<p><span style=\"color: var(--the7-base-color); letter-spacing: var(--the7-base-letter-spacing); text-transform: var(--the7-base-text-transform); word-spacing: normal;\">Aber jetzt haben wir einen Grund zu rebellieren. Der Beste der mittleren Generation unserer Literatur ist gegangen, einer der Gr\u00f6\u00dften aller Zeiten. Voller Leben, voller Pl\u00e4ne, die Familie, Kinder, Freunde und nicht zuletzt die Literatur zur\u00fccklassend. Aber es gibt niemanden, gegen den man rebellieren kann, die Demut bleibt, wie er sie gelehrt h\u00e4tte. Aber ich bedaure, dass er keinen Kossuth-Preis bekommen hat, ich bedaure, dass er nicht die Anerkennung bekommen hat, die er verdient h\u00e4tte. Nicht halb so gro\u00df. Aber vielleicht sollten wir es dabei belassen.<\/span><\/p>\n<p><span style=\"color: var(--the7-base-color); letter-spacing: var(--the7-base-letter-spacing); text-transform: var(--the7-base-text-transform); word-spacing: normal;\">Diejenigen von uns, die ihn kennen, wissen seit mindestens f\u00fcnfundzwanzig Jahren, wer er ist. Aber jetzt verabschiede ich mich von meinem Freund, dem Mitdenker aus der Holdstra\u00dfe, mit dem wir am Ende eines jeden Jahres, beim letzten Treffen des Jahres, voller weihnachtlicher Liebe und Zuversicht vom V\u00f6r\u00f6smarty-Platz hinter der Basilika zum Standort in der Holdstra\u00dfe spazierten, wie wir es einst als Kinder taten. Wir lesen immer ein Gedicht, entweder in V\u00f6r\u00f6smarty oder in der Basilika. Wir sind die Miku! &#8211; sagte John und f\u00fchrte die Reihe mit strahlendem Gesicht an. Dann kam Weihnachten, das neue Jahr, das neue Treffen. Bislang wussten wir, dass dies immer der Fall sein wird. Jetzt wissen wir, dass das nicht der Fall ist.<\/span><\/p>\n<p><span style=\"color: var(--the7-base-color); letter-spacing: var(--the7-base-letter-spacing); text-transform: var(--the7-base-text-transform); word-spacing: normal;\">Huch! Auf Wiedersehen, John!<\/span><\/p>\n\t\t\t\t\t\t\t\t<\/div>\n\t\t\t\t<\/div>\n\t\t\t\t\t<\/div>\n\t\t<\/div>\n\t\t\t\t\t<\/div>\n\t\t<\/section>\n\t\t\t\t<\/div>\n\t\t","protected":false},"excerpt":{"rendered":"<p>Wir sind zutiefst betr\u00fcbt, als wir erfahren, dass unser Kollege J\u00e1nos T\u00e9rey 2019. kam am 3. Juni auf tragische Weise ums Leben. Er wurde 48 Jahre alt. Die Vorbereitungen f\u00fcr seine Beerdigung werden zu einem sp\u00e4teren Zeitpunkt getroffen.<\/p>\n","protected":false},"author":1,"featured_media":6536,"comment_status":"closed","ping_status":"open","sticky":false,"template":"","format":"standard","meta":{"_acf_changed":false,"footnotes":""},"categories":[170],"tags":[],"class_list":["post-7190","post","type-post","status-publish","format-standard","has-post-thumbnail","hentry","category-in-memoriam-de"],"acf":[],"yoast_head":"<!-- This site is optimized with the Yoast SEO plugin v27.5 - https:\/\/yoast.com\/product\/yoast-seo-wordpress\/ -->\n<title>Auf Wiedersehen, J\u00e1nos T\u00e9rey! - Magyar PEN Club<\/title>\n<meta name=\"robots\" content=\"index, follow, max-snippet:-1, max-image-preview:large, max-video-preview:-1\" \/>\n<link rel=\"canonical\" href=\"https:\/\/magyarpenclub.hu\/de\/2019\/06\/03\/auf-wiedersehen-janos-terey\/\" \/>\n<meta property=\"og:locale\" content=\"de_DE\" \/>\n<meta property=\"og:type\" content=\"article\" \/>\n<meta property=\"og:title\" content=\"Auf Wiedersehen, J\u00e1nos T\u00e9rey! - Magyar PEN Club\" \/>\n<meta property=\"og:description\" content=\"Wir sind zutiefst betr\u00fcbt, als wir erfahren, dass unser Kollege J\u00e1nos T\u00e9rey 2019. kam am 3. Juni auf tragische Weise ums Leben. Er wurde 48 Jahre alt. Die Vorbereitungen f\u00fcr seine Beerdigung werden zu einem sp\u00e4teren Zeitpunkt getroffen.\" \/>\n<meta property=\"og:url\" content=\"https:\/\/magyarpenclub.hu\/de\/2019\/06\/03\/auf-wiedersehen-janos-terey\/\" \/>\n<meta property=\"og:site_name\" content=\"Magyar PEN Club\" \/>\n<meta property=\"article:publisher\" content=\"https:\/\/www.facebook.com\/magyarpenclub\" \/>\n<meta property=\"article:published_time\" content=\"2019-06-03T14:13:00+00:00\" \/>\n<meta property=\"article:modified_time\" content=\"2023-11-02T09:54:28+00:00\" \/>\n<meta property=\"og:image\" content=\"https:\/\/magyarpenclub.hu\/wp-content\/uploads\/2022\/05\/terey-janos.jpg\" \/>\n\t<meta property=\"og:image:width\" content=\"1108\" \/>\n\t<meta property=\"og:image:height\" content=\"623\" \/>\n\t<meta property=\"og:image:type\" content=\"image\/jpeg\" \/>\n<meta name=\"author\" content=\"admin\" \/>\n<meta name=\"twitter:card\" content=\"summary_large_image\" \/>\n<meta name=\"twitter:label1\" content=\"Verfasst von\" \/>\n\t<meta name=\"twitter:data1\" content=\"admin\" \/>\n\t<meta name=\"twitter:label2\" content=\"Gesch\u00e4tzte Lesezeit\" \/>\n\t<meta name=\"twitter:data2\" content=\"3\u00a0Minuten\" \/>\n<script type=\"application\/ld+json\" class=\"yoast-schema-graph\">{\"@context\":\"https:\\\/\\\/schema.org\",\"@graph\":[{\"@type\":\"Article\",\"@id\":\"https:\\\/\\\/magyarpenclub.hu\\\/de\\\/2019\\\/06\\\/03\\\/auf-wiedersehen-janos-terey\\\/#article\",\"isPartOf\":{\"@id\":\"https:\\\/\\\/magyarpenclub.hu\\\/de\\\/2019\\\/06\\\/03\\\/auf-wiedersehen-janos-terey\\\/\"},\"author\":{\"name\":\"admin\",\"@id\":\"https:\\\/\\\/magyarpenclub.hu\\\/de\\\/#\\\/schema\\\/person\\\/9d0e9bdcfa14a17e3af44ee46f4f047e\"},\"headline\":\"Auf Wiedersehen, J\u00e1nos T\u00e9rey!\",\"datePublished\":\"2019-06-03T14:13:00+00:00\",\"dateModified\":\"2023-11-02T09:54:28+00:00\",\"mainEntityOfPage\":{\"@id\":\"https:\\\/\\\/magyarpenclub.hu\\\/de\\\/2019\\\/06\\\/03\\\/auf-wiedersehen-janos-terey\\\/\"},\"wordCount\":583,\"publisher\":{\"@id\":\"https:\\\/\\\/magyarpenclub.hu\\\/de\\\/#organization\"},\"image\":{\"@id\":\"https:\\\/\\\/magyarpenclub.hu\\\/de\\\/2019\\\/06\\\/03\\\/auf-wiedersehen-janos-terey\\\/#primaryimage\"},\"thumbnailUrl\":\"https:\\\/\\\/magyarpenclub.hu\\\/wp-content\\\/uploads\\\/2022\\\/05\\\/terey-janos.jpg\",\"articleSection\":[\"In memoriam\"],\"inLanguage\":\"de\"},{\"@type\":\"WebPage\",\"@id\":\"https:\\\/\\\/magyarpenclub.hu\\\/de\\\/2019\\\/06\\\/03\\\/auf-wiedersehen-janos-terey\\\/\",\"url\":\"https:\\\/\\\/magyarpenclub.hu\\\/de\\\/2019\\\/06\\\/03\\\/auf-wiedersehen-janos-terey\\\/\",\"name\":\"Auf Wiedersehen, J\u00e1nos T\u00e9rey! - Magyar PEN Club\",\"isPartOf\":{\"@id\":\"https:\\\/\\\/magyarpenclub.hu\\\/de\\\/#website\"},\"primaryImageOfPage\":{\"@id\":\"https:\\\/\\\/magyarpenclub.hu\\\/de\\\/2019\\\/06\\\/03\\\/auf-wiedersehen-janos-terey\\\/#primaryimage\"},\"image\":{\"@id\":\"https:\\\/\\\/magyarpenclub.hu\\\/de\\\/2019\\\/06\\\/03\\\/auf-wiedersehen-janos-terey\\\/#primaryimage\"},\"thumbnailUrl\":\"https:\\\/\\\/magyarpenclub.hu\\\/wp-content\\\/uploads\\\/2022\\\/05\\\/terey-janos.jpg\",\"datePublished\":\"2019-06-03T14:13:00+00:00\",\"dateModified\":\"2023-11-02T09:54:28+00:00\",\"breadcrumb\":{\"@id\":\"https:\\\/\\\/magyarpenclub.hu\\\/de\\\/2019\\\/06\\\/03\\\/auf-wiedersehen-janos-terey\\\/#breadcrumb\"},\"inLanguage\":\"de\",\"potentialAction\":[{\"@type\":\"ReadAction\",\"target\":[\"https:\\\/\\\/magyarpenclub.hu\\\/de\\\/2019\\\/06\\\/03\\\/auf-wiedersehen-janos-terey\\\/\"]}]},{\"@type\":\"ImageObject\",\"inLanguage\":\"de\",\"@id\":\"https:\\\/\\\/magyarpenclub.hu\\\/de\\\/2019\\\/06\\\/03\\\/auf-wiedersehen-janos-terey\\\/#primaryimage\",\"url\":\"https:\\\/\\\/magyarpenclub.hu\\\/wp-content\\\/uploads\\\/2022\\\/05\\\/terey-janos.jpg\",\"contentUrl\":\"https:\\\/\\\/magyarpenclub.hu\\\/wp-content\\\/uploads\\\/2022\\\/05\\\/terey-janos.jpg\",\"width\":1108,\"height\":623,\"caption\":\"T\u00e9rey J\u00e1nos\"},{\"@type\":\"BreadcrumbList\",\"@id\":\"https:\\\/\\\/magyarpenclub.hu\\\/de\\\/2019\\\/06\\\/03\\\/auf-wiedersehen-janos-terey\\\/#breadcrumb\",\"itemListElement\":[{\"@type\":\"ListItem\",\"position\":1,\"name\":\"Kezd\u0151lap\",\"item\":\"https:\\\/\\\/magyarpenclub.hu\\\/de\\\/\"},{\"@type\":\"ListItem\",\"position\":2,\"name\":\"Auf Wiedersehen, J\u00e1nos T\u00e9rey!\"}]},{\"@type\":\"WebSite\",\"@id\":\"https:\\\/\\\/magyarpenclub.hu\\\/de\\\/#website\",\"url\":\"https:\\\/\\\/magyarpenclub.hu\\\/de\\\/\",\"name\":\"Magyar PEN Club\",\"description\":\"H\u00edrek, k\u00f6zlem\u00e9nyek, \u00edr\u00e1sok\",\"publisher\":{\"@id\":\"https:\\\/\\\/magyarpenclub.hu\\\/de\\\/#organization\"},\"potentialAction\":[{\"@type\":\"SearchAction\",\"target\":{\"@type\":\"EntryPoint\",\"urlTemplate\":\"https:\\\/\\\/magyarpenclub.hu\\\/de\\\/?s={search_term_string}\"},\"query-input\":{\"@type\":\"PropertyValueSpecification\",\"valueRequired\":true,\"valueName\":\"search_term_string\"}}],\"inLanguage\":\"de\"},{\"@type\":\"Organization\",\"@id\":\"https:\\\/\\\/magyarpenclub.hu\\\/de\\\/#organization\",\"name\":\"Magyar P.E.N. Club\",\"url\":\"https:\\\/\\\/magyarpenclub.hu\\\/de\\\/\",\"logo\":{\"@type\":\"ImageObject\",\"inLanguage\":\"de\",\"@id\":\"https:\\\/\\\/magyarpenclub.hu\\\/de\\\/#\\\/schema\\\/logo\\\/image\\\/\",\"url\":\"https:\\\/\\\/magyarpenclub.hu\\\/wp-content\\\/uploads\\\/2022\\\/08\\\/magyar-pen-club-logo.png\",\"contentUrl\":\"https:\\\/\\\/magyarpenclub.hu\\\/wp-content\\\/uploads\\\/2022\\\/08\\\/magyar-pen-club-logo.png\",\"width\":195,\"height\":195,\"caption\":\"Magyar P.E.N. Club\"},\"image\":{\"@id\":\"https:\\\/\\\/magyarpenclub.hu\\\/de\\\/#\\\/schema\\\/logo\\\/image\\\/\"},\"sameAs\":[\"https:\\\/\\\/www.facebook.com\\\/magyarpenclub\",\"https:\\\/\\\/www.youtube.com\\\/channel\\\/UC8bw1YALHZZJCJ-7bqvlR6Q\"]},{\"@type\":\"Person\",\"@id\":\"https:\\\/\\\/magyarpenclub.hu\\\/de\\\/#\\\/schema\\\/person\\\/9d0e9bdcfa14a17e3af44ee46f4f047e\",\"name\":\"admin\",\"image\":{\"@type\":\"ImageObject\",\"inLanguage\":\"de\",\"@id\":\"https:\\\/\\\/secure.gravatar.com\\\/avatar\\\/56608a5ae1d60c555b558b0cda110391ad52d81e37b79808b2f59eaf60ba9e43?s=96&d=mm&r=g\",\"url\":\"https:\\\/\\\/secure.gravatar.com\\\/avatar\\\/56608a5ae1d60c555b558b0cda110391ad52d81e37b79808b2f59eaf60ba9e43?s=96&d=mm&r=g\",\"contentUrl\":\"https:\\\/\\\/secure.gravatar.com\\\/avatar\\\/56608a5ae1d60c555b558b0cda110391ad52d81e37b79808b2f59eaf60ba9e43?s=96&d=mm&r=g\",\"caption\":\"admin\"},\"sameAs\":[\"https:\\\/\\\/magyarpenclub.hu\"],\"url\":\"https:\\\/\\\/magyarpenclub.hu\\\/de\\\/author\\\/admin\\\/\"}]}<\/script>\n<!-- \/ Yoast SEO plugin. -->","yoast_head_json":{"title":"Auf Wiedersehen, J\u00e1nos T\u00e9rey! - Magyar PEN Club","robots":{"index":"index","follow":"follow","max-snippet":"max-snippet:-1","max-image-preview":"max-image-preview:large","max-video-preview":"max-video-preview:-1"},"canonical":"https:\/\/magyarpenclub.hu\/de\/2019\/06\/03\/auf-wiedersehen-janos-terey\/","og_locale":"de_DE","og_type":"article","og_title":"Auf Wiedersehen, J\u00e1nos T\u00e9rey! - Magyar PEN Club","og_description":"Wir sind zutiefst betr\u00fcbt, als wir erfahren, dass unser Kollege J\u00e1nos T\u00e9rey 2019. kam am 3. Juni auf tragische Weise ums Leben. Er wurde 48 Jahre alt. Die Vorbereitungen f\u00fcr seine Beerdigung werden zu einem sp\u00e4teren Zeitpunkt getroffen.","og_url":"https:\/\/magyarpenclub.hu\/de\/2019\/06\/03\/auf-wiedersehen-janos-terey\/","og_site_name":"Magyar PEN Club","article_publisher":"https:\/\/www.facebook.com\/magyarpenclub","article_published_time":"2019-06-03T14:13:00+00:00","article_modified_time":"2023-11-02T09:54:28+00:00","og_image":[{"width":1108,"height":623,"url":"https:\/\/magyarpenclub.hu\/wp-content\/uploads\/2022\/05\/terey-janos.jpg","type":"image\/jpeg"}],"author":"admin","twitter_card":"summary_large_image","twitter_misc":{"Verfasst von":"admin","Gesch\u00e4tzte Lesezeit":"3\u00a0Minuten"},"schema":{"@context":"https:\/\/schema.org","@graph":[{"@type":"Article","@id":"https:\/\/magyarpenclub.hu\/de\/2019\/06\/03\/auf-wiedersehen-janos-terey\/#article","isPartOf":{"@id":"https:\/\/magyarpenclub.hu\/de\/2019\/06\/03\/auf-wiedersehen-janos-terey\/"},"author":{"name":"admin","@id":"https:\/\/magyarpenclub.hu\/de\/#\/schema\/person\/9d0e9bdcfa14a17e3af44ee46f4f047e"},"headline":"Auf Wiedersehen, J\u00e1nos T\u00e9rey!","datePublished":"2019-06-03T14:13:00+00:00","dateModified":"2023-11-02T09:54:28+00:00","mainEntityOfPage":{"@id":"https:\/\/magyarpenclub.hu\/de\/2019\/06\/03\/auf-wiedersehen-janos-terey\/"},"wordCount":583,"publisher":{"@id":"https:\/\/magyarpenclub.hu\/de\/#organization"},"image":{"@id":"https:\/\/magyarpenclub.hu\/de\/2019\/06\/03\/auf-wiedersehen-janos-terey\/#primaryimage"},"thumbnailUrl":"https:\/\/magyarpenclub.hu\/wp-content\/uploads\/2022\/05\/terey-janos.jpg","articleSection":["In memoriam"],"inLanguage":"de"},{"@type":"WebPage","@id":"https:\/\/magyarpenclub.hu\/de\/2019\/06\/03\/auf-wiedersehen-janos-terey\/","url":"https:\/\/magyarpenclub.hu\/de\/2019\/06\/03\/auf-wiedersehen-janos-terey\/","name":"Auf Wiedersehen, J\u00e1nos T\u00e9rey! - Magyar PEN Club","isPartOf":{"@id":"https:\/\/magyarpenclub.hu\/de\/#website"},"primaryImageOfPage":{"@id":"https:\/\/magyarpenclub.hu\/de\/2019\/06\/03\/auf-wiedersehen-janos-terey\/#primaryimage"},"image":{"@id":"https:\/\/magyarpenclub.hu\/de\/2019\/06\/03\/auf-wiedersehen-janos-terey\/#primaryimage"},"thumbnailUrl":"https:\/\/magyarpenclub.hu\/wp-content\/uploads\/2022\/05\/terey-janos.jpg","datePublished":"2019-06-03T14:13:00+00:00","dateModified":"2023-11-02T09:54:28+00:00","breadcrumb":{"@id":"https:\/\/magyarpenclub.hu\/de\/2019\/06\/03\/auf-wiedersehen-janos-terey\/#breadcrumb"},"inLanguage":"de","potentialAction":[{"@type":"ReadAction","target":["https:\/\/magyarpenclub.hu\/de\/2019\/06\/03\/auf-wiedersehen-janos-terey\/"]}]},{"@type":"ImageObject","inLanguage":"de","@id":"https:\/\/magyarpenclub.hu\/de\/2019\/06\/03\/auf-wiedersehen-janos-terey\/#primaryimage","url":"https:\/\/magyarpenclub.hu\/wp-content\/uploads\/2022\/05\/terey-janos.jpg","contentUrl":"https:\/\/magyarpenclub.hu\/wp-content\/uploads\/2022\/05\/terey-janos.jpg","width":1108,"height":623,"caption":"T\u00e9rey J\u00e1nos"},{"@type":"BreadcrumbList","@id":"https:\/\/magyarpenclub.hu\/de\/2019\/06\/03\/auf-wiedersehen-janos-terey\/#breadcrumb","itemListElement":[{"@type":"ListItem","position":1,"name":"Kezd\u0151lap","item":"https:\/\/magyarpenclub.hu\/de\/"},{"@type":"ListItem","position":2,"name":"Auf Wiedersehen, J\u00e1nos T\u00e9rey!"}]},{"@type":"WebSite","@id":"https:\/\/magyarpenclub.hu\/de\/#website","url":"https:\/\/magyarpenclub.hu\/de\/","name":"Magyar PEN Club","description":"H\u00edrek, k\u00f6zlem\u00e9nyek, \u00edr\u00e1sok","publisher":{"@id":"https:\/\/magyarpenclub.hu\/de\/#organization"},"potentialAction":[{"@type":"SearchAction","target":{"@type":"EntryPoint","urlTemplate":"https:\/\/magyarpenclub.hu\/de\/?s={search_term_string}"},"query-input":{"@type":"PropertyValueSpecification","valueRequired":true,"valueName":"search_term_string"}}],"inLanguage":"de"},{"@type":"Organization","@id":"https:\/\/magyarpenclub.hu\/de\/#organization","name":"Magyar P.E.N. Club","url":"https:\/\/magyarpenclub.hu\/de\/","logo":{"@type":"ImageObject","inLanguage":"de","@id":"https:\/\/magyarpenclub.hu\/de\/#\/schema\/logo\/image\/","url":"https:\/\/magyarpenclub.hu\/wp-content\/uploads\/2022\/08\/magyar-pen-club-logo.png","contentUrl":"https:\/\/magyarpenclub.hu\/wp-content\/uploads\/2022\/08\/magyar-pen-club-logo.png","width":195,"height":195,"caption":"Magyar P.E.N. Club"},"image":{"@id":"https:\/\/magyarpenclub.hu\/de\/#\/schema\/logo\/image\/"},"sameAs":["https:\/\/www.facebook.com\/magyarpenclub","https:\/\/www.youtube.com\/channel\/UC8bw1YALHZZJCJ-7bqvlR6Q"]},{"@type":"Person","@id":"https:\/\/magyarpenclub.hu\/de\/#\/schema\/person\/9d0e9bdcfa14a17e3af44ee46f4f047e","name":"admin","image":{"@type":"ImageObject","inLanguage":"de","@id":"https:\/\/secure.gravatar.com\/avatar\/56608a5ae1d60c555b558b0cda110391ad52d81e37b79808b2f59eaf60ba9e43?s=96&d=mm&r=g","url":"https:\/\/secure.gravatar.com\/avatar\/56608a5ae1d60c555b558b0cda110391ad52d81e37b79808b2f59eaf60ba9e43?s=96&d=mm&r=g","contentUrl":"https:\/\/secure.gravatar.com\/avatar\/56608a5ae1d60c555b558b0cda110391ad52d81e37b79808b2f59eaf60ba9e43?s=96&d=mm&r=g","caption":"admin"},"sameAs":["https:\/\/magyarpenclub.hu"],"url":"https:\/\/magyarpenclub.hu\/de\/author\/admin\/"}]}},"_links":{"self":[{"href":"https:\/\/magyarpenclub.hu\/de\/wp-json\/wp\/v2\/posts\/7190","targetHints":{"allow":["GET"]}}],"collection":[{"href":"https:\/\/magyarpenclub.hu\/de\/wp-json\/wp\/v2\/posts"}],"about":[{"href":"https:\/\/magyarpenclub.hu\/de\/wp-json\/wp\/v2\/types\/post"}],"author":[{"embeddable":true,"href":"https:\/\/magyarpenclub.hu\/de\/wp-json\/wp\/v2\/users\/1"}],"replies":[{"embeddable":true,"href":"https:\/\/magyarpenclub.hu\/de\/wp-json\/wp\/v2\/comments?post=7190"}],"version-history":[{"count":0,"href":"https:\/\/magyarpenclub.hu\/de\/wp-json\/wp\/v2\/posts\/7190\/revisions"}],"wp:featuredmedia":[{"embeddable":true,"href":"https:\/\/magyarpenclub.hu\/de\/wp-json\/wp\/v2\/media\/6536"}],"wp:attachment":[{"href":"https:\/\/magyarpenclub.hu\/de\/wp-json\/wp\/v2\/media?parent=7190"}],"wp:term":[{"taxonomy":"category","embeddable":true,"href":"https:\/\/magyarpenclub.hu\/de\/wp-json\/wp\/v2\/categories?post=7190"},{"taxonomy":"post_tag","embeddable":true,"href":"https:\/\/magyarpenclub.hu\/de\/wp-json\/wp\/v2\/tags?post=7190"}],"curies":[{"name":"wp","href":"https:\/\/api.w.org\/{rel}","templated":true}]}}