{"id":7194,"date":"2020-12-17T19:23:00","date_gmt":"2020-12-17T19:23:00","guid":{"rendered":"https:\/\/magyarpenclub.hu\/2020\/12\/17\/albatros-strauss-schwan\/"},"modified":"2023-11-02T09:54:28","modified_gmt":"2023-11-02T09:54:28","slug":"albatros-strauss-schwan","status":"publish","type":"post","link":"https:\/\/magyarpenclub.hu\/de\/2020\/12\/17\/albatros-strauss-schwan\/","title":{"rendered":"Albatros, Strau\u00df, Schwan&#8230;"},"content":{"rendered":"\t\t<div data-elementor-type=\"wp-post\" data-elementor-id=\"7194\" class=\"elementor elementor-7194 elementor-3839\" data-elementor-post-type=\"post\">\n\t\t\t\t\t\t<section class=\"elementor-section elementor-top-section elementor-element elementor-element-75216b2 elementor-section-boxed elementor-section-height-default elementor-section-height-default\" data-id=\"75216b2\" data-element_type=\"section\" data-e-type=\"section\">\n\t\t\t\t\t\t<div class=\"elementor-container elementor-column-gap-wide\">\n\t\t\t\t\t<div class=\"elementor-column elementor-col-100 elementor-top-column elementor-element elementor-element-a9e5a7f\" data-id=\"a9e5a7f\" data-element_type=\"column\" data-e-type=\"column\">\n\t\t\t<div class=\"elementor-widget-wrap elementor-element-populated\">\n\t\t\t\t\t\t<div class=\"elementor-element elementor-element-a447652 elementor-widget elementor-widget-text-editor\" data-id=\"a447652\" data-element_type=\"widget\" data-e-type=\"widget\" data-widget_type=\"text-editor.default\">\n\t\t\t\t<div class=\"elementor-widget-container\">\n\t\t\t\t\t\t\t\t\t<p>G\u00e9za Sz\u0151cs hat uns verlassen. Von heute an wird die Sonne anders aufgehen und nichts wird mehr so sein wie vorher. Wir k\u00f6nnten, wie in einem Nachruf, seine Titel, seine Auszeichnungen, seinen Rang, seinen Status aufz\u00e4hlen &#8211; aber diejenigen, die ihn kannten, wissen \u00fcber all das hinaus, dass sich eine viel gr\u00f6\u00dfere Trag\u00f6die ereignet hat. Mit ihm ist ein Mann von uns gegangen, auf den wir alle z\u00e4hlen konnten, ein Mann, f\u00fcr den das pers\u00f6nliche Schicksal und das Schicksal der Nation gleicherma\u00dfen wichtig waren und dessen t\u00e4gliche Aufgabe es war, diese Schicksale mitzugestalten.<\/p>\n<p><span style=\"color: var(--the7-base-color); letter-spacing: var(--the7-base-letter-spacing); text-transform: var(--the7-base-text-transform); word-spacing: normal;\">Auch dieser Nachruf kann uns jenseits der Beweise nur sagen, dass es keine Worte gibt, und ich bin sicher, dass G\u00e9za diese Welt so verlassen wollte, dass wir hinterher diese Leere sp\u00fcren: Wir wissen, dass sie unersetzlich ist. Er war ein Fatalist, der sich immer dem Schicksal stellte, immer die Handschuhe trug und die absurdesten Situationen des Lebens mit \u00e4u\u00dferster Gelassenheit meisterte. Er liebte die Gefahr, fand immer brillante L\u00f6sungen f\u00fcr Situationen, denen andere schon l\u00e4ngst den R\u00fccken gekehrt hatten, und der Teil der Welt, der ihm kein R\u00e4tsel war, stellte immer eine Herausforderung dar, sei es die Literatur, die Politik, das Schicksal oder sogar die Zukunft, wenn er Vorhersagen machte.<\/span><\/p>\n<p><span style=\"color: var(--the7-base-color); letter-spacing: var(--the7-base-letter-spacing); text-transform: var(--the7-base-text-transform); word-spacing: normal;\">Er sah die Welt klar, mit all ihren bekannten oder erkennbaren Zusammenh\u00e4ngen, er \u00e4rgerte sich \u00fcber die kleinen Torheiten des Lebens, das Packen von Tr\u00e4gern und Grenzbeamten, aber in wichtigen Fragen dachte er immer mit zuversichtlicher Ruhe, seine weisen Ratschl\u00e4ge waren es wert, befolgt zu werden. Er hatte offensichtlich einen feinen Sinn f\u00fcr das Absurde, nicht nur in der Literatur, sondern auch im Alltag, und war in der Welt des Unverst\u00e4ndlichen zu Hause &#8211; wie es sich f\u00fcr einen Dichter geh\u00f6rt. Wie ein Magier oder ein Schamane. Vielleicht ist der Dichter deshalb ein guter Begriff: Er ist derjenige, der eine Welt erschaffen kann, oder, wenn n\u00f6tig, neu erschaffen kann.<\/span><\/p>\n\t\t\t\t\t\t\t\t<\/div>\n\t\t\t\t<\/div>\n\t\t\t\t\t<\/div>\n\t\t<\/div>\n\t\t\t\t\t<\/div>\n\t\t<\/section>\n\t\t\t\t<section class=\"elementor-section elementor-top-section elementor-element elementor-element-8ee5a47 elementor-section-boxed elementor-section-height-default elementor-section-height-default\" data-id=\"8ee5a47\" data-element_type=\"section\" data-e-type=\"section\">\n\t\t\t\t\t\t<div class=\"elementor-container elementor-column-gap-wide\">\n\t\t\t\t\t<div class=\"elementor-column elementor-col-100 elementor-top-column elementor-element elementor-element-72fa2dd\" data-id=\"72fa2dd\" data-element_type=\"column\" data-e-type=\"column\">\n\t\t\t<div class=\"elementor-widget-wrap elementor-element-populated\">\n\t\t\t\t\t\t<div class=\"elementor-element elementor-element-7aa2b24 elementor-widget elementor-widget-image\" data-id=\"7aa2b24\" data-element_type=\"widget\" data-e-type=\"widget\" data-widget_type=\"image.default\">\n\t\t\t\t<div class=\"elementor-widget-container\">\n\t\t\t\t\t\t\t\t\t\t\t\t<figure class=\"wp-caption\">\n\t\t\t\t\t\t\t\t\t\t<img decoding=\"async\" width=\"800\" height=\"544\" src=\"https:\/\/magyarpenclub.hu\/wp-content\/uploads\/2020\/12\/cetate-2003-szocs-geza-otvenedikszuletesnapja-foto-nemes-anna-borbala-1024x696.jpg\" class=\"attachment-large size-large wp-image-6476\" alt=\"\" srcset=\"https:\/\/magyarpenclub.hu\/wp-content\/uploads\/2020\/12\/cetate-2003-szocs-geza-otvenedikszuletesnapja-foto-nemes-anna-borbala-1024x696.jpg 1024w, https:\/\/magyarpenclub.hu\/wp-content\/uploads\/2020\/12\/cetate-2003-szocs-geza-otvenedikszuletesnapja-foto-nemes-anna-borbala-1000x679.jpg 1000w, https:\/\/magyarpenclub.hu\/wp-content\/uploads\/2020\/12\/cetate-2003-szocs-geza-otvenedikszuletesnapja-foto-nemes-anna-borbala-300x204.jpg 300w, https:\/\/magyarpenclub.hu\/wp-content\/uploads\/2020\/12\/cetate-2003-szocs-geza-otvenedikszuletesnapja-foto-nemes-anna-borbala-768x522.jpg 768w, https:\/\/magyarpenclub.hu\/wp-content\/uploads\/2020\/12\/cetate-2003-szocs-geza-otvenedikszuletesnapja-foto-nemes-anna-borbala.jpg 1534w\" sizes=\"(max-width: 800px) 100vw, 800px\" \/>\t\t\t\t\t\t\t\t\t\t\t<figcaption class=\"widget-image-caption wp-caption-text\">Cetate, 2003. augusztusa \u2013 SZG \u00f6tvenedik sz\u00fclet\u00e9snapja (Fot\u00f3 Nemes Anna Borb\u00e1la)<\/figcaption>\n\t\t\t\t\t\t\t\t\t\t<\/figure>\n\t\t\t\t\t\t\t\t\t<\/div>\n\t\t\t\t<\/div>\n\t\t\t\t\t<\/div>\n\t\t<\/div>\n\t\t\t\t\t<\/div>\n\t\t<\/section>\n\t\t\t\t<section class=\"elementor-section elementor-top-section elementor-element elementor-element-e173560 elementor-section-boxed elementor-section-height-default elementor-section-height-default\" data-id=\"e173560\" data-element_type=\"section\" data-e-type=\"section\">\n\t\t\t\t\t\t<div class=\"elementor-container elementor-column-gap-wide\">\n\t\t\t\t\t<div class=\"elementor-column elementor-col-100 elementor-top-column elementor-element elementor-element-c52d73a\" data-id=\"c52d73a\" data-element_type=\"column\" data-e-type=\"column\">\n\t\t\t<div class=\"elementor-widget-wrap elementor-element-populated\">\n\t\t\t\t\t\t<div class=\"elementor-element elementor-element-b13b64d elementor-widget elementor-widget-text-editor\" data-id=\"b13b64d\" data-element_type=\"widget\" data-e-type=\"widget\" data-widget_type=\"text-editor.default\">\n\t\t\t\t<div class=\"elementor-widget-container\">\n\t\t\t\t\t\t\t\t\t<p>Seine phantastische Arbeitsmoral war auch darauf zur\u00fcckzuf\u00fchren: Sein selbstzerst\u00f6rerisches Arbeitstempo war nur schwer einzuhalten, und obwohl er viele direkte Kollegen hatte, waren es manchmal zu wenige, um genau so zu sein, wie er es jede Minute brauchte, um seine Bed\u00fcrfnisse zu erf\u00fcllen.<\/p>\n<p><span style=\"color: var(--the7-base-color); letter-spacing: var(--the7-base-letter-spacing); text-transform: var(--the7-base-text-transform); word-spacing: normal;\">Ich habe auch erlebt, wie er von Profiteuren umringt war, die ihn mit den H\u00e4nden auf dem R\u00fccken als gute Freunde umgaben und sich dann mit vollem Mund hinter seinem R\u00fccken gegen ihn wandten. Ja, das m\u00fcssen wir auch sagen. Aber auch, dass er diesen Menschen immer geholfen hat. Wie bei anderen auch: Ich kenne niemanden, der jemanden abgewiesen hat, der um seine Hilfe gebeten hat.<\/span><\/p>\n<p><span style=\"color: var(--the7-base-color); letter-spacing: var(--the7-base-letter-spacing); text-transform: var(--the7-base-text-transform); word-spacing: normal;\">Es gibt auch Hinweise darauf, dass er eine spaltende Pers\u00f6nlichkeit war, aber das Gegenteil w\u00e4re traurig. Als Dichter kann man seine Verdienste jedoch nicht verkennen. Es ist eine riskante Angelegenheit, Dichter zu vergleichen, ihre Werke zu vergleichen, einen Kanon zu schreiben ist eine undankbare Aufgabe, oder den Platz von irgendjemandem in irgendeiner Literatur zu finden, aber irgendwie f\u00fchlen und kennen wir alle seinen Platz. Wir k\u00f6nnen weder sagen, dass sie wie X war, noch dass ihre Gr\u00f6\u00dfe an der Gr\u00f6\u00dfe von Y gemessen werden kann. Er war G\u00e9za Sz\u0151cs, ganz einfach.<\/span><\/p>\n<p><span style=\"color: var(--the7-base-color); letter-spacing: var(--the7-base-letter-spacing); text-transform: var(--the7-base-text-transform); word-spacing: normal;\">Drei Topos aus der Welt seiner Poesie kommen mir in den Sinn, drei V\u00f6gel. Der Albatros, der Strau\u00df und der Schwan. Der Albatros, der symbolische Vogel des unendlichen Fluges, der Strau\u00df (der Protagonist seines Limpopo), die Welt des flugunf\u00e4higen Vogels, der zu einem Eckpfeiler seines Werks als Individuum und Symbol des Schicksals wurde, und der Schwan &#8211; der Schwan von der Promenade in Klausenburg. Der Schwan, der uns mahnt, dass auch die edelsten Dinge verg\u00e4nglich sind und dass uns am Ende nur eines \u00fcberlebt, die Poesie, ist das ewige Gebot der Sch\u00f6nheit. Doch bevor es ver\u00f6ffentlicht wird, sei gesagt, dass das letzte Buch, der Schwanengesang, auch ein Buch der Loyalit\u00e4t ist: Ich glaube, dass niemand Klausenburg je so sehr geliebt hat, und dieser Schwanengesang &#8211; wie das ganze Buch als solches interpretiert werden kann &#8211; erz\u00e4hlt oder zeigt den Schmerz und die Traurigkeit, dass man die sch\u00f6nsten Dinge im Leben verlieren kann. So wie er es in Cluj getan hat. So wie es Cluj-Napoca f\u00fcr ihn getan hat.<\/span><\/p>\n<p><span style=\"color: var(--the7-base-color); letter-spacing: var(--the7-base-letter-spacing); text-transform: var(--the7-base-text-transform); word-spacing: normal;\">Vor dem Regimewechsel wurde G\u00e9za Sz\u0151cs mit den Freiheitsbestrebungen der Siebenb\u00fcrger Ungarn, mit dem allgemeinen antikommunistischen Widerstand und nach dem Regimewechsel mit der Entfaltung der Freiheitsbestrebungen identifiziert. Jetzt scheint es, dass andere Zeiten kommen&#8230; Was er f\u00fcr uns tun konnte, hat er getan, also ist er weitergezogen.<\/span><\/p>\n\t\t\t\t\t\t\t\t<\/div>\n\t\t\t\t<\/div>\n\t\t\t\t\t<\/div>\n\t\t<\/div>\n\t\t\t\t\t<\/div>\n\t\t<\/section>\n\t\t\t\t<section class=\"elementor-section elementor-top-section elementor-element elementor-element-3f63e7b elementor-section-boxed elementor-section-height-default elementor-section-height-default\" data-id=\"3f63e7b\" data-element_type=\"section\" data-e-type=\"section\">\n\t\t\t\t\t\t<div class=\"elementor-container elementor-column-gap-wide\">\n\t\t\t\t\t<div class=\"elementor-column elementor-col-100 elementor-top-column elementor-element elementor-element-20dcca4\" data-id=\"20dcca4\" data-element_type=\"column\" data-e-type=\"column\">\n\t\t\t<div class=\"elementor-widget-wrap elementor-element-populated\">\n\t\t\t\t\t\t<section class=\"elementor-section elementor-inner-section elementor-element elementor-element-1a9e69c elementor-section-boxed elementor-section-height-default elementor-section-height-default\" data-id=\"1a9e69c\" data-element_type=\"section\" data-e-type=\"section\">\n\t\t\t\t\t\t<div class=\"elementor-container elementor-column-gap-default\">\n\t\t\t\t\t<div class=\"elementor-column elementor-col-50 elementor-inner-column elementor-element elementor-element-e3b1bae\" data-id=\"e3b1bae\" data-element_type=\"column\" data-e-type=\"column\">\n\t\t\t<div class=\"elementor-widget-wrap elementor-element-populated\">\n\t\t\t\t\t\t<div class=\"elementor-element elementor-element-9c620d2 elementor-widget elementor-widget-text-editor\" data-id=\"9c620d2\" data-element_type=\"widget\" data-e-type=\"widget\" data-widget_type=\"text-editor.default\">\n\t\t\t\t<div class=\"elementor-widget-container\">\n\t\t\t\t\t\t\t\t\t<h4>G\u00e9za Sz\u0151cs &#8211; \u00dcber die Schw\u00e4ne auf der Promenade<\/h4>\n\t\t\t\t\t\t\t\t<\/div>\n\t\t\t\t<\/div>\n\t\t\t\t<div class=\"elementor-element elementor-element-4c2336c elementor-widget elementor-widget-text-editor\" data-id=\"4c2336c\" data-element_type=\"widget\" data-e-type=\"widget\" data-widget_type=\"text-editor.default\">\n\t\t\t\t<div class=\"elementor-widget-container\">\n\t\t\t\t\t\t\t\t\t<p>Ein neuer Schwan hat sich auf den Weg gemacht. Wo kann Leda jetzt schwimmen? und wo l\u00e4uft die Holstomere?<\/p>\n\t\t\t\t\t\t\t\t<\/div>\n\t\t\t\t<\/div>\n\t\t\t\t\t<\/div>\n\t\t<\/div>\n\t\t\t\t<div class=\"elementor-column elementor-col-50 elementor-inner-column elementor-element elementor-element-1dd399c\" data-id=\"1dd399c\" data-element_type=\"column\" data-e-type=\"column\">\n\t\t\t<div class=\"elementor-widget-wrap elementor-element-populated\">\n\t\t\t\t\t\t<div class=\"elementor-element elementor-element-24a69eb elementor-widget elementor-widget-image\" data-id=\"24a69eb\" data-element_type=\"widget\" data-e-type=\"widget\" data-widget_type=\"image.default\">\n\t\t\t\t<div class=\"elementor-widget-container\">\n\t\t\t\t\t\t\t\t\t\t\t\t\t\t\t<img decoding=\"async\" width=\"780\" height=\"960\" src=\"https:\/\/magyarpenclub.hu\/wp-content\/uploads\/2020\/12\/b_valentin_11.jpg\" class=\"attachment-large size-large wp-image-6479\" alt=\"\" srcset=\"https:\/\/magyarpenclub.hu\/wp-content\/uploads\/2020\/12\/b_valentin_11.jpg 780w, https:\/\/magyarpenclub.hu\/wp-content\/uploads\/2020\/12\/b_valentin_11-244x300.jpg 244w, https:\/\/magyarpenclub.hu\/wp-content\/uploads\/2020\/12\/b_valentin_11-768x945.jpg 768w\" sizes=\"(max-width: 780px) 100vw, 780px\" \/>\t\t\t\t\t\t\t\t\t\t\t\t\t\t\t<\/div>\n\t\t\t\t<\/div>\n\t\t\t\t\t<\/div>\n\t\t<\/div>\n\t\t\t\t\t<\/div>\n\t\t<\/section>\n\t\t\t\t\t<\/div>\n\t\t<\/div>\n\t\t\t\t\t<\/div>\n\t\t<\/section>\n\t\t\t\t<\/div>\n\t\t","protected":false},"excerpt":{"rendered":"<p>G\u00e9za Sz\u0151cs hat uns verlassen. Von heute an wird die Sonne anders aufgehen und nichts wird mehr so sein wie vorher. Wir k\u00f6nnten, wie in einem Nachruf, seine Titel, seine Auszeichnungen, seinen Rang, seinen Status aufz\u00e4hlen &#8211; aber diejenigen, die ihn kannten, wissen \u00fcber all das hinaus, dass sich eine viel gr\u00f6\u00dfere Trag\u00f6die ereignet hat.  <\/p>\n","protected":false},"author":1,"featured_media":6473,"comment_status":"closed","ping_status":"open","sticky":false,"template":"","format":"standard","meta":{"_acf_changed":false,"footnotes":""},"categories":[170],"tags":[],"class_list":["post-7194","post","type-post","status-publish","format-standard","has-post-thumbnail","hentry","category-in-memoriam-de"],"acf":[],"yoast_head":"<!-- This site is optimized with the Yoast SEO plugin v27.5 - https:\/\/yoast.com\/product\/yoast-seo-wordpress\/ -->\n<title>Albatros, Strau\u00df, Schwan... - Magyar PEN Club<\/title>\n<meta name=\"robots\" content=\"index, follow, max-snippet:-1, max-image-preview:large, max-video-preview:-1\" \/>\n<link rel=\"canonical\" href=\"https:\/\/magyarpenclub.hu\/de\/2020\/12\/17\/albatros-strauss-schwan\/\" \/>\n<meta property=\"og:locale\" content=\"de_DE\" \/>\n<meta property=\"og:type\" content=\"article\" \/>\n<meta property=\"og:title\" content=\"Albatros, Strau\u00df, Schwan... - Magyar PEN Club\" \/>\n<meta property=\"og:description\" content=\"G\u00e9za Sz\u0151cs hat uns verlassen. Von heute an wird die Sonne anders aufgehen und nichts wird mehr so sein wie vorher. Wir k\u00f6nnten, wie in einem Nachruf, seine Titel, seine Auszeichnungen, seinen Rang, seinen Status aufz\u00e4hlen - aber diejenigen, die ihn kannten, wissen \u00fcber all das hinaus, dass sich eine viel gr\u00f6\u00dfere Trag\u00f6die ereignet hat.\" \/>\n<meta property=\"og:url\" content=\"https:\/\/magyarpenclub.hu\/de\/2020\/12\/17\/albatros-strauss-schwan\/\" \/>\n<meta property=\"og:site_name\" content=\"Magyar PEN Club\" \/>\n<meta property=\"article:publisher\" content=\"https:\/\/www.facebook.com\/magyarpenclub\" \/>\n<meta property=\"article:published_time\" content=\"2020-12-17T19:23:00+00:00\" \/>\n<meta property=\"article:modified_time\" content=\"2023-11-02T09:54:28+00:00\" \/>\n<meta property=\"og:image\" content=\"https:\/\/magyarpenclub.hu\/wp-content\/uploads\/2022\/05\/szocs-geza.jpg\" \/>\n\t<meta property=\"og:image:width\" content=\"1838\" \/>\n\t<meta property=\"og:image:height\" content=\"1374\" \/>\n\t<meta property=\"og:image:type\" content=\"image\/jpeg\" \/>\n<meta name=\"author\" content=\"admin\" \/>\n<meta name=\"twitter:card\" content=\"summary_large_image\" \/>\n<meta name=\"twitter:label1\" content=\"Verfasst von\" \/>\n\t<meta name=\"twitter:data1\" content=\"admin\" \/>\n\t<meta name=\"twitter:label2\" content=\"Gesch\u00e4tzte Lesezeit\" \/>\n\t<meta name=\"twitter:data2\" content=\"4\u00a0Minuten\" \/>\n<script type=\"application\/ld+json\" class=\"yoast-schema-graph\">{\"@context\":\"https:\\\/\\\/schema.org\",\"@graph\":[{\"@type\":\"Article\",\"@id\":\"https:\\\/\\\/magyarpenclub.hu\\\/de\\\/2020\\\/12\\\/17\\\/albatros-strauss-schwan\\\/#article\",\"isPartOf\":{\"@id\":\"https:\\\/\\\/magyarpenclub.hu\\\/de\\\/2020\\\/12\\\/17\\\/albatros-strauss-schwan\\\/\"},\"author\":{\"name\":\"admin\",\"@id\":\"https:\\\/\\\/magyarpenclub.hu\\\/de\\\/#\\\/schema\\\/person\\\/9d0e9bdcfa14a17e3af44ee46f4f047e\"},\"headline\":\"Albatros, Strau\u00df, Schwan&#8230;\",\"datePublished\":\"2020-12-17T19:23:00+00:00\",\"dateModified\":\"2023-11-02T09:54:28+00:00\",\"mainEntityOfPage\":{\"@id\":\"https:\\\/\\\/magyarpenclub.hu\\\/de\\\/2020\\\/12\\\/17\\\/albatros-strauss-schwan\\\/\"},\"wordCount\":831,\"publisher\":{\"@id\":\"https:\\\/\\\/magyarpenclub.hu\\\/de\\\/#organization\"},\"image\":{\"@id\":\"https:\\\/\\\/magyarpenclub.hu\\\/de\\\/2020\\\/12\\\/17\\\/albatros-strauss-schwan\\\/#primaryimage\"},\"thumbnailUrl\":\"https:\\\/\\\/magyarpenclub.hu\\\/wp-content\\\/uploads\\\/2022\\\/05\\\/szocs-geza.jpg\",\"articleSection\":[\"In memoriam\"],\"inLanguage\":\"de\"},{\"@type\":\"WebPage\",\"@id\":\"https:\\\/\\\/magyarpenclub.hu\\\/de\\\/2020\\\/12\\\/17\\\/albatros-strauss-schwan\\\/\",\"url\":\"https:\\\/\\\/magyarpenclub.hu\\\/de\\\/2020\\\/12\\\/17\\\/albatros-strauss-schwan\\\/\",\"name\":\"Albatros, Strau\u00df, Schwan... - Magyar PEN Club\",\"isPartOf\":{\"@id\":\"https:\\\/\\\/magyarpenclub.hu\\\/de\\\/#website\"},\"primaryImageOfPage\":{\"@id\":\"https:\\\/\\\/magyarpenclub.hu\\\/de\\\/2020\\\/12\\\/17\\\/albatros-strauss-schwan\\\/#primaryimage\"},\"image\":{\"@id\":\"https:\\\/\\\/magyarpenclub.hu\\\/de\\\/2020\\\/12\\\/17\\\/albatros-strauss-schwan\\\/#primaryimage\"},\"thumbnailUrl\":\"https:\\\/\\\/magyarpenclub.hu\\\/wp-content\\\/uploads\\\/2022\\\/05\\\/szocs-geza.jpg\",\"datePublished\":\"2020-12-17T19:23:00+00:00\",\"dateModified\":\"2023-11-02T09:54:28+00:00\",\"breadcrumb\":{\"@id\":\"https:\\\/\\\/magyarpenclub.hu\\\/de\\\/2020\\\/12\\\/17\\\/albatros-strauss-schwan\\\/#breadcrumb\"},\"inLanguage\":\"de\",\"potentialAction\":[{\"@type\":\"ReadAction\",\"target\":[\"https:\\\/\\\/magyarpenclub.hu\\\/de\\\/2020\\\/12\\\/17\\\/albatros-strauss-schwan\\\/\"]}]},{\"@type\":\"ImageObject\",\"inLanguage\":\"de\",\"@id\":\"https:\\\/\\\/magyarpenclub.hu\\\/de\\\/2020\\\/12\\\/17\\\/albatros-strauss-schwan\\\/#primaryimage\",\"url\":\"https:\\\/\\\/magyarpenclub.hu\\\/wp-content\\\/uploads\\\/2022\\\/05\\\/szocs-geza.jpg\",\"contentUrl\":\"https:\\\/\\\/magyarpenclub.hu\\\/wp-content\\\/uploads\\\/2022\\\/05\\\/szocs-geza.jpg\",\"width\":1838,\"height\":1374,\"caption\":\"Sz\u0151cs G\u00e9za\"},{\"@type\":\"BreadcrumbList\",\"@id\":\"https:\\\/\\\/magyarpenclub.hu\\\/de\\\/2020\\\/12\\\/17\\\/albatros-strauss-schwan\\\/#breadcrumb\",\"itemListElement\":[{\"@type\":\"ListItem\",\"position\":1,\"name\":\"Kezd\u0151lap\",\"item\":\"https:\\\/\\\/magyarpenclub.hu\\\/de\\\/\"},{\"@type\":\"ListItem\",\"position\":2,\"name\":\"Albatros, Strau\u00df, Schwan&#8230;\"}]},{\"@type\":\"WebSite\",\"@id\":\"https:\\\/\\\/magyarpenclub.hu\\\/de\\\/#website\",\"url\":\"https:\\\/\\\/magyarpenclub.hu\\\/de\\\/\",\"name\":\"Magyar PEN Club\",\"description\":\"H\u00edrek, k\u00f6zlem\u00e9nyek, \u00edr\u00e1sok\",\"publisher\":{\"@id\":\"https:\\\/\\\/magyarpenclub.hu\\\/de\\\/#organization\"},\"potentialAction\":[{\"@type\":\"SearchAction\",\"target\":{\"@type\":\"EntryPoint\",\"urlTemplate\":\"https:\\\/\\\/magyarpenclub.hu\\\/de\\\/?s={search_term_string}\"},\"query-input\":{\"@type\":\"PropertyValueSpecification\",\"valueRequired\":true,\"valueName\":\"search_term_string\"}}],\"inLanguage\":\"de\"},{\"@type\":\"Organization\",\"@id\":\"https:\\\/\\\/magyarpenclub.hu\\\/de\\\/#organization\",\"name\":\"Magyar P.E.N. Club\",\"url\":\"https:\\\/\\\/magyarpenclub.hu\\\/de\\\/\",\"logo\":{\"@type\":\"ImageObject\",\"inLanguage\":\"de\",\"@id\":\"https:\\\/\\\/magyarpenclub.hu\\\/de\\\/#\\\/schema\\\/logo\\\/image\\\/\",\"url\":\"https:\\\/\\\/magyarpenclub.hu\\\/wp-content\\\/uploads\\\/2022\\\/08\\\/magyar-pen-club-logo.png\",\"contentUrl\":\"https:\\\/\\\/magyarpenclub.hu\\\/wp-content\\\/uploads\\\/2022\\\/08\\\/magyar-pen-club-logo.png\",\"width\":195,\"height\":195,\"caption\":\"Magyar P.E.N. Club\"},\"image\":{\"@id\":\"https:\\\/\\\/magyarpenclub.hu\\\/de\\\/#\\\/schema\\\/logo\\\/image\\\/\"},\"sameAs\":[\"https:\\\/\\\/www.facebook.com\\\/magyarpenclub\",\"https:\\\/\\\/www.youtube.com\\\/channel\\\/UC8bw1YALHZZJCJ-7bqvlR6Q\"]},{\"@type\":\"Person\",\"@id\":\"https:\\\/\\\/magyarpenclub.hu\\\/de\\\/#\\\/schema\\\/person\\\/9d0e9bdcfa14a17e3af44ee46f4f047e\",\"name\":\"admin\",\"image\":{\"@type\":\"ImageObject\",\"inLanguage\":\"de\",\"@id\":\"https:\\\/\\\/secure.gravatar.com\\\/avatar\\\/56608a5ae1d60c555b558b0cda110391ad52d81e37b79808b2f59eaf60ba9e43?s=96&d=mm&r=g\",\"url\":\"https:\\\/\\\/secure.gravatar.com\\\/avatar\\\/56608a5ae1d60c555b558b0cda110391ad52d81e37b79808b2f59eaf60ba9e43?s=96&d=mm&r=g\",\"contentUrl\":\"https:\\\/\\\/secure.gravatar.com\\\/avatar\\\/56608a5ae1d60c555b558b0cda110391ad52d81e37b79808b2f59eaf60ba9e43?s=96&d=mm&r=g\",\"caption\":\"admin\"},\"sameAs\":[\"https:\\\/\\\/magyarpenclub.hu\"],\"url\":\"https:\\\/\\\/magyarpenclub.hu\\\/de\\\/author\\\/admin\\\/\"}]}<\/script>\n<!-- \/ Yoast SEO plugin. -->","yoast_head_json":{"title":"Albatros, Strau\u00df, Schwan... - Magyar PEN Club","robots":{"index":"index","follow":"follow","max-snippet":"max-snippet:-1","max-image-preview":"max-image-preview:large","max-video-preview":"max-video-preview:-1"},"canonical":"https:\/\/magyarpenclub.hu\/de\/2020\/12\/17\/albatros-strauss-schwan\/","og_locale":"de_DE","og_type":"article","og_title":"Albatros, Strau\u00df, Schwan... - Magyar PEN Club","og_description":"G\u00e9za Sz\u0151cs hat uns verlassen. Von heute an wird die Sonne anders aufgehen und nichts wird mehr so sein wie vorher. Wir k\u00f6nnten, wie in einem Nachruf, seine Titel, seine Auszeichnungen, seinen Rang, seinen Status aufz\u00e4hlen - aber diejenigen, die ihn kannten, wissen \u00fcber all das hinaus, dass sich eine viel gr\u00f6\u00dfere Trag\u00f6die ereignet hat.","og_url":"https:\/\/magyarpenclub.hu\/de\/2020\/12\/17\/albatros-strauss-schwan\/","og_site_name":"Magyar PEN Club","article_publisher":"https:\/\/www.facebook.com\/magyarpenclub","article_published_time":"2020-12-17T19:23:00+00:00","article_modified_time":"2023-11-02T09:54:28+00:00","og_image":[{"width":1838,"height":1374,"url":"https:\/\/magyarpenclub.hu\/wp-content\/uploads\/2022\/05\/szocs-geza.jpg","type":"image\/jpeg"}],"author":"admin","twitter_card":"summary_large_image","twitter_misc":{"Verfasst von":"admin","Gesch\u00e4tzte Lesezeit":"4\u00a0Minuten"},"schema":{"@context":"https:\/\/schema.org","@graph":[{"@type":"Article","@id":"https:\/\/magyarpenclub.hu\/de\/2020\/12\/17\/albatros-strauss-schwan\/#article","isPartOf":{"@id":"https:\/\/magyarpenclub.hu\/de\/2020\/12\/17\/albatros-strauss-schwan\/"},"author":{"name":"admin","@id":"https:\/\/magyarpenclub.hu\/de\/#\/schema\/person\/9d0e9bdcfa14a17e3af44ee46f4f047e"},"headline":"Albatros, Strau\u00df, Schwan&#8230;","datePublished":"2020-12-17T19:23:00+00:00","dateModified":"2023-11-02T09:54:28+00:00","mainEntityOfPage":{"@id":"https:\/\/magyarpenclub.hu\/de\/2020\/12\/17\/albatros-strauss-schwan\/"},"wordCount":831,"publisher":{"@id":"https:\/\/magyarpenclub.hu\/de\/#organization"},"image":{"@id":"https:\/\/magyarpenclub.hu\/de\/2020\/12\/17\/albatros-strauss-schwan\/#primaryimage"},"thumbnailUrl":"https:\/\/magyarpenclub.hu\/wp-content\/uploads\/2022\/05\/szocs-geza.jpg","articleSection":["In memoriam"],"inLanguage":"de"},{"@type":"WebPage","@id":"https:\/\/magyarpenclub.hu\/de\/2020\/12\/17\/albatros-strauss-schwan\/","url":"https:\/\/magyarpenclub.hu\/de\/2020\/12\/17\/albatros-strauss-schwan\/","name":"Albatros, Strau\u00df, Schwan... - Magyar PEN Club","isPartOf":{"@id":"https:\/\/magyarpenclub.hu\/de\/#website"},"primaryImageOfPage":{"@id":"https:\/\/magyarpenclub.hu\/de\/2020\/12\/17\/albatros-strauss-schwan\/#primaryimage"},"image":{"@id":"https:\/\/magyarpenclub.hu\/de\/2020\/12\/17\/albatros-strauss-schwan\/#primaryimage"},"thumbnailUrl":"https:\/\/magyarpenclub.hu\/wp-content\/uploads\/2022\/05\/szocs-geza.jpg","datePublished":"2020-12-17T19:23:00+00:00","dateModified":"2023-11-02T09:54:28+00:00","breadcrumb":{"@id":"https:\/\/magyarpenclub.hu\/de\/2020\/12\/17\/albatros-strauss-schwan\/#breadcrumb"},"inLanguage":"de","potentialAction":[{"@type":"ReadAction","target":["https:\/\/magyarpenclub.hu\/de\/2020\/12\/17\/albatros-strauss-schwan\/"]}]},{"@type":"ImageObject","inLanguage":"de","@id":"https:\/\/magyarpenclub.hu\/de\/2020\/12\/17\/albatros-strauss-schwan\/#primaryimage","url":"https:\/\/magyarpenclub.hu\/wp-content\/uploads\/2022\/05\/szocs-geza.jpg","contentUrl":"https:\/\/magyarpenclub.hu\/wp-content\/uploads\/2022\/05\/szocs-geza.jpg","width":1838,"height":1374,"caption":"Sz\u0151cs G\u00e9za"},{"@type":"BreadcrumbList","@id":"https:\/\/magyarpenclub.hu\/de\/2020\/12\/17\/albatros-strauss-schwan\/#breadcrumb","itemListElement":[{"@type":"ListItem","position":1,"name":"Kezd\u0151lap","item":"https:\/\/magyarpenclub.hu\/de\/"},{"@type":"ListItem","position":2,"name":"Albatros, Strau\u00df, Schwan&#8230;"}]},{"@type":"WebSite","@id":"https:\/\/magyarpenclub.hu\/de\/#website","url":"https:\/\/magyarpenclub.hu\/de\/","name":"Magyar PEN Club","description":"H\u00edrek, k\u00f6zlem\u00e9nyek, \u00edr\u00e1sok","publisher":{"@id":"https:\/\/magyarpenclub.hu\/de\/#organization"},"potentialAction":[{"@type":"SearchAction","target":{"@type":"EntryPoint","urlTemplate":"https:\/\/magyarpenclub.hu\/de\/?s={search_term_string}"},"query-input":{"@type":"PropertyValueSpecification","valueRequired":true,"valueName":"search_term_string"}}],"inLanguage":"de"},{"@type":"Organization","@id":"https:\/\/magyarpenclub.hu\/de\/#organization","name":"Magyar P.E.N. Club","url":"https:\/\/magyarpenclub.hu\/de\/","logo":{"@type":"ImageObject","inLanguage":"de","@id":"https:\/\/magyarpenclub.hu\/de\/#\/schema\/logo\/image\/","url":"https:\/\/magyarpenclub.hu\/wp-content\/uploads\/2022\/08\/magyar-pen-club-logo.png","contentUrl":"https:\/\/magyarpenclub.hu\/wp-content\/uploads\/2022\/08\/magyar-pen-club-logo.png","width":195,"height":195,"caption":"Magyar P.E.N. Club"},"image":{"@id":"https:\/\/magyarpenclub.hu\/de\/#\/schema\/logo\/image\/"},"sameAs":["https:\/\/www.facebook.com\/magyarpenclub","https:\/\/www.youtube.com\/channel\/UC8bw1YALHZZJCJ-7bqvlR6Q"]},{"@type":"Person","@id":"https:\/\/magyarpenclub.hu\/de\/#\/schema\/person\/9d0e9bdcfa14a17e3af44ee46f4f047e","name":"admin","image":{"@type":"ImageObject","inLanguage":"de","@id":"https:\/\/secure.gravatar.com\/avatar\/56608a5ae1d60c555b558b0cda110391ad52d81e37b79808b2f59eaf60ba9e43?s=96&d=mm&r=g","url":"https:\/\/secure.gravatar.com\/avatar\/56608a5ae1d60c555b558b0cda110391ad52d81e37b79808b2f59eaf60ba9e43?s=96&d=mm&r=g","contentUrl":"https:\/\/secure.gravatar.com\/avatar\/56608a5ae1d60c555b558b0cda110391ad52d81e37b79808b2f59eaf60ba9e43?s=96&d=mm&r=g","caption":"admin"},"sameAs":["https:\/\/magyarpenclub.hu"],"url":"https:\/\/magyarpenclub.hu\/de\/author\/admin\/"}]}},"_links":{"self":[{"href":"https:\/\/magyarpenclub.hu\/de\/wp-json\/wp\/v2\/posts\/7194","targetHints":{"allow":["GET"]}}],"collection":[{"href":"https:\/\/magyarpenclub.hu\/de\/wp-json\/wp\/v2\/posts"}],"about":[{"href":"https:\/\/magyarpenclub.hu\/de\/wp-json\/wp\/v2\/types\/post"}],"author":[{"embeddable":true,"href":"https:\/\/magyarpenclub.hu\/de\/wp-json\/wp\/v2\/users\/1"}],"replies":[{"embeddable":true,"href":"https:\/\/magyarpenclub.hu\/de\/wp-json\/wp\/v2\/comments?post=7194"}],"version-history":[{"count":0,"href":"https:\/\/magyarpenclub.hu\/de\/wp-json\/wp\/v2\/posts\/7194\/revisions"}],"wp:featuredmedia":[{"embeddable":true,"href":"https:\/\/magyarpenclub.hu\/de\/wp-json\/wp\/v2\/media\/6473"}],"wp:attachment":[{"href":"https:\/\/magyarpenclub.hu\/de\/wp-json\/wp\/v2\/media?parent=7194"}],"wp:term":[{"taxonomy":"category","embeddable":true,"href":"https:\/\/magyarpenclub.hu\/de\/wp-json\/wp\/v2\/categories?post=7194"},{"taxonomy":"post_tag","embeddable":true,"href":"https:\/\/magyarpenclub.hu\/de\/wp-json\/wp\/v2\/tags?post=7194"}],"curies":[{"name":"wp","href":"https:\/\/api.w.org\/{rel}","templated":true}]}}