{"id":7207,"date":"2020-01-19T06:13:00","date_gmt":"2020-01-19T06:13:00","guid":{"rendered":"https:\/\/magyarpenclub.hu\/2020\/01\/19\/adam-makkai-ist-verstorben\/"},"modified":"2023-11-02T09:54:28","modified_gmt":"2023-11-02T09:54:28","slug":"adam-makkai-ist-verstorben","status":"publish","type":"post","link":"https:\/\/magyarpenclub.hu\/de\/2020\/01\/19\/adam-makkai-ist-verstorben\/","title":{"rendered":"\u00c1d\u00e1m Makkai ist verstorben"},"content":{"rendered":"\t\t<div data-elementor-type=\"wp-post\" data-elementor-id=\"7207\" class=\"elementor elementor-7207 elementor-3871\" data-elementor-post-type=\"post\">\n\t\t\t\t\t\t<section class=\"elementor-section elementor-top-section elementor-element elementor-element-02137d0 elementor-section-boxed elementor-section-height-default elementor-section-height-default\" data-id=\"02137d0\" data-element_type=\"section\" data-e-type=\"section\">\n\t\t\t\t\t\t<div class=\"elementor-container elementor-column-gap-wide\">\n\t\t\t\t\t<div class=\"elementor-column elementor-col-100 elementor-top-column elementor-element elementor-element-d1519bd\" data-id=\"d1519bd\" data-element_type=\"column\" data-e-type=\"column\">\n\t\t\t<div class=\"elementor-widget-wrap elementor-element-populated\">\n\t\t\t\t\t\t<div class=\"elementor-element elementor-element-816ab7d elementor-widget elementor-widget-text-editor\" data-id=\"816ab7d\" data-element_type=\"widget\" data-e-type=\"widget\" data-widget_type=\"text-editor.default\">\n\t\t\t\t<div class=\"elementor-widget-container\">\n\t\t\t\t\t\t\t\t\t<p>\u00c1d\u00e1m Makkai war ein pensionierter Professor an der University of Illinois in Chicago, der viel f\u00fcr die internationale Anerkennung der ungarischen Literatur getan hat. Die MMA betrachtet \u00c1d\u00e1m Makkai als ihren eigenen Toten.<\/p>\n<p>\u00c1d\u00e1m Makkai 1935. wurde am 16. Dezember 1996 in Budapest geboren, sein Vater, J\u00e1nos Makkai, war Parlamentsabgeordneter und Journalist, seine Mutter, R\u00f3zsa Ign\u00e1cz, war Schriftstellerin. Er begann sein Studium der Geisteswissenschaften an der ELTE in Budapest und setzte nach seiner Ausreise 1956 seine Studien in Harvard und Yale in den Vereinigten Staaten fort. Von 1958 bis 1960 lehrte er an der Universit\u00e4t von Hawaii, von 1963 bis 1964 an der Universit\u00e4t von Kuala Lumpur und von 1965 bis 1974 an mehreren amerikanischen Universit\u00e4ten. Von 1969 bis 2004 war er au\u00dferordentlicher Professor an der University of Illinois, lehrte aber von 1985 bis 1986 in Singapur und von 1988 bis 2002 am Baptist College of Hong Kong Linguistik.<\/p>\n\t\t\t\t\t\t\t\t<\/div>\n\t\t\t\t<\/div>\n\t\t\t\t\t<\/div>\n\t\t<\/div>\n\t\t\t\t\t<\/div>\n\t\t<\/section>\n\t\t\t\t<section class=\"elementor-section elementor-top-section elementor-element elementor-element-ea53db7 elementor-section-boxed elementor-section-height-default elementor-section-height-default\" data-id=\"ea53db7\" data-element_type=\"section\" data-e-type=\"section\">\n\t\t\t\t\t\t<div class=\"elementor-container elementor-column-gap-wide\">\n\t\t\t\t\t<div class=\"elementor-column elementor-col-100 elementor-top-column elementor-element elementor-element-ae0c3f3\" data-id=\"ae0c3f3\" data-element_type=\"column\" data-e-type=\"column\">\n\t\t\t<div class=\"elementor-widget-wrap elementor-element-populated\">\n\t\t\t\t\t\t<div class=\"elementor-element elementor-element-6ad57c6 elementor-widget elementor-widget-image\" data-id=\"6ad57c6\" data-element_type=\"widget\" data-e-type=\"widget\" data-widget_type=\"image.default\">\n\t\t\t\t<div class=\"elementor-widget-container\">\n\t\t\t\t\t\t\t\t\t\t\t\t<figure class=\"wp-caption\">\n\t\t\t\t\t\t\t\t\t\t<img decoding=\"async\" width=\"800\" height=\"650\" src=\"https:\/\/magyarpenclub.hu\/wp-content\/uploads\/2022\/05\/makkai-adam-1024x832.jpg\" class=\"attachment-large size-large wp-image-6494\" alt=\"\" srcset=\"https:\/\/magyarpenclub.hu\/wp-content\/uploads\/2022\/05\/makkai-adam-1024x832.jpg 1024w, https:\/\/magyarpenclub.hu\/wp-content\/uploads\/2022\/05\/makkai-adam-1000x812.jpg 1000w, https:\/\/magyarpenclub.hu\/wp-content\/uploads\/2022\/05\/makkai-adam-300x244.jpg 300w, https:\/\/magyarpenclub.hu\/wp-content\/uploads\/2022\/05\/makkai-adam-768x624.jpg 768w, https:\/\/magyarpenclub.hu\/wp-content\/uploads\/2022\/05\/makkai-adam-1536x1247.jpg 1536w, https:\/\/magyarpenclub.hu\/wp-content\/uploads\/2022\/05\/makkai-adam-scaled.jpg 2048w\" sizes=\"(max-width: 800px) 100vw, 800px\" \/>\t\t\t\t\t\t\t\t\t\t\t<figcaption class=\"widget-image-caption wp-caption-text\">K\u00e9p\u00fcnk a 2015-\u00f6s d\u00edj\u00e1tad\u00f3n k\u00e9sz\u00fclt. Makkai \u00c1d\u00e1m \u00e9s Giseppe Conte az OSZK-ban.<\/figcaption>\n\t\t\t\t\t\t\t\t\t\t<\/figure>\n\t\t\t\t\t\t\t\t\t<\/div>\n\t\t\t\t<\/div>\n\t\t\t\t\t<\/div>\n\t\t<\/div>\n\t\t\t\t\t<\/div>\n\t\t<\/section>\n\t\t\t\t<section class=\"elementor-section elementor-top-section elementor-element elementor-element-bc63d61 elementor-section-boxed elementor-section-height-default elementor-section-height-default\" data-id=\"bc63d61\" data-element_type=\"section\" data-e-type=\"section\">\n\t\t\t\t\t\t<div class=\"elementor-container elementor-column-gap-wide\">\n\t\t\t\t\t<div class=\"elementor-column elementor-col-100 elementor-top-column elementor-element elementor-element-ba24159\" data-id=\"ba24159\" data-element_type=\"column\" data-e-type=\"column\">\n\t\t\t<div class=\"elementor-widget-wrap elementor-element-populated\">\n\t\t\t\t\t\t<div class=\"elementor-element elementor-element-dbacf7b elementor-widget elementor-widget-text-editor\" data-id=\"dbacf7b\" data-element_type=\"widget\" data-e-type=\"widget\" data-widget_type=\"text-editor.default\">\n\t\t\t\t<div class=\"elementor-widget-container\">\n\t\t\t\t\t\t\t\t\t<p>Im Jahr 1974 gr\u00fcndete er die American Linguists Association, deren Exekutivpr\u00e4sident er auch war. Er ist auch der Gr\u00fcnder der Zeitschrift Forum Linguisticum, und seine Anthologie ungarischer Dichter in englischer Sprache ist ein Werk von kulturhistorischer Bedeutung. Seine 1965 verfasste Dissertation \u00fcber die Idiomstruktur der englischen Sprache wurde 1972 in Buchform bei Mouton in Den Haag ver\u00f6ffentlicht. Im Jahr 1995 gr\u00fcndete er Atlantis-Centaur in Chicago.<\/p>\n<p>Er schrieb metaphysische, ironische Gedichte. Seine wichtigsten Werke sind Durst und Essig (1966), K=13 (1970), Das Auge des Jupiter (1991), Cantio Nocturna Peregrini Aviumque (1996), Herr Gott! Lasst mich sterben! (2002), The Force (2003), Jesus and the Prayer of the Demons (2005). Die sch\u00f6nsten tausend Gedichte (2002) ist eine Auswahl aus acht Jahrhunderten der Poesie. Seine Cantio Nocturna Peregrini Aviumque, die 1999 mit Unterst\u00fctzung des ungarischen Staates auf der Frankfurter Messe ausgestellt wurde, enth\u00e4lt 12 Variationen in acht Sprachen \u00fcber Goethes Gedicht Ein \u00e4hnliches Gedicht, das einen Anhang zu seinem Gedicht Ein Nachtlied des Wanderers bildet.<\/p>\n<p>Im Jahr 2002 wurde seine tausend Seiten umfassende Gedichtsammlung Die sch\u00f6nsten tausend Gedichte aus acht Jahrhunderten der Poesie in Budapest vorgestellt und auch als Lehrbuch empfohlen, da die Sammlung auch Kurzbiographien der Dichter enth\u00e4lt.<\/p>\n<p>\u00c1d\u00e1m Makkai erhielt 2011 den Kossuth-Preis f\u00fcr seine Arbeit als literarischer \u00dcbersetzer, f\u00fcr seine Gedichte, die mit einer au\u00dfergew\u00f6hnlichen formalen Kultur und einem unvergleichlichen sprachlichen Einfallsreichtum geschrieben wurden, als Anerkennung f\u00fcr seine Karriere. Im Jahr 2016 erhielt er den Gro\u00dfen Kossuth-Preis in Anerkennung seiner hochgesch\u00e4tzten \u00dcbersetzungen ungarischer Lyrik, seines einzigartigen Stils und seiner Erfindungsgabe, seines au\u00dfergew\u00f6hnlichen k\u00fcnstlerischen Werdegangs und seines wertsch\u00f6pfenden p\u00e4dagogischen und akademischen \u00f6ffentlichen Lebens. Im Jahr 2015 wurde er von der Janus-Pannonius-Stiftung mit dem Gro\u00dfen Internationalen Janus-Pannonius-Preis f\u00fcr literarisches Schaffen ausgezeichnet, und 2016 erhielt er den ungarischen St.-Stephan-Orden. Im Jahr 2019 wurde er zum ordentlichen Mitglied der Ungarischen Akademie der K\u00fcnste (MMA) gew\u00e4hlt.<\/p>\n<\/p>\n<p><em>(nach Magyar Nemzet)<\/em><\/p>\n\t\t\t\t\t\t\t\t<\/div>\n\t\t\t\t<\/div>\n\t\t\t\t\t<\/div>\n\t\t<\/div>\n\t\t\t\t\t<\/div>\n\t\t<\/section>\n\t\t\t\t<\/div>\n\t\t","protected":false},"excerpt":{"rendered":"<p>\u00c1d\u00e1m Makkai war ein pensionierter Professor an der University of Illinois in Chicago, der viel f\u00fcr die internationale Anerkennung der ungarischen Literatur getan hat. Die MMA betrachtet \u00c1d\u00e1m Makkai als ihren eigenen Toten.<\/p>\n","protected":false},"author":1,"featured_media":6494,"comment_status":"closed","ping_status":"open","sticky":false,"template":"","format":"standard","meta":{"_acf_changed":false,"footnotes":""},"categories":[170],"tags":[],"class_list":["post-7207","post","type-post","status-publish","format-standard","has-post-thumbnail","hentry","category-in-memoriam-de"],"acf":[],"yoast_head":"<!-- This site is optimized with the Yoast SEO plugin v27.5 - https:\/\/yoast.com\/product\/yoast-seo-wordpress\/ -->\n<title>\u00c1d\u00e1m Makkai ist verstorben - Magyar PEN Club<\/title>\n<meta name=\"robots\" content=\"index, follow, max-snippet:-1, max-image-preview:large, max-video-preview:-1\" \/>\n<link rel=\"canonical\" href=\"https:\/\/magyarpenclub.hu\/de\/2020\/01\/19\/adam-makkai-ist-verstorben\/\" \/>\n<meta property=\"og:locale\" content=\"de_DE\" \/>\n<meta property=\"og:type\" content=\"article\" \/>\n<meta property=\"og:title\" content=\"\u00c1d\u00e1m Makkai ist verstorben - Magyar PEN Club\" \/>\n<meta property=\"og:description\" content=\"\u00c1d\u00e1m Makkai war ein pensionierter Professor an der University of Illinois in Chicago, der viel f\u00fcr die internationale Anerkennung der ungarischen Literatur getan hat. Die MMA betrachtet \u00c1d\u00e1m Makkai als ihren eigenen Toten.\" \/>\n<meta property=\"og:url\" content=\"https:\/\/magyarpenclub.hu\/de\/2020\/01\/19\/adam-makkai-ist-verstorben\/\" \/>\n<meta property=\"og:site_name\" content=\"Magyar PEN Club\" \/>\n<meta property=\"article:publisher\" content=\"https:\/\/www.facebook.com\/magyarpenclub\" \/>\n<meta property=\"article:published_time\" content=\"2020-01-19T06:13:00+00:00\" \/>\n<meta property=\"article:modified_time\" content=\"2023-11-02T09:54:28+00:00\" \/>\n<meta property=\"og:image\" content=\"https:\/\/magyarpenclub.hu\/wp-content\/uploads\/2022\/05\/makkai-adam-scaled.jpg\" \/>\n\t<meta property=\"og:image:width\" content=\"2560\" \/>\n\t<meta property=\"og:image:height\" content=\"2079\" \/>\n\t<meta property=\"og:image:type\" content=\"image\/jpeg\" \/>\n<meta name=\"author\" content=\"admin\" \/>\n<meta name=\"twitter:card\" content=\"summary_large_image\" \/>\n<meta name=\"twitter:label1\" content=\"Verfasst von\" \/>\n\t<meta name=\"twitter:data1\" content=\"admin\" \/>\n\t<meta name=\"twitter:label2\" content=\"Gesch\u00e4tzte Lesezeit\" \/>\n\t<meta name=\"twitter:data2\" content=\"2\u00a0Minuten\" \/>\n<script type=\"application\/ld+json\" class=\"yoast-schema-graph\">{\"@context\":\"https:\\\/\\\/schema.org\",\"@graph\":[{\"@type\":\"Article\",\"@id\":\"https:\\\/\\\/magyarpenclub.hu\\\/de\\\/2020\\\/01\\\/19\\\/adam-makkai-ist-verstorben\\\/#article\",\"isPartOf\":{\"@id\":\"https:\\\/\\\/magyarpenclub.hu\\\/de\\\/2020\\\/01\\\/19\\\/adam-makkai-ist-verstorben\\\/\"},\"author\":{\"name\":\"admin\",\"@id\":\"https:\\\/\\\/magyarpenclub.hu\\\/de\\\/#\\\/schema\\\/person\\\/9d0e9bdcfa14a17e3af44ee46f4f047e\"},\"headline\":\"\u00c1d\u00e1m Makkai ist verstorben\",\"datePublished\":\"2020-01-19T06:13:00+00:00\",\"dateModified\":\"2023-11-02T09:54:28+00:00\",\"mainEntityOfPage\":{\"@id\":\"https:\\\/\\\/magyarpenclub.hu\\\/de\\\/2020\\\/01\\\/19\\\/adam-makkai-ist-verstorben\\\/\"},\"wordCount\":481,\"publisher\":{\"@id\":\"https:\\\/\\\/magyarpenclub.hu\\\/de\\\/#organization\"},\"image\":{\"@id\":\"https:\\\/\\\/magyarpenclub.hu\\\/de\\\/2020\\\/01\\\/19\\\/adam-makkai-ist-verstorben\\\/#primaryimage\"},\"thumbnailUrl\":\"https:\\\/\\\/magyarpenclub.hu\\\/wp-content\\\/uploads\\\/2022\\\/05\\\/makkai-adam-scaled.jpg\",\"articleSection\":[\"In memoriam\"],\"inLanguage\":\"de\"},{\"@type\":\"WebPage\",\"@id\":\"https:\\\/\\\/magyarpenclub.hu\\\/de\\\/2020\\\/01\\\/19\\\/adam-makkai-ist-verstorben\\\/\",\"url\":\"https:\\\/\\\/magyarpenclub.hu\\\/de\\\/2020\\\/01\\\/19\\\/adam-makkai-ist-verstorben\\\/\",\"name\":\"\u00c1d\u00e1m Makkai ist verstorben - Magyar PEN Club\",\"isPartOf\":{\"@id\":\"https:\\\/\\\/magyarpenclub.hu\\\/de\\\/#website\"},\"primaryImageOfPage\":{\"@id\":\"https:\\\/\\\/magyarpenclub.hu\\\/de\\\/2020\\\/01\\\/19\\\/adam-makkai-ist-verstorben\\\/#primaryimage\"},\"image\":{\"@id\":\"https:\\\/\\\/magyarpenclub.hu\\\/de\\\/2020\\\/01\\\/19\\\/adam-makkai-ist-verstorben\\\/#primaryimage\"},\"thumbnailUrl\":\"https:\\\/\\\/magyarpenclub.hu\\\/wp-content\\\/uploads\\\/2022\\\/05\\\/makkai-adam-scaled.jpg\",\"datePublished\":\"2020-01-19T06:13:00+00:00\",\"dateModified\":\"2023-11-02T09:54:28+00:00\",\"breadcrumb\":{\"@id\":\"https:\\\/\\\/magyarpenclub.hu\\\/de\\\/2020\\\/01\\\/19\\\/adam-makkai-ist-verstorben\\\/#breadcrumb\"},\"inLanguage\":\"de\",\"potentialAction\":[{\"@type\":\"ReadAction\",\"target\":[\"https:\\\/\\\/magyarpenclub.hu\\\/de\\\/2020\\\/01\\\/19\\\/adam-makkai-ist-verstorben\\\/\"]}]},{\"@type\":\"ImageObject\",\"inLanguage\":\"de\",\"@id\":\"https:\\\/\\\/magyarpenclub.hu\\\/de\\\/2020\\\/01\\\/19\\\/adam-makkai-ist-verstorben\\\/#primaryimage\",\"url\":\"https:\\\/\\\/magyarpenclub.hu\\\/wp-content\\\/uploads\\\/2022\\\/05\\\/makkai-adam-scaled.jpg\",\"contentUrl\":\"https:\\\/\\\/magyarpenclub.hu\\\/wp-content\\\/uploads\\\/2022\\\/05\\\/makkai-adam-scaled.jpg\",\"width\":2048,\"height\":1663,\"caption\":\"K\u00e9p\u00fcnk a 2015-\u00f6s d\u00edj\u00e1tad\u00f3n k\u00e9sz\u00fclt. Makkai \u00c1d\u00e1m \u00e9s Giseppe Conte az OSZK-ban.\"},{\"@type\":\"BreadcrumbList\",\"@id\":\"https:\\\/\\\/magyarpenclub.hu\\\/de\\\/2020\\\/01\\\/19\\\/adam-makkai-ist-verstorben\\\/#breadcrumb\",\"itemListElement\":[{\"@type\":\"ListItem\",\"position\":1,\"name\":\"Kezd\u0151lap\",\"item\":\"https:\\\/\\\/magyarpenclub.hu\\\/de\\\/\"},{\"@type\":\"ListItem\",\"position\":2,\"name\":\"\u00c1d\u00e1m Makkai ist verstorben\"}]},{\"@type\":\"WebSite\",\"@id\":\"https:\\\/\\\/magyarpenclub.hu\\\/de\\\/#website\",\"url\":\"https:\\\/\\\/magyarpenclub.hu\\\/de\\\/\",\"name\":\"Magyar PEN Club\",\"description\":\"H\u00edrek, k\u00f6zlem\u00e9nyek, \u00edr\u00e1sok\",\"publisher\":{\"@id\":\"https:\\\/\\\/magyarpenclub.hu\\\/de\\\/#organization\"},\"potentialAction\":[{\"@type\":\"SearchAction\",\"target\":{\"@type\":\"EntryPoint\",\"urlTemplate\":\"https:\\\/\\\/magyarpenclub.hu\\\/de\\\/?s={search_term_string}\"},\"query-input\":{\"@type\":\"PropertyValueSpecification\",\"valueRequired\":true,\"valueName\":\"search_term_string\"}}],\"inLanguage\":\"de\"},{\"@type\":\"Organization\",\"@id\":\"https:\\\/\\\/magyarpenclub.hu\\\/de\\\/#organization\",\"name\":\"Magyar P.E.N. Club\",\"url\":\"https:\\\/\\\/magyarpenclub.hu\\\/de\\\/\",\"logo\":{\"@type\":\"ImageObject\",\"inLanguage\":\"de\",\"@id\":\"https:\\\/\\\/magyarpenclub.hu\\\/de\\\/#\\\/schema\\\/logo\\\/image\\\/\",\"url\":\"https:\\\/\\\/magyarpenclub.hu\\\/wp-content\\\/uploads\\\/2022\\\/08\\\/magyar-pen-club-logo.png\",\"contentUrl\":\"https:\\\/\\\/magyarpenclub.hu\\\/wp-content\\\/uploads\\\/2022\\\/08\\\/magyar-pen-club-logo.png\",\"width\":195,\"height\":195,\"caption\":\"Magyar P.E.N. Club\"},\"image\":{\"@id\":\"https:\\\/\\\/magyarpenclub.hu\\\/de\\\/#\\\/schema\\\/logo\\\/image\\\/\"},\"sameAs\":[\"https:\\\/\\\/www.facebook.com\\\/magyarpenclub\",\"https:\\\/\\\/www.youtube.com\\\/channel\\\/UC8bw1YALHZZJCJ-7bqvlR6Q\"]},{\"@type\":\"Person\",\"@id\":\"https:\\\/\\\/magyarpenclub.hu\\\/de\\\/#\\\/schema\\\/person\\\/9d0e9bdcfa14a17e3af44ee46f4f047e\",\"name\":\"admin\",\"image\":{\"@type\":\"ImageObject\",\"inLanguage\":\"de\",\"@id\":\"https:\\\/\\\/secure.gravatar.com\\\/avatar\\\/56608a5ae1d60c555b558b0cda110391ad52d81e37b79808b2f59eaf60ba9e43?s=96&d=mm&r=g\",\"url\":\"https:\\\/\\\/secure.gravatar.com\\\/avatar\\\/56608a5ae1d60c555b558b0cda110391ad52d81e37b79808b2f59eaf60ba9e43?s=96&d=mm&r=g\",\"contentUrl\":\"https:\\\/\\\/secure.gravatar.com\\\/avatar\\\/56608a5ae1d60c555b558b0cda110391ad52d81e37b79808b2f59eaf60ba9e43?s=96&d=mm&r=g\",\"caption\":\"admin\"},\"sameAs\":[\"https:\\\/\\\/magyarpenclub.hu\"],\"url\":\"https:\\\/\\\/magyarpenclub.hu\\\/de\\\/author\\\/admin\\\/\"}]}<\/script>\n<!-- \/ Yoast SEO plugin. -->","yoast_head_json":{"title":"\u00c1d\u00e1m Makkai ist verstorben - Magyar PEN Club","robots":{"index":"index","follow":"follow","max-snippet":"max-snippet:-1","max-image-preview":"max-image-preview:large","max-video-preview":"max-video-preview:-1"},"canonical":"https:\/\/magyarpenclub.hu\/de\/2020\/01\/19\/adam-makkai-ist-verstorben\/","og_locale":"de_DE","og_type":"article","og_title":"\u00c1d\u00e1m Makkai ist verstorben - Magyar PEN Club","og_description":"\u00c1d\u00e1m Makkai war ein pensionierter Professor an der University of Illinois in Chicago, der viel f\u00fcr die internationale Anerkennung der ungarischen Literatur getan hat. Die MMA betrachtet \u00c1d\u00e1m Makkai als ihren eigenen Toten.","og_url":"https:\/\/magyarpenclub.hu\/de\/2020\/01\/19\/adam-makkai-ist-verstorben\/","og_site_name":"Magyar PEN Club","article_publisher":"https:\/\/www.facebook.com\/magyarpenclub","article_published_time":"2020-01-19T06:13:00+00:00","article_modified_time":"2023-11-02T09:54:28+00:00","og_image":[{"width":2560,"height":2079,"url":"https:\/\/magyarpenclub.hu\/wp-content\/uploads\/2022\/05\/makkai-adam-scaled.jpg","type":"image\/jpeg"}],"author":"admin","twitter_card":"summary_large_image","twitter_misc":{"Verfasst von":"admin","Gesch\u00e4tzte Lesezeit":"2\u00a0Minuten"},"schema":{"@context":"https:\/\/schema.org","@graph":[{"@type":"Article","@id":"https:\/\/magyarpenclub.hu\/de\/2020\/01\/19\/adam-makkai-ist-verstorben\/#article","isPartOf":{"@id":"https:\/\/magyarpenclub.hu\/de\/2020\/01\/19\/adam-makkai-ist-verstorben\/"},"author":{"name":"admin","@id":"https:\/\/magyarpenclub.hu\/de\/#\/schema\/person\/9d0e9bdcfa14a17e3af44ee46f4f047e"},"headline":"\u00c1d\u00e1m Makkai ist verstorben","datePublished":"2020-01-19T06:13:00+00:00","dateModified":"2023-11-02T09:54:28+00:00","mainEntityOfPage":{"@id":"https:\/\/magyarpenclub.hu\/de\/2020\/01\/19\/adam-makkai-ist-verstorben\/"},"wordCount":481,"publisher":{"@id":"https:\/\/magyarpenclub.hu\/de\/#organization"},"image":{"@id":"https:\/\/magyarpenclub.hu\/de\/2020\/01\/19\/adam-makkai-ist-verstorben\/#primaryimage"},"thumbnailUrl":"https:\/\/magyarpenclub.hu\/wp-content\/uploads\/2022\/05\/makkai-adam-scaled.jpg","articleSection":["In memoriam"],"inLanguage":"de"},{"@type":"WebPage","@id":"https:\/\/magyarpenclub.hu\/de\/2020\/01\/19\/adam-makkai-ist-verstorben\/","url":"https:\/\/magyarpenclub.hu\/de\/2020\/01\/19\/adam-makkai-ist-verstorben\/","name":"\u00c1d\u00e1m Makkai ist verstorben - Magyar PEN Club","isPartOf":{"@id":"https:\/\/magyarpenclub.hu\/de\/#website"},"primaryImageOfPage":{"@id":"https:\/\/magyarpenclub.hu\/de\/2020\/01\/19\/adam-makkai-ist-verstorben\/#primaryimage"},"image":{"@id":"https:\/\/magyarpenclub.hu\/de\/2020\/01\/19\/adam-makkai-ist-verstorben\/#primaryimage"},"thumbnailUrl":"https:\/\/magyarpenclub.hu\/wp-content\/uploads\/2022\/05\/makkai-adam-scaled.jpg","datePublished":"2020-01-19T06:13:00+00:00","dateModified":"2023-11-02T09:54:28+00:00","breadcrumb":{"@id":"https:\/\/magyarpenclub.hu\/de\/2020\/01\/19\/adam-makkai-ist-verstorben\/#breadcrumb"},"inLanguage":"de","potentialAction":[{"@type":"ReadAction","target":["https:\/\/magyarpenclub.hu\/de\/2020\/01\/19\/adam-makkai-ist-verstorben\/"]}]},{"@type":"ImageObject","inLanguage":"de","@id":"https:\/\/magyarpenclub.hu\/de\/2020\/01\/19\/adam-makkai-ist-verstorben\/#primaryimage","url":"https:\/\/magyarpenclub.hu\/wp-content\/uploads\/2022\/05\/makkai-adam-scaled.jpg","contentUrl":"https:\/\/magyarpenclub.hu\/wp-content\/uploads\/2022\/05\/makkai-adam-scaled.jpg","width":2048,"height":1663,"caption":"K\u00e9p\u00fcnk a 2015-\u00f6s d\u00edj\u00e1tad\u00f3n k\u00e9sz\u00fclt. Makkai \u00c1d\u00e1m \u00e9s Giseppe Conte az OSZK-ban."},{"@type":"BreadcrumbList","@id":"https:\/\/magyarpenclub.hu\/de\/2020\/01\/19\/adam-makkai-ist-verstorben\/#breadcrumb","itemListElement":[{"@type":"ListItem","position":1,"name":"Kezd\u0151lap","item":"https:\/\/magyarpenclub.hu\/de\/"},{"@type":"ListItem","position":2,"name":"\u00c1d\u00e1m Makkai ist verstorben"}]},{"@type":"WebSite","@id":"https:\/\/magyarpenclub.hu\/de\/#website","url":"https:\/\/magyarpenclub.hu\/de\/","name":"Magyar PEN Club","description":"H\u00edrek, k\u00f6zlem\u00e9nyek, \u00edr\u00e1sok","publisher":{"@id":"https:\/\/magyarpenclub.hu\/de\/#organization"},"potentialAction":[{"@type":"SearchAction","target":{"@type":"EntryPoint","urlTemplate":"https:\/\/magyarpenclub.hu\/de\/?s={search_term_string}"},"query-input":{"@type":"PropertyValueSpecification","valueRequired":true,"valueName":"search_term_string"}}],"inLanguage":"de"},{"@type":"Organization","@id":"https:\/\/magyarpenclub.hu\/de\/#organization","name":"Magyar P.E.N. Club","url":"https:\/\/magyarpenclub.hu\/de\/","logo":{"@type":"ImageObject","inLanguage":"de","@id":"https:\/\/magyarpenclub.hu\/de\/#\/schema\/logo\/image\/","url":"https:\/\/magyarpenclub.hu\/wp-content\/uploads\/2022\/08\/magyar-pen-club-logo.png","contentUrl":"https:\/\/magyarpenclub.hu\/wp-content\/uploads\/2022\/08\/magyar-pen-club-logo.png","width":195,"height":195,"caption":"Magyar P.E.N. Club"},"image":{"@id":"https:\/\/magyarpenclub.hu\/de\/#\/schema\/logo\/image\/"},"sameAs":["https:\/\/www.facebook.com\/magyarpenclub","https:\/\/www.youtube.com\/channel\/UC8bw1YALHZZJCJ-7bqvlR6Q"]},{"@type":"Person","@id":"https:\/\/magyarpenclub.hu\/de\/#\/schema\/person\/9d0e9bdcfa14a17e3af44ee46f4f047e","name":"admin","image":{"@type":"ImageObject","inLanguage":"de","@id":"https:\/\/secure.gravatar.com\/avatar\/56608a5ae1d60c555b558b0cda110391ad52d81e37b79808b2f59eaf60ba9e43?s=96&d=mm&r=g","url":"https:\/\/secure.gravatar.com\/avatar\/56608a5ae1d60c555b558b0cda110391ad52d81e37b79808b2f59eaf60ba9e43?s=96&d=mm&r=g","contentUrl":"https:\/\/secure.gravatar.com\/avatar\/56608a5ae1d60c555b558b0cda110391ad52d81e37b79808b2f59eaf60ba9e43?s=96&d=mm&r=g","caption":"admin"},"sameAs":["https:\/\/magyarpenclub.hu"],"url":"https:\/\/magyarpenclub.hu\/de\/author\/admin\/"}]}},"_links":{"self":[{"href":"https:\/\/magyarpenclub.hu\/de\/wp-json\/wp\/v2\/posts\/7207","targetHints":{"allow":["GET"]}}],"collection":[{"href":"https:\/\/magyarpenclub.hu\/de\/wp-json\/wp\/v2\/posts"}],"about":[{"href":"https:\/\/magyarpenclub.hu\/de\/wp-json\/wp\/v2\/types\/post"}],"author":[{"embeddable":true,"href":"https:\/\/magyarpenclub.hu\/de\/wp-json\/wp\/v2\/users\/1"}],"replies":[{"embeddable":true,"href":"https:\/\/magyarpenclub.hu\/de\/wp-json\/wp\/v2\/comments?post=7207"}],"version-history":[{"count":0,"href":"https:\/\/magyarpenclub.hu\/de\/wp-json\/wp\/v2\/posts\/7207\/revisions"}],"wp:featuredmedia":[{"embeddable":true,"href":"https:\/\/magyarpenclub.hu\/de\/wp-json\/wp\/v2\/media\/6494"}],"wp:attachment":[{"href":"https:\/\/magyarpenclub.hu\/de\/wp-json\/wp\/v2\/media?parent=7207"}],"wp:term":[{"taxonomy":"category","embeddable":true,"href":"https:\/\/magyarpenclub.hu\/de\/wp-json\/wp\/v2\/categories?post=7207"},{"taxonomy":"post_tag","embeddable":true,"href":"https:\/\/magyarpenclub.hu\/de\/wp-json\/wp\/v2\/tags?post=7207"}],"curies":[{"name":"wp","href":"https:\/\/api.w.org\/{rel}","templated":true}]}}