{"id":7233,"date":"2020-01-20T06:31:00","date_gmt":"2020-01-20T06:31:00","guid":{"rendered":"https:\/\/magyarpenclub.hu\/2020\/01\/20\/eva-bonczidai-alles-heimweh-kam-vom-himmel-in-erinnerung-an-adam-makkai\/"},"modified":"2023-11-02T09:54:29","modified_gmt":"2023-11-02T09:54:29","slug":"eva-bonczidai-alles-heimweh-kam-vom-himmel-in-erinnerung-an-adam-makkai","status":"publish","type":"post","link":"https:\/\/magyarpenclub.hu\/de\/2020\/01\/20\/eva-bonczidai-alles-heimweh-kam-vom-himmel-in-erinnerung-an-adam-makkai\/","title":{"rendered":"\u00c9va Bonczidai: &#8222;Alles Heimweh kam vom Himmel&#8220; &#8211; in Erinnerung an \u00c1d\u00e1m Makkai"},"content":{"rendered":"\t\t<div data-elementor-type=\"wp-post\" data-elementor-id=\"7233\" class=\"elementor elementor-7233 elementor-3862\" data-elementor-post-type=\"post\">\n\t\t\t\t\t\t<section class=\"elementor-section elementor-top-section elementor-element elementor-element-02137d0 elementor-section-boxed elementor-section-height-default elementor-section-height-default\" data-id=\"02137d0\" data-element_type=\"section\" data-e-type=\"section\">\n\t\t\t\t\t\t<div class=\"elementor-container elementor-column-gap-wide\">\n\t\t\t\t\t<div class=\"elementor-column elementor-col-100 elementor-top-column elementor-element elementor-element-d1519bd\" data-id=\"d1519bd\" data-element_type=\"column\" data-e-type=\"column\">\n\t\t\t<div class=\"elementor-widget-wrap elementor-element-populated\">\n\t\t\t\t\t\t<div class=\"elementor-element elementor-element-816ab7d elementor-widget elementor-widget-text-editor\" data-id=\"816ab7d\" data-element_type=\"widget\" data-e-type=\"widget\" data-widget_type=\"text-editor.default\">\n\t\t\t\t<div class=\"elementor-widget-container\">\n\t\t\t\t\t\t\t\t\t<p>&#8222;Alles oder nichts&#8220; ist die Ermahnung oder Ermutigung auf der Gedenktafel von S\u00e1ndor T\u00f6r\u00f6k, aber f\u00fcr mich ist sie auch mit \u00c1d\u00e1m Makkai verbunden. Ich hatte dieses Gef\u00fchl, noch bevor ich wusste, dass er ein Sch\u00fcler von S\u00e1ndor T\u00f6r\u00f6k gewesen war, dass er ihn gelehrt hatte, wie man \u00fcber die Welt denkt, wie man Wege des Wissens findet, dass er 1987 in Chicago einen seltsamen \u00dcbersetzungsband ver\u00f6ffentlicht hatte: Michael Alexanders anthroposophische Abhandlung Das &#8222;Ich&#8220;: Schlagworte f\u00fcr die Welt und den Menschen. Das Buch, das dem Gedenken an S\u00e1ndor T\u00f6r\u00f6k gewidmet ist, ist insofern einzigartig, als sein Autor, Michael Alexander, nie existiert hat; das Buch wurde von \u00c1d\u00e1m Makkai niedergeschrieben und basiert tats\u00e4chlich auf den Lehren von S\u00e1ndor T\u00f6r\u00f6k. Diese Lehren f\u00fchrten den sp\u00e4ter ber\u00fchmten Sprachwissenschaftler, \u00dcbersetzer und Dichter Rudolf Steiner und Johann Wolfgang von Goethe zu seinem Lebenswerk und zu der Idee, dass es ein Urgedicht geben k\u00f6nnte, ein Gedicht, von dem alle anderen abgeleitet werden k\u00f6nnten.<\/p>\n<p>Der vielleicht unerh\u00f6rteste Versuch von \u00c1d\u00e1m Makkai h\u00e4ngt damit zusammen: Er sammelte verschiedene \u00dcbersetzungen von Goethes Gedicht Wanderers Nachtlied &#8211; mehrere auf Ungarisch: S\u00e1ndor We\u00f6res, Dezs\u0151 Kosztol\u00e1nyi, L\u0151rinc Szab\u00f3, Zsigmond M\u00f3ricz, aber auch Texte des amerikanischen Dichters Henry Wadsworth Longfellow, Lermontov und anderer &#8211; und \u00fcbersetzte sie aus jeder Sprache zur\u00fcck in die Originalsprache. Daraus entstand ein zweihundertf\u00fcnfzigseitiges Buch, Cantio Nocturna Peregrini Aviumque, das dasselbe Gedicht in verschiedenen Formen pr\u00e4sentiert. In einem unserer Gespr\u00e4che sagte \u00c1d\u00e1m Makkai, dass dies seine wichtigste Aufgabe sei.<\/p>\n<p>Ich halte es auch deshalb f\u00fcr angebracht, dies jetzt zu betonen, weil, wenn von \u00c1d\u00e1m Makkai die Rede ist, die Bedeutung seines Lebenswerkes oft von dem spannenden Familienroman \u00fcberlagert wird, in den er hineingeboren wurde: Dem Kind des Abgeordneten J\u00e1nos Makkai und der Schriftstellerin und Schauspielerin R\u00f3zsa Ign\u00e1cz ist ein besonderes Schicksal beschieden, ein Schicksal, das viele Geschichten zu erz\u00e4hlen hat, und auch das Leben seiner Eltern und Gro\u00dfeltern ist, wie sein eigenes, eines Romans w\u00fcrdig. \u00c1d\u00e1m Makkai erlitt im Sommer 1945 eine Kinderl\u00e4hmung, aber Gott k\u00fcmmerte sich besonders um ihn und er \u00fcberlebte. &#8222;W\u00e4hrend die anderen Kinder Fu\u00dfball spielten, las ich Dantes Inferno in der \u00dcbersetzung von Babits&#8220; &#8211; so fasste er seine Kindheit zusammen.<\/p>\n\t\t\t\t\t\t\t\t<\/div>\n\t\t\t\t<\/div>\n\t\t\t\t\t<\/div>\n\t\t<\/div>\n\t\t\t\t\t<\/div>\n\t\t<\/section>\n\t\t\t\t<section class=\"elementor-section elementor-top-section elementor-element elementor-element-ea53db7 elementor-section-boxed elementor-section-height-default elementor-section-height-default\" data-id=\"ea53db7\" data-element_type=\"section\" data-e-type=\"section\">\n\t\t\t\t\t\t<div class=\"elementor-container elementor-column-gap-wide\">\n\t\t\t\t\t<div class=\"elementor-column elementor-col-100 elementor-top-column elementor-element elementor-element-ae0c3f3\" data-id=\"ae0c3f3\" data-element_type=\"column\" data-e-type=\"column\">\n\t\t\t<div class=\"elementor-widget-wrap elementor-element-populated\">\n\t\t\t\t\t\t<div class=\"elementor-element elementor-element-6ad57c6 elementor-widget elementor-widget-image\" data-id=\"6ad57c6\" data-element_type=\"widget\" data-e-type=\"widget\" data-widget_type=\"image.default\">\n\t\t\t\t<div class=\"elementor-widget-container\">\n\t\t\t\t\t\t\t\t\t\t\t\t<figure class=\"wp-caption\">\n\t\t\t\t\t\t\t\t\t\t<img decoding=\"async\" width=\"682\" height=\"1024\" src=\"https:\/\/magyarpenclub.hu\/wp-content\/uploads\/2020\/01\/makkai-adam-mn-682x1024.jpg\" class=\"attachment-large size-large wp-image-6491\" alt=\"\" srcset=\"https:\/\/magyarpenclub.hu\/wp-content\/uploads\/2020\/01\/makkai-adam-mn-682x1024.jpg 682w, https:\/\/magyarpenclub.hu\/wp-content\/uploads\/2020\/01\/makkai-adam-mn-1000x1502.jpg 1000w, https:\/\/magyarpenclub.hu\/wp-content\/uploads\/2020\/01\/makkai-adam-mn-200x300.jpg 200w, https:\/\/magyarpenclub.hu\/wp-content\/uploads\/2020\/01\/makkai-adam-mn-768x1153.jpg 768w, https:\/\/magyarpenclub.hu\/wp-content\/uploads\/2020\/01\/makkai-adam-mn-1023x1536.jpg 1023w, https:\/\/magyarpenclub.hu\/wp-content\/uploads\/2020\/01\/makkai-adam-mn-scaled-scaled.jpg 1364w\" sizes=\"(max-width: 682px) 100vw, 682px\" \/>\t\t\t\t\t\t\t\t\t\t\t<figcaption class=\"widget-image-caption wp-caption-text\">Makkai \u00c1d\u00e1m (Fot\u00f3: Mirk\u00f3 Istv\u00e1n, Magyar Nemzet)<\/figcaption>\n\t\t\t\t\t\t\t\t\t\t<\/figure>\n\t\t\t\t\t\t\t\t\t<\/div>\n\t\t\t\t<\/div>\n\t\t\t\t\t<\/div>\n\t\t<\/div>\n\t\t\t\t\t<\/div>\n\t\t<\/section>\n\t\t\t\t<section class=\"elementor-section elementor-top-section elementor-element elementor-element-bc63d61 elementor-section-boxed elementor-section-height-default elementor-section-height-default\" data-id=\"bc63d61\" data-element_type=\"section\" data-e-type=\"section\">\n\t\t\t\t\t\t<div class=\"elementor-container elementor-column-gap-wide\">\n\t\t\t\t\t<div class=\"elementor-column elementor-col-100 elementor-top-column elementor-element elementor-element-ba24159\" data-id=\"ba24159\" data-element_type=\"column\" data-e-type=\"column\">\n\t\t\t<div class=\"elementor-widget-wrap elementor-element-populated\">\n\t\t\t\t\t\t<div class=\"elementor-element elementor-element-dbacf7b elementor-widget elementor-widget-text-editor\" data-id=\"dbacf7b\" data-element_type=\"widget\" data-e-type=\"widget\" data-widget_type=\"text-editor.default\">\n\t\t\t\t<div class=\"elementor-widget-container\">\n\t\t\t\t\t\t\t\t\t<p>Im Jahr 1956, w\u00e4hrend der &#8222;freien Woche&#8220;, schrieb er zwei Zeitungsartikel, die, obwohl sie nicht ver\u00f6ffentlicht wurden, ihm mehrere Jahre Gef\u00e4ngnis h\u00e4tten einbringen k\u00f6nnen, und so verlie\u00df er, wie viele andere, das Land. Nach dem Vorbild seines Vaters, der schon fr\u00fcher ausgewandert war, ging er nach Amerika, um zun\u00e4chst in einer Hotelk\u00fcche zu arbeiten, und nach einem Monat wurde er in Harvard angenommen. Nach seinem Abschluss unterrichtete er an einer High School in Hawaii, setzte dann sein Studium in Yale fort und lehrte sp\u00e4ter an Universit\u00e4ten in Kuala Lumpur und mehreren in den USA. Von 1969 bis 2004 war er au\u00dferordentlicher Professor an der University of Illinois, hat aber auch in Singapur und Hongkong gelehrt.<\/p>\n<p>Er wurde ein renommierter Professor f\u00fcr Linguistik, gr\u00fcndete einen Linguistenverband, eine Zeitschrift namens Forum Linguisticum und einen Verlag namens Atlantis-Centaur. Seine Dissertation, Idiom Structure in English, wurde zu einem der grundlegenden B\u00fccher der englischen Linguistik.<\/p>\n<p>W\u00e4hrend seiner Jahrzehnte im Exil schuf er ein au\u00dfergew\u00f6hnliches Werk an Gedichten und literarischen \u00dcbersetzungen. Sein gigantisches Werk, das er gemeinsam mit P\u00e1l T\u00e1bori und Tam\u00e1s Kabdeb\u00f3 begonnen hat, ist die zweib\u00e4ndige Anthologie der ungarischen Poesie &#8222;Auf der Suche nach dem Wunderhirsch&#8220;, die in zwei 1200 Seiten die ungarische Poesie von der Antike bis zur Gegenwart vorstellt. Im Jahr 2011 wurde er f\u00fcr seine Arbeit mit dem Kossuth-Preis ausgezeichnet, und 2016 wurde sein Lebenswerk mit dem Gro\u00dfen Kossuth-Preis gew\u00fcrdigt. Im Jahr 2015 zog er von Hawaii in seine Heimatstadt Budapest. 2016 wurde er von Staatspr\u00e4sident J\u00e1nos \u00c1der mit dem ungarischen St.-Stephans-Orden ausgezeichnet.<\/p>\n<p>Ich traf ihn zum ersten Mal im Jahr 2010, als er mich zusammen mit seiner Frau und seiner Schw\u00e4gerin w\u00e4hrend einer Reise ins Szeklerland besuchte &#8211; ich lebte damals im Gheorghe-Tal und f\u00fchlte mich manchmal wie am Ende der Welt. Vor ein paar Wochen habe ich mich f\u00fcr eine Pr\u00fcfung mit den Theorien von Noam Chomsky besch\u00e4ftigt und versucht, die Idee der Sprache als Formel zu akzeptieren. Dann &#8211; ein wahres Wunder &#8211; sa\u00df mir Adam Makkai, einer der Kritiker Chomskys, gegen\u00fcber, der meinen einj\u00e4hrigen Sohn auf dem Scho\u00df trug, und sprach \u00fcber die Notwendigkeit, die Wissenschaftlichkeit der Linguistik mit der Tatsache zu verbinden, dass der Mensch auch Einsichten in die Geisteswissenschaften hat, und argumentierte f\u00fcr die Legitimit\u00e4t des anthropologischen Standpunkts gegen\u00fcber der Doktrin der Kommunikation, die sich aus der \u00c4quivalenz von S\u00e4tzen ableitet &#8211; alles am Beispiel von Idiomen. Das Kind schaute ehrf\u00fcrchtig zu und kicherte gelegentlich, wenn Adam einen Namen oder einen fremden Ausdruck auf die Art seines guten Professors buchstabierte.<\/p>\n<p>Wenn ich den Namen \u00c1d\u00e1m Makkai h\u00f6re, kommt mir immer dieses Bild in den Sinn oder die Art und Weise, wie er und seine Frau \u00c1gnes Arany das Gedicht &#8222;The Hawthorn&#8220; von S\u00e1ndor We\u00f6res auf Ungarisch und Englisch vor einem staunenden Publikum im Pet\u0151fi-Literaturmuseum vortragen. Dies ist eine der brillantesten \u00dcbersetzungen des Werks, und S\u00e1ndor We\u00f6res hat sogar mit Makaki gewettet, dass er nicht in der Lage sein w\u00fcrde, es ins Englische zu \u00fcbersetzen. &#8222;Es ist eine heilige Aufgabe&#8220;, sagte \u00c1d\u00e1m Makkai \u00fcber die literarische \u00dcbersetzung, denn er sieht es als seine Mission an, die ungarische Poesie der Welt verst\u00e4ndlich zu machen. Dieses patriotische Sendungsbewusstsein, diese Hartn\u00e4ckigkeit, aus der auch die Idee zur Erforschung des antiken Gedichts hervorging, gepaart mit dem Wissen eines au\u00dfergew\u00f6hnlichen Sprachwissenschaftlers und der Unverfrorenheit eines klugen Rebellen &#8211; es bedarf der Aufmerksamkeit eines Mannes mit \u00e4hnlichen Eigenschaften, um das Lebenswerk von \u00c1d\u00e1m Makkai schlie\u00dflich w\u00fcrdig zu w\u00fcrdigen.<\/p>\n<p>Die Last seiner besonderen Erfahrung der Sohnschaft, sein Engagement f\u00fcr das Ewige, seine klugen und provokanten Fragen flossen in seine Schriften ein. Wir warteten auf die Ver\u00f6ffentlichung seiner neuen B\u00e4nde, als \u00c1d\u00e1m Makkai im Alter von 85 Jahren verstarb &#8211; lassen Sie uns nun auch dem Dichter unsere Ehre erweisen. In seinem Gedicht &#8222;Heimweh oder Sehnsucht-hon?&#8220; zum Beispiel zeigen die sich kreuzenden L\u00e4ufe, dass &#8222;alles Heimweh vom Himmel kam&#8220;. Am n\u00e4chsten Tag nach seinem Tod bl\u00e4ttern wir in diesem zw\u00f6lfteiligen Gedicht, als w\u00fcrde der Dichter aus dem Jenseits zur\u00fccksprechen: &#8222;Was immer ich tue, tue ich f\u00fcr Dich, \/ die englische Grammatik ist ein Gedicht f\u00fcr Dich. \/ Meine Kraft steckt in meinen Kr\u00e4ften fest, und mein schl\u00e4friger Tag ist eine steife Qual, ein Traum. \/ Warum bin ich so ungebildet?&#8220;, gefolgt von &#8222;Was immer ich tue, ich tue es f\u00fcr mein Land, \/ Grammatik ist Poesie. Ich mache es f\u00fcr Dich. \/ Das Verlagswesen sitzt zu Hause fest: \/ Die Existenz der Dichter ist ein unbeholfener, starrer Traum. \/ Was ist es, das dich so ersticken l\u00e4sst?&#8220;<\/p>\n<p>Magyar Nemzet, 2019. 01. 20.<\/p>\n<p><a href=\"https:\/\/magyarnemzet.hu\/kultura\/minden-honvagy-az-egbol-szarmazott-7686689\/\" target=\"_blank\" rel=\"noopener\">https:\/\/magyarnemzet.hu\/kultura\/minden-honvagy-az-egbol-szarmazott-7686689\/<\/a><\/p>\n\t\t\t\t\t\t\t\t<\/div>\n\t\t\t\t<\/div>\n\t\t\t\t\t<\/div>\n\t\t<\/div>\n\t\t\t\t\t<\/div>\n\t\t<\/section>\n\t\t\t\t<\/div>\n\t\t","protected":false},"excerpt":{"rendered":"<p>&#8222;Alles oder nichts&#8220; ist die Ermahnung oder Ermutigung auf der Gedenktafel von S\u00e1ndor T\u00f6r\u00f6k, aber f\u00fcr mich ist sie auch mit \u00c1d\u00e1m Makkai verbunden.<\/p>\n","protected":false},"author":1,"featured_media":6488,"comment_status":"closed","ping_status":"open","sticky":false,"template":"","format":"standard","meta":{"_acf_changed":false,"footnotes":""},"categories":[170],"tags":[],"class_list":["post-7233","post","type-post","status-publish","format-standard","has-post-thumbnail","hentry","category-in-memoriam-de"],"acf":[],"yoast_head":"<!-- This site is optimized with the Yoast SEO plugin v27.5 - https:\/\/yoast.com\/product\/yoast-seo-wordpress\/ -->\n<title>\u00c9va Bonczidai: &quot;Alles Heimweh kam vom Himmel&quot; - in Erinnerung an \u00c1d\u00e1m Makkai - Magyar PEN Club<\/title>\n<meta name=\"robots\" content=\"index, follow, max-snippet:-1, max-image-preview:large, max-video-preview:-1\" \/>\n<link rel=\"canonical\" href=\"https:\/\/magyarpenclub.hu\/de\/2020\/01\/20\/eva-bonczidai-alles-heimweh-kam-vom-himmel-in-erinnerung-an-adam-makkai\/\" \/>\n<meta property=\"og:locale\" content=\"de_DE\" \/>\n<meta property=\"og:type\" content=\"article\" \/>\n<meta property=\"og:title\" content=\"\u00c9va Bonczidai: &quot;Alles Heimweh kam vom Himmel&quot; - in Erinnerung an \u00c1d\u00e1m Makkai - Magyar PEN Club\" \/>\n<meta property=\"og:description\" content=\"&quot;Alles oder nichts&quot; ist die Ermahnung oder Ermutigung auf der Gedenktafel von S\u00e1ndor T\u00f6r\u00f6k, aber f\u00fcr mich ist sie auch mit \u00c1d\u00e1m Makkai verbunden.\" \/>\n<meta property=\"og:url\" content=\"https:\/\/magyarpenclub.hu\/de\/2020\/01\/20\/eva-bonczidai-alles-heimweh-kam-vom-himmel-in-erinnerung-an-adam-makkai\/\" \/>\n<meta property=\"og:site_name\" content=\"Magyar PEN Club\" \/>\n<meta property=\"article:publisher\" content=\"https:\/\/www.facebook.com\/magyarpenclub\" \/>\n<meta property=\"article:published_time\" content=\"2020-01-20T06:31:00+00:00\" \/>\n<meta property=\"article:modified_time\" content=\"2023-11-02T09:54:29+00:00\" \/>\n<meta property=\"og:image\" content=\"https:\/\/magyarpenclub.hu\/wp-content\/uploads\/2022\/05\/makkai-adam-ff.jpg\" \/>\n\t<meta property=\"og:image:width\" content=\"839\" \/>\n\t<meta property=\"og:image:height\" content=\"537\" \/>\n\t<meta property=\"og:image:type\" content=\"image\/jpeg\" \/>\n<meta name=\"author\" content=\"admin\" \/>\n<meta name=\"twitter:card\" content=\"summary_large_image\" \/>\n<meta name=\"twitter:label1\" content=\"Verfasst von\" \/>\n\t<meta name=\"twitter:data1\" content=\"admin\" \/>\n\t<meta name=\"twitter:label2\" content=\"Gesch\u00e4tzte Lesezeit\" \/>\n\t<meta name=\"twitter:data2\" content=\"6\u00a0Minuten\" \/>\n<script type=\"application\/ld+json\" class=\"yoast-schema-graph\">{\"@context\":\"https:\\\/\\\/schema.org\",\"@graph\":[{\"@type\":\"Article\",\"@id\":\"https:\\\/\\\/magyarpenclub.hu\\\/de\\\/2020\\\/01\\\/20\\\/eva-bonczidai-alles-heimweh-kam-vom-himmel-in-erinnerung-an-adam-makkai\\\/#article\",\"isPartOf\":{\"@id\":\"https:\\\/\\\/magyarpenclub.hu\\\/de\\\/2020\\\/01\\\/20\\\/eva-bonczidai-alles-heimweh-kam-vom-himmel-in-erinnerung-an-adam-makkai\\\/\"},\"author\":{\"name\":\"admin\",\"@id\":\"https:\\\/\\\/magyarpenclub.hu\\\/de\\\/#\\\/schema\\\/person\\\/9d0e9bdcfa14a17e3af44ee46f4f047e\"},\"headline\":\"\u00c9va Bonczidai: &#8222;Alles Heimweh kam vom Himmel&#8220; &#8211; in Erinnerung an \u00c1d\u00e1m Makkai\",\"datePublished\":\"2020-01-20T06:31:00+00:00\",\"dateModified\":\"2023-11-02T09:54:29+00:00\",\"mainEntityOfPage\":{\"@id\":\"https:\\\/\\\/magyarpenclub.hu\\\/de\\\/2020\\\/01\\\/20\\\/eva-bonczidai-alles-heimweh-kam-vom-himmel-in-erinnerung-an-adam-makkai\\\/\"},\"wordCount\":1235,\"publisher\":{\"@id\":\"https:\\\/\\\/magyarpenclub.hu\\\/de\\\/#organization\"},\"image\":{\"@id\":\"https:\\\/\\\/magyarpenclub.hu\\\/de\\\/2020\\\/01\\\/20\\\/eva-bonczidai-alles-heimweh-kam-vom-himmel-in-erinnerung-an-adam-makkai\\\/#primaryimage\"},\"thumbnailUrl\":\"https:\\\/\\\/magyarpenclub.hu\\\/wp-content\\\/uploads\\\/2022\\\/05\\\/makkai-adam-ff.jpg\",\"articleSection\":[\"In memoriam\"],\"inLanguage\":\"de\"},{\"@type\":\"WebPage\",\"@id\":\"https:\\\/\\\/magyarpenclub.hu\\\/de\\\/2020\\\/01\\\/20\\\/eva-bonczidai-alles-heimweh-kam-vom-himmel-in-erinnerung-an-adam-makkai\\\/\",\"url\":\"https:\\\/\\\/magyarpenclub.hu\\\/de\\\/2020\\\/01\\\/20\\\/eva-bonczidai-alles-heimweh-kam-vom-himmel-in-erinnerung-an-adam-makkai\\\/\",\"name\":\"\u00c9va Bonczidai: \\\"Alles Heimweh kam vom Himmel\\\" - in Erinnerung an \u00c1d\u00e1m Makkai - Magyar PEN Club\",\"isPartOf\":{\"@id\":\"https:\\\/\\\/magyarpenclub.hu\\\/de\\\/#website\"},\"primaryImageOfPage\":{\"@id\":\"https:\\\/\\\/magyarpenclub.hu\\\/de\\\/2020\\\/01\\\/20\\\/eva-bonczidai-alles-heimweh-kam-vom-himmel-in-erinnerung-an-adam-makkai\\\/#primaryimage\"},\"image\":{\"@id\":\"https:\\\/\\\/magyarpenclub.hu\\\/de\\\/2020\\\/01\\\/20\\\/eva-bonczidai-alles-heimweh-kam-vom-himmel-in-erinnerung-an-adam-makkai\\\/#primaryimage\"},\"thumbnailUrl\":\"https:\\\/\\\/magyarpenclub.hu\\\/wp-content\\\/uploads\\\/2022\\\/05\\\/makkai-adam-ff.jpg\",\"datePublished\":\"2020-01-20T06:31:00+00:00\",\"dateModified\":\"2023-11-02T09:54:29+00:00\",\"breadcrumb\":{\"@id\":\"https:\\\/\\\/magyarpenclub.hu\\\/de\\\/2020\\\/01\\\/20\\\/eva-bonczidai-alles-heimweh-kam-vom-himmel-in-erinnerung-an-adam-makkai\\\/#breadcrumb\"},\"inLanguage\":\"de\",\"potentialAction\":[{\"@type\":\"ReadAction\",\"target\":[\"https:\\\/\\\/magyarpenclub.hu\\\/de\\\/2020\\\/01\\\/20\\\/eva-bonczidai-alles-heimweh-kam-vom-himmel-in-erinnerung-an-adam-makkai\\\/\"]}]},{\"@type\":\"ImageObject\",\"inLanguage\":\"de\",\"@id\":\"https:\\\/\\\/magyarpenclub.hu\\\/de\\\/2020\\\/01\\\/20\\\/eva-bonczidai-alles-heimweh-kam-vom-himmel-in-erinnerung-an-adam-makkai\\\/#primaryimage\",\"url\":\"https:\\\/\\\/magyarpenclub.hu\\\/wp-content\\\/uploads\\\/2022\\\/05\\\/makkai-adam-ff.jpg\",\"contentUrl\":\"https:\\\/\\\/magyarpenclub.hu\\\/wp-content\\\/uploads\\\/2022\\\/05\\\/makkai-adam-ff.jpg\",\"width\":839,\"height\":537,\"caption\":\"Makkai \u00c1d\u00e1m\"},{\"@type\":\"BreadcrumbList\",\"@id\":\"https:\\\/\\\/magyarpenclub.hu\\\/de\\\/2020\\\/01\\\/20\\\/eva-bonczidai-alles-heimweh-kam-vom-himmel-in-erinnerung-an-adam-makkai\\\/#breadcrumb\",\"itemListElement\":[{\"@type\":\"ListItem\",\"position\":1,\"name\":\"Kezd\u0151lap\",\"item\":\"https:\\\/\\\/magyarpenclub.hu\\\/de\\\/\"},{\"@type\":\"ListItem\",\"position\":2,\"name\":\"\u00c9va Bonczidai: \u00ab\u00a0Alles Heimweh kam vom Himmel\u00a0\u00bb &#8211; in Erinnerung an \u00c1d\u00e1m Makkai\"}]},{\"@type\":\"WebSite\",\"@id\":\"https:\\\/\\\/magyarpenclub.hu\\\/de\\\/#website\",\"url\":\"https:\\\/\\\/magyarpenclub.hu\\\/de\\\/\",\"name\":\"Magyar PEN Club\",\"description\":\"H\u00edrek, k\u00f6zlem\u00e9nyek, \u00edr\u00e1sok\",\"publisher\":{\"@id\":\"https:\\\/\\\/magyarpenclub.hu\\\/de\\\/#organization\"},\"potentialAction\":[{\"@type\":\"SearchAction\",\"target\":{\"@type\":\"EntryPoint\",\"urlTemplate\":\"https:\\\/\\\/magyarpenclub.hu\\\/de\\\/?s={search_term_string}\"},\"query-input\":{\"@type\":\"PropertyValueSpecification\",\"valueRequired\":true,\"valueName\":\"search_term_string\"}}],\"inLanguage\":\"de\"},{\"@type\":\"Organization\",\"@id\":\"https:\\\/\\\/magyarpenclub.hu\\\/de\\\/#organization\",\"name\":\"Magyar P.E.N. Club\",\"url\":\"https:\\\/\\\/magyarpenclub.hu\\\/de\\\/\",\"logo\":{\"@type\":\"ImageObject\",\"inLanguage\":\"de\",\"@id\":\"https:\\\/\\\/magyarpenclub.hu\\\/de\\\/#\\\/schema\\\/logo\\\/image\\\/\",\"url\":\"https:\\\/\\\/magyarpenclub.hu\\\/wp-content\\\/uploads\\\/2022\\\/08\\\/magyar-pen-club-logo.png\",\"contentUrl\":\"https:\\\/\\\/magyarpenclub.hu\\\/wp-content\\\/uploads\\\/2022\\\/08\\\/magyar-pen-club-logo.png\",\"width\":195,\"height\":195,\"caption\":\"Magyar P.E.N. Club\"},\"image\":{\"@id\":\"https:\\\/\\\/magyarpenclub.hu\\\/de\\\/#\\\/schema\\\/logo\\\/image\\\/\"},\"sameAs\":[\"https:\\\/\\\/www.facebook.com\\\/magyarpenclub\",\"https:\\\/\\\/www.youtube.com\\\/channel\\\/UC8bw1YALHZZJCJ-7bqvlR6Q\"]},{\"@type\":\"Person\",\"@id\":\"https:\\\/\\\/magyarpenclub.hu\\\/de\\\/#\\\/schema\\\/person\\\/9d0e9bdcfa14a17e3af44ee46f4f047e\",\"name\":\"admin\",\"image\":{\"@type\":\"ImageObject\",\"inLanguage\":\"de\",\"@id\":\"https:\\\/\\\/secure.gravatar.com\\\/avatar\\\/56608a5ae1d60c555b558b0cda110391ad52d81e37b79808b2f59eaf60ba9e43?s=96&d=mm&r=g\",\"url\":\"https:\\\/\\\/secure.gravatar.com\\\/avatar\\\/56608a5ae1d60c555b558b0cda110391ad52d81e37b79808b2f59eaf60ba9e43?s=96&d=mm&r=g\",\"contentUrl\":\"https:\\\/\\\/secure.gravatar.com\\\/avatar\\\/56608a5ae1d60c555b558b0cda110391ad52d81e37b79808b2f59eaf60ba9e43?s=96&d=mm&r=g\",\"caption\":\"admin\"},\"sameAs\":[\"https:\\\/\\\/magyarpenclub.hu\"],\"url\":\"https:\\\/\\\/magyarpenclub.hu\\\/de\\\/author\\\/admin\\\/\"}]}<\/script>\n<!-- \/ Yoast SEO plugin. -->","yoast_head_json":{"title":"\u00c9va Bonczidai: \"Alles Heimweh kam vom Himmel\" - in Erinnerung an \u00c1d\u00e1m Makkai - Magyar PEN Club","robots":{"index":"index","follow":"follow","max-snippet":"max-snippet:-1","max-image-preview":"max-image-preview:large","max-video-preview":"max-video-preview:-1"},"canonical":"https:\/\/magyarpenclub.hu\/de\/2020\/01\/20\/eva-bonczidai-alles-heimweh-kam-vom-himmel-in-erinnerung-an-adam-makkai\/","og_locale":"de_DE","og_type":"article","og_title":"\u00c9va Bonczidai: \"Alles Heimweh kam vom Himmel\" - in Erinnerung an \u00c1d\u00e1m Makkai - Magyar PEN Club","og_description":"\"Alles oder nichts\" ist die Ermahnung oder Ermutigung auf der Gedenktafel von S\u00e1ndor T\u00f6r\u00f6k, aber f\u00fcr mich ist sie auch mit \u00c1d\u00e1m Makkai verbunden.","og_url":"https:\/\/magyarpenclub.hu\/de\/2020\/01\/20\/eva-bonczidai-alles-heimweh-kam-vom-himmel-in-erinnerung-an-adam-makkai\/","og_site_name":"Magyar PEN Club","article_publisher":"https:\/\/www.facebook.com\/magyarpenclub","article_published_time":"2020-01-20T06:31:00+00:00","article_modified_time":"2023-11-02T09:54:29+00:00","og_image":[{"width":839,"height":537,"url":"https:\/\/magyarpenclub.hu\/wp-content\/uploads\/2022\/05\/makkai-adam-ff.jpg","type":"image\/jpeg"}],"author":"admin","twitter_card":"summary_large_image","twitter_misc":{"Verfasst von":"admin","Gesch\u00e4tzte Lesezeit":"6\u00a0Minuten"},"schema":{"@context":"https:\/\/schema.org","@graph":[{"@type":"Article","@id":"https:\/\/magyarpenclub.hu\/de\/2020\/01\/20\/eva-bonczidai-alles-heimweh-kam-vom-himmel-in-erinnerung-an-adam-makkai\/#article","isPartOf":{"@id":"https:\/\/magyarpenclub.hu\/de\/2020\/01\/20\/eva-bonczidai-alles-heimweh-kam-vom-himmel-in-erinnerung-an-adam-makkai\/"},"author":{"name":"admin","@id":"https:\/\/magyarpenclub.hu\/de\/#\/schema\/person\/9d0e9bdcfa14a17e3af44ee46f4f047e"},"headline":"\u00c9va Bonczidai: &#8222;Alles Heimweh kam vom Himmel&#8220; &#8211; in Erinnerung an \u00c1d\u00e1m Makkai","datePublished":"2020-01-20T06:31:00+00:00","dateModified":"2023-11-02T09:54:29+00:00","mainEntityOfPage":{"@id":"https:\/\/magyarpenclub.hu\/de\/2020\/01\/20\/eva-bonczidai-alles-heimweh-kam-vom-himmel-in-erinnerung-an-adam-makkai\/"},"wordCount":1235,"publisher":{"@id":"https:\/\/magyarpenclub.hu\/de\/#organization"},"image":{"@id":"https:\/\/magyarpenclub.hu\/de\/2020\/01\/20\/eva-bonczidai-alles-heimweh-kam-vom-himmel-in-erinnerung-an-adam-makkai\/#primaryimage"},"thumbnailUrl":"https:\/\/magyarpenclub.hu\/wp-content\/uploads\/2022\/05\/makkai-adam-ff.jpg","articleSection":["In memoriam"],"inLanguage":"de"},{"@type":"WebPage","@id":"https:\/\/magyarpenclub.hu\/de\/2020\/01\/20\/eva-bonczidai-alles-heimweh-kam-vom-himmel-in-erinnerung-an-adam-makkai\/","url":"https:\/\/magyarpenclub.hu\/de\/2020\/01\/20\/eva-bonczidai-alles-heimweh-kam-vom-himmel-in-erinnerung-an-adam-makkai\/","name":"\u00c9va Bonczidai: \"Alles Heimweh kam vom Himmel\" - in Erinnerung an \u00c1d\u00e1m Makkai - Magyar PEN Club","isPartOf":{"@id":"https:\/\/magyarpenclub.hu\/de\/#website"},"primaryImageOfPage":{"@id":"https:\/\/magyarpenclub.hu\/de\/2020\/01\/20\/eva-bonczidai-alles-heimweh-kam-vom-himmel-in-erinnerung-an-adam-makkai\/#primaryimage"},"image":{"@id":"https:\/\/magyarpenclub.hu\/de\/2020\/01\/20\/eva-bonczidai-alles-heimweh-kam-vom-himmel-in-erinnerung-an-adam-makkai\/#primaryimage"},"thumbnailUrl":"https:\/\/magyarpenclub.hu\/wp-content\/uploads\/2022\/05\/makkai-adam-ff.jpg","datePublished":"2020-01-20T06:31:00+00:00","dateModified":"2023-11-02T09:54:29+00:00","breadcrumb":{"@id":"https:\/\/magyarpenclub.hu\/de\/2020\/01\/20\/eva-bonczidai-alles-heimweh-kam-vom-himmel-in-erinnerung-an-adam-makkai\/#breadcrumb"},"inLanguage":"de","potentialAction":[{"@type":"ReadAction","target":["https:\/\/magyarpenclub.hu\/de\/2020\/01\/20\/eva-bonczidai-alles-heimweh-kam-vom-himmel-in-erinnerung-an-adam-makkai\/"]}]},{"@type":"ImageObject","inLanguage":"de","@id":"https:\/\/magyarpenclub.hu\/de\/2020\/01\/20\/eva-bonczidai-alles-heimweh-kam-vom-himmel-in-erinnerung-an-adam-makkai\/#primaryimage","url":"https:\/\/magyarpenclub.hu\/wp-content\/uploads\/2022\/05\/makkai-adam-ff.jpg","contentUrl":"https:\/\/magyarpenclub.hu\/wp-content\/uploads\/2022\/05\/makkai-adam-ff.jpg","width":839,"height":537,"caption":"Makkai \u00c1d\u00e1m"},{"@type":"BreadcrumbList","@id":"https:\/\/magyarpenclub.hu\/de\/2020\/01\/20\/eva-bonczidai-alles-heimweh-kam-vom-himmel-in-erinnerung-an-adam-makkai\/#breadcrumb","itemListElement":[{"@type":"ListItem","position":1,"name":"Kezd\u0151lap","item":"https:\/\/magyarpenclub.hu\/de\/"},{"@type":"ListItem","position":2,"name":"\u00c9va Bonczidai: \u00ab\u00a0Alles Heimweh kam vom Himmel\u00a0\u00bb &#8211; in Erinnerung an \u00c1d\u00e1m Makkai"}]},{"@type":"WebSite","@id":"https:\/\/magyarpenclub.hu\/de\/#website","url":"https:\/\/magyarpenclub.hu\/de\/","name":"Magyar PEN Club","description":"H\u00edrek, k\u00f6zlem\u00e9nyek, \u00edr\u00e1sok","publisher":{"@id":"https:\/\/magyarpenclub.hu\/de\/#organization"},"potentialAction":[{"@type":"SearchAction","target":{"@type":"EntryPoint","urlTemplate":"https:\/\/magyarpenclub.hu\/de\/?s={search_term_string}"},"query-input":{"@type":"PropertyValueSpecification","valueRequired":true,"valueName":"search_term_string"}}],"inLanguage":"de"},{"@type":"Organization","@id":"https:\/\/magyarpenclub.hu\/de\/#organization","name":"Magyar P.E.N. Club","url":"https:\/\/magyarpenclub.hu\/de\/","logo":{"@type":"ImageObject","inLanguage":"de","@id":"https:\/\/magyarpenclub.hu\/de\/#\/schema\/logo\/image\/","url":"https:\/\/magyarpenclub.hu\/wp-content\/uploads\/2022\/08\/magyar-pen-club-logo.png","contentUrl":"https:\/\/magyarpenclub.hu\/wp-content\/uploads\/2022\/08\/magyar-pen-club-logo.png","width":195,"height":195,"caption":"Magyar P.E.N. Club"},"image":{"@id":"https:\/\/magyarpenclub.hu\/de\/#\/schema\/logo\/image\/"},"sameAs":["https:\/\/www.facebook.com\/magyarpenclub","https:\/\/www.youtube.com\/channel\/UC8bw1YALHZZJCJ-7bqvlR6Q"]},{"@type":"Person","@id":"https:\/\/magyarpenclub.hu\/de\/#\/schema\/person\/9d0e9bdcfa14a17e3af44ee46f4f047e","name":"admin","image":{"@type":"ImageObject","inLanguage":"de","@id":"https:\/\/secure.gravatar.com\/avatar\/56608a5ae1d60c555b558b0cda110391ad52d81e37b79808b2f59eaf60ba9e43?s=96&d=mm&r=g","url":"https:\/\/secure.gravatar.com\/avatar\/56608a5ae1d60c555b558b0cda110391ad52d81e37b79808b2f59eaf60ba9e43?s=96&d=mm&r=g","contentUrl":"https:\/\/secure.gravatar.com\/avatar\/56608a5ae1d60c555b558b0cda110391ad52d81e37b79808b2f59eaf60ba9e43?s=96&d=mm&r=g","caption":"admin"},"sameAs":["https:\/\/magyarpenclub.hu"],"url":"https:\/\/magyarpenclub.hu\/de\/author\/admin\/"}]}},"_links":{"self":[{"href":"https:\/\/magyarpenclub.hu\/de\/wp-json\/wp\/v2\/posts\/7233","targetHints":{"allow":["GET"]}}],"collection":[{"href":"https:\/\/magyarpenclub.hu\/de\/wp-json\/wp\/v2\/posts"}],"about":[{"href":"https:\/\/magyarpenclub.hu\/de\/wp-json\/wp\/v2\/types\/post"}],"author":[{"embeddable":true,"href":"https:\/\/magyarpenclub.hu\/de\/wp-json\/wp\/v2\/users\/1"}],"replies":[{"embeddable":true,"href":"https:\/\/magyarpenclub.hu\/de\/wp-json\/wp\/v2\/comments?post=7233"}],"version-history":[{"count":0,"href":"https:\/\/magyarpenclub.hu\/de\/wp-json\/wp\/v2\/posts\/7233\/revisions"}],"wp:featuredmedia":[{"embeddable":true,"href":"https:\/\/magyarpenclub.hu\/de\/wp-json\/wp\/v2\/media\/6488"}],"wp:attachment":[{"href":"https:\/\/magyarpenclub.hu\/de\/wp-json\/wp\/v2\/media?parent=7233"}],"wp:term":[{"taxonomy":"category","embeddable":true,"href":"https:\/\/magyarpenclub.hu\/de\/wp-json\/wp\/v2\/categories?post=7233"},{"taxonomy":"post_tag","embeddable":true,"href":"https:\/\/magyarpenclub.hu\/de\/wp-json\/wp\/v2\/tags?post=7233"}],"curies":[{"name":"wp","href":"https:\/\/api.w.org\/{rel}","templated":true}]}}