{"id":7116,"date":"2021-03-22T05:59:00","date_gmt":"2021-03-22T05:59:00","guid":{"rendered":"https:\/\/magyarpenclub.hu\/2021\/03\/22\/janus-pannonius-grand-prize-winning-polish-poet-adam-zagajewski-dies\/"},"modified":"2023-12-06T16:03:22","modified_gmt":"2023-12-06T16:03:22","slug":"janus-pannonius-grand-prize-winning-polish-poet-adam-zagajewski-dies","status":"publish","type":"post","link":"https:\/\/magyarpenclub.hu\/en\/2021\/03\/22\/janus-pannonius-grand-prize-winning-polish-poet-adam-zagajewski-dies\/","title":{"rendered":"Janus Pannonius Grand Prize-winning Polish poet Adam Zagajewski passed away"},"content":{"rendered":"\t\t<div data-elementor-type=\"wp-post\" data-elementor-id=\"7116\" class=\"elementor elementor-7116 elementor-225\" data-elementor-post-type=\"post\">\n\t\t\t\t\t\t<section class=\"elementor-section elementor-top-section elementor-element elementor-element-02137d0 elementor-section-boxed elementor-section-height-default elementor-section-height-default\" data-id=\"02137d0\" data-element_type=\"section\" data-e-type=\"section\">\n\t\t\t\t\t\t<div class=\"elementor-container elementor-column-gap-wide\">\n\t\t\t\t\t<div class=\"elementor-column elementor-col-100 elementor-top-column elementor-element elementor-element-d1519bd\" data-id=\"d1519bd\" data-element_type=\"column\" data-e-type=\"column\">\n\t\t\t<div class=\"elementor-widget-wrap elementor-element-populated\">\n\t\t\t\t\t\t<div class=\"elementor-element elementor-element-816ab7d elementor-widget elementor-widget-text-editor\" data-id=\"816ab7d\" data-element_type=\"widget\" data-e-type=\"widget\" data-widget_type=\"text-editor.default\">\n\t\t\t\t<div class=\"elementor-widget-container\">\n\t\t\t\t\t\t\t\t\t<p>Adam Zagajewski was born in Lviv in 1945, spent his childhood in Gliwice, Silesia, and studied psychology and philosophy at the Jagiellonian University in Krakow.<\/p>\n<p>His first book of poetry was published in 1968. Together with his colleague Julian Kornhauser (father-in-law of current Polish President Andrzej Duda), he developed the poetic programme of the Polish New Wave, rejecting the highly metaphorical poetics of post-WWII Polish literature, and advocating the representation and culturalisation of everyday reality.<\/p>\n<p>As an intellectual associated with the left-wing democratic opposition, he was placed on the banned authors list in 1975, edited the independent newspaper Zapis from 1976, and emigrated to Paris in 1982, where he became a contributor to the legendary Polish literary magazines Kultura and Zeszyty Literackie.<\/p>\n<p>In his works during his emigration, he rejected the roles of a martyr and a prophet.<\/p>\n<p>He returned to Krakow in 2002, and in the volumes published since then he has drawn an intellectual map of the Central European artist, writing about the places of his childhood and his ideological influences. He also tried to identify the threats that civilisation poses to spiritual life. His poems, with their disciplined style and unadorned verse, are permeated by questions of the intertwining of time, history and infinity.<\/p>\n<p>Since 1988, he has taught creative writing at the University of Houston and lectured at the University of Chicago. In the United States, the translation of the poem written before September 11, 2001, but published in The New Yorker only after the terrorist attacks, titled &#8220;Try to Prise the Mutilated World,&#8221; became the most well-known.<\/p>\n<p>In recent years, he has been mentioned among the poets nominated for the Nobel Prize, and has won several prizes in Poland and abroad.<\/p>\n\t\t\t\t\t\t\t\t<\/div>\n\t\t\t\t<\/div>\n\t\t\t\t\t<\/div>\n\t\t<\/div>\n\t\t\t\t\t<\/div>\n\t\t<\/section>\n\t\t\t\t<section class=\"elementor-section elementor-top-section elementor-element elementor-element-fed0a33 elementor-section-boxed elementor-section-height-default elementor-section-height-default\" data-id=\"fed0a33\" data-element_type=\"section\" data-e-type=\"section\">\n\t\t\t\t\t\t<div class=\"elementor-container elementor-column-gap-wide\">\n\t\t\t\t\t<div class=\"elementor-column elementor-col-100 elementor-top-column elementor-element elementor-element-b61b732\" data-id=\"b61b732\" data-element_type=\"column\" data-e-type=\"column\">\n\t\t\t<div class=\"elementor-widget-wrap elementor-element-populated\">\n\t\t\t\t\t\t<section class=\"elementor-section elementor-inner-section elementor-element elementor-element-7c78630 elementor-section-boxed elementor-section-height-default elementor-section-height-default\" data-id=\"7c78630\" data-element_type=\"section\" data-e-type=\"section\">\n\t\t\t\t\t\t<div class=\"elementor-container elementor-column-gap-default\">\n\t\t\t\t\t<div class=\"elementor-column elementor-col-50 elementor-inner-column elementor-element elementor-element-7f6fd1d\" data-id=\"7f6fd1d\" data-element_type=\"column\" data-e-type=\"column\">\n\t\t\t<div class=\"elementor-widget-wrap elementor-element-populated\">\n\t\t\t\t\t\t<div class=\"elementor-element elementor-element-e3d7afb elementor-widget elementor-widget-image\" data-id=\"e3d7afb\" data-element_type=\"widget\" data-e-type=\"widget\" data-widget_type=\"image.default\">\n\t\t\t\t<div class=\"elementor-widget-container\">\n\t\t\t\t\t\t\t\t\t\t\t\t<figure class=\"wp-caption\">\n\t\t\t\t\t\t\t\t\t\t<img decoding=\"async\" width=\"767\" height=\"1024\" src=\"https:\/\/magyarpenclub.hu\/wp-content\/uploads\/2021\/03\/b_janpan_2016_070-767x1024.jpg\" class=\"attachment-large size-large wp-image-6456\" alt=\"\" srcset=\"https:\/\/magyarpenclub.hu\/wp-content\/uploads\/2021\/03\/b_janpan_2016_070-767x1024.jpg 767w, https:\/\/magyarpenclub.hu\/wp-content\/uploads\/2021\/03\/b_janpan_2016_070-225x300.jpg 225w, https:\/\/magyarpenclub.hu\/wp-content\/uploads\/2021\/03\/b_janpan_2016_070-768x1026.jpg 768w, https:\/\/magyarpenclub.hu\/wp-content\/uploads\/2021\/03\/b_janpan_2016_070.jpg 780w\" sizes=\"(max-width: 767px) 100vw, 767px\" \/>\t\t\t\t\t\t\t\t\t\t\t<figcaption class=\"widget-image-caption wp-caption-text\">Adam Zagajewski \u00e9s a Janus Pannonius-nagyd\u00edj. P\u00e9cs, 2016.<\/figcaption>\n\t\t\t\t\t\t\t\t\t\t<\/figure>\n\t\t\t\t\t\t\t\t\t<\/div>\n\t\t\t\t<\/div>\n\t\t\t\t\t<\/div>\n\t\t<\/div>\n\t\t\t\t<div class=\"elementor-column elementor-col-50 elementor-inner-column elementor-element elementor-element-0901041\" data-id=\"0901041\" data-element_type=\"column\" data-e-type=\"column\">\n\t\t\t<div class=\"elementor-widget-wrap elementor-element-populated\">\n\t\t\t\t\t\t<div class=\"elementor-element elementor-element-1925059 elementor-widget elementor-widget-image\" data-id=\"1925059\" data-element_type=\"widget\" data-e-type=\"widget\" data-widget_type=\"image.default\">\n\t\t\t\t<div class=\"elementor-widget-container\">\n\t\t\t\t\t\t\t\t\t\t\t\t<figure class=\"wp-caption\">\n\t\t\t\t\t\t\t\t\t\t<img decoding=\"async\" width=\"767\" height=\"1024\" src=\"https:\/\/magyarpenclub.hu\/wp-content\/uploads\/2021\/03\/adam-zagajewski-szocs-geza-767x1024.jpg\" class=\"attachment-large size-large wp-image-6459\" alt=\"\" srcset=\"https:\/\/magyarpenclub.hu\/wp-content\/uploads\/2021\/03\/adam-zagajewski-szocs-geza-767x1024.jpg 767w, https:\/\/magyarpenclub.hu\/wp-content\/uploads\/2021\/03\/adam-zagajewski-szocs-geza-800x1067.jpg 800w, https:\/\/magyarpenclub.hu\/wp-content\/uploads\/2021\/03\/adam-zagajewski-szocs-geza-1000x1336.jpg 1000w, https:\/\/magyarpenclub.hu\/wp-content\/uploads\/2021\/03\/adam-zagajewski-szocs-geza-225x300.jpg 225w, https:\/\/magyarpenclub.hu\/wp-content\/uploads\/2021\/03\/adam-zagajewski-szocs-geza-768x1026.jpg 768w, https:\/\/magyarpenclub.hu\/wp-content\/uploads\/2021\/03\/adam-zagajewski-szocs-geza-1150x1536.jpg 1150w, https:\/\/magyarpenclub.hu\/wp-content\/uploads\/2021\/03\/adam-zagajewski-szocs-geza-scaled.jpg 1533w\" sizes=\"(max-width: 767px) 100vw, 767px\" \/>\t\t\t\t\t\t\t\t\t\t\t<figcaption class=\"widget-image-caption wp-caption-text\">Adam Zagajewski \u00e1tveszi Sz\u0151cs G\u00e9za eln\u00f6kt\u0151l a Janus Pannonius-nagyd\u00edjat. P\u00e9cs, 2016.<\/figcaption>\n\t\t\t\t\t\t\t\t\t\t<\/figure>\n\t\t\t\t\t\t\t\t\t<\/div>\n\t\t\t\t<\/div>\n\t\t\t\t\t<\/div>\n\t\t<\/div>\n\t\t\t\t\t<\/div>\n\t\t<\/section>\n\t\t\t\t\t<\/div>\n\t\t<\/div>\n\t\t\t\t\t<\/div>\n\t\t<\/section>\n\t\t\t\t<section class=\"elementor-section elementor-top-section elementor-element elementor-element-4812fe1 elementor-section-boxed elementor-section-height-default elementor-section-height-default\" data-id=\"4812fe1\" data-element_type=\"section\" data-e-type=\"section\">\n\t\t\t\t\t\t<div class=\"elementor-container elementor-column-gap-wide\">\n\t\t\t\t\t<div class=\"elementor-column elementor-col-100 elementor-top-column elementor-element elementor-element-0f6ebdf\" data-id=\"0f6ebdf\" data-element_type=\"column\" data-e-type=\"column\">\n\t\t\t<div class=\"elementor-widget-wrap elementor-element-populated\">\n\t\t\t\t\t\t<div class=\"elementor-element elementor-element-c7a3087 elementor-widget elementor-widget-text-editor\" data-id=\"c7a3087\" data-element_type=\"widget\" data-e-type=\"widget\" data-widget_type=\"text-editor.default\">\n\t\t\t\t<div class=\"elementor-widget-container\">\n\t\t\t\t\t\t\t\t\t<p>His works have also been published in Hungarian translations, the first Hungarian-language Zagajewski volume &#8211; containing 80 poems &#8211; was published in 2004, and a selection of 100 poems entitled &#8216;A veled hallgatott zene&#8217; (Music Listened to with You) was published in 2016 by the Hungarian PEN Club, which in the same year awarded the Janus Pannonius Grand Prize for Poetry to Zagajewski, who was described in the citation as &#8220;one of the most significant poetic personalities of our time&#8221;.<\/p>\n<p>In a Twitter post, President Andrzej Duda called the death of Adam Zagajewski a great loss for Polish literature.<\/p>\n<p>(helyorseg.ma)<\/p>\n\t\t\t\t\t\t\t\t<\/div>\n\t\t\t\t<\/div>\n\t\t\t\t\t<\/div>\n\t\t<\/div>\n\t\t\t\t\t<\/div>\n\t\t<\/section>\n\t\t\t\t<\/div>\n\t\t","protected":false},"excerpt":{"rendered":"<p>Poet and essayist Adam Zagajewski, the creator of the Polish New Wave and winner of the 2016 Janus Pannonius Grand Prize for Poetry, died on Sunday evening in Krakow at the age of 75.<\/p>\n","protected":false},"author":1,"featured_media":6453,"comment_status":"open","ping_status":"open","sticky":false,"template":"","format":"standard","meta":{"_acf_changed":false,"footnotes":""},"categories":[171],"tags":[],"class_list":["post-7116","post","type-post","status-publish","format-standard","has-post-thumbnail","hentry","category-in-memoriam-en"],"acf":[],"yoast_head":"<!-- This site is optimized with the Yoast SEO plugin v27.5 - https:\/\/yoast.com\/product\/yoast-seo-wordpress\/ -->\n<title>Janus Pannonius Grand Prize-winning Polish poet Adam Zagajewski passed away - Magyar PEN Club<\/title>\n<meta name=\"robots\" content=\"index, follow, max-snippet:-1, max-image-preview:large, max-video-preview:-1\" \/>\n<link rel=\"canonical\" href=\"https:\/\/magyarpenclub.hu\/en\/2021\/03\/22\/janus-pannonius-grand-prize-winning-polish-poet-adam-zagajewski-dies\/\" \/>\n<meta property=\"og:locale\" content=\"en_US\" \/>\n<meta property=\"og:type\" content=\"article\" \/>\n<meta property=\"og:title\" content=\"Janus Pannonius Grand Prize-winning Polish poet Adam Zagajewski passed away - Magyar PEN Club\" \/>\n<meta property=\"og:description\" content=\"Poet and essayist Adam Zagajewski, the creator of the Polish New Wave and winner of the 2016 Janus Pannonius Grand Prize for Poetry, died on Sunday evening in Krakow at the age of 75.\" \/>\n<meta property=\"og:url\" content=\"https:\/\/magyarpenclub.hu\/en\/2021\/03\/22\/janus-pannonius-grand-prize-winning-polish-poet-adam-zagajewski-dies\/\" \/>\n<meta property=\"og:site_name\" content=\"Magyar PEN Club\" \/>\n<meta property=\"article:publisher\" content=\"https:\/\/www.facebook.com\/magyarpenclub\" \/>\n<meta property=\"article:published_time\" content=\"2021-03-22T05:59:00+00:00\" \/>\n<meta property=\"article:modified_time\" content=\"2023-12-06T16:03:22+00:00\" \/>\n<meta property=\"og:image\" content=\"https:\/\/magyarpenclub.hu\/wp-content\/uploads\/2021\/05\/adam-zagajewski2.jpg\" \/>\n\t<meta property=\"og:image:width\" content=\"1430\" \/>\n\t<meta property=\"og:image:height\" content=\"1094\" \/>\n\t<meta property=\"og:image:type\" content=\"image\/jpeg\" \/>\n<meta name=\"author\" content=\"admin\" \/>\n<meta name=\"twitter:card\" content=\"summary_large_image\" \/>\n<meta name=\"twitter:label1\" content=\"Written by\" \/>\n\t<meta name=\"twitter:data1\" content=\"admin\" \/>\n\t<meta name=\"twitter:label2\" content=\"Est. reading time\" \/>\n\t<meta name=\"twitter:data2\" content=\"2 minutes\" \/>\n<script type=\"application\/ld+json\" class=\"yoast-schema-graph\">{\"@context\":\"https:\\\/\\\/schema.org\",\"@graph\":[{\"@type\":\"Article\",\"@id\":\"https:\\\/\\\/magyarpenclub.hu\\\/en\\\/2021\\\/03\\\/22\\\/janus-pannonius-grand-prize-winning-polish-poet-adam-zagajewski-dies\\\/#article\",\"isPartOf\":{\"@id\":\"https:\\\/\\\/magyarpenclub.hu\\\/en\\\/2021\\\/03\\\/22\\\/janus-pannonius-grand-prize-winning-polish-poet-adam-zagajewski-dies\\\/\"},\"author\":{\"name\":\"admin\",\"@id\":\"https:\\\/\\\/magyarpenclub.hu\\\/en\\\/#\\\/schema\\\/person\\\/9d0e9bdcfa14a17e3af44ee46f4f047e\"},\"headline\":\"Janus Pannonius Grand Prize-winning Polish poet Adam Zagajewski passed away\",\"datePublished\":\"2021-03-22T05:59:00+00:00\",\"dateModified\":\"2023-12-06T16:03:22+00:00\",\"mainEntityOfPage\":{\"@id\":\"https:\\\/\\\/magyarpenclub.hu\\\/en\\\/2021\\\/03\\\/22\\\/janus-pannonius-grand-prize-winning-polish-poet-adam-zagajewski-dies\\\/\"},\"wordCount\":409,\"commentCount\":0,\"publisher\":{\"@id\":\"https:\\\/\\\/magyarpenclub.hu\\\/en\\\/#organization\"},\"image\":{\"@id\":\"https:\\\/\\\/magyarpenclub.hu\\\/en\\\/2021\\\/03\\\/22\\\/janus-pannonius-grand-prize-winning-polish-poet-adam-zagajewski-dies\\\/#primaryimage\"},\"thumbnailUrl\":\"https:\\\/\\\/magyarpenclub.hu\\\/wp-content\\\/uploads\\\/2021\\\/05\\\/adam-zagajewski2.jpg\",\"articleSection\":[\"In memoriam\"],\"inLanguage\":\"en-US\",\"potentialAction\":[{\"@type\":\"CommentAction\",\"name\":\"Comment\",\"target\":[\"https:\\\/\\\/magyarpenclub.hu\\\/en\\\/2021\\\/03\\\/22\\\/janus-pannonius-grand-prize-winning-polish-poet-adam-zagajewski-dies\\\/#respond\"]}]},{\"@type\":\"WebPage\",\"@id\":\"https:\\\/\\\/magyarpenclub.hu\\\/en\\\/2021\\\/03\\\/22\\\/janus-pannonius-grand-prize-winning-polish-poet-adam-zagajewski-dies\\\/\",\"url\":\"https:\\\/\\\/magyarpenclub.hu\\\/en\\\/2021\\\/03\\\/22\\\/janus-pannonius-grand-prize-winning-polish-poet-adam-zagajewski-dies\\\/\",\"name\":\"Janus Pannonius Grand Prize-winning Polish poet Adam Zagajewski passed away - Magyar PEN Club\",\"isPartOf\":{\"@id\":\"https:\\\/\\\/magyarpenclub.hu\\\/en\\\/#website\"},\"primaryImageOfPage\":{\"@id\":\"https:\\\/\\\/magyarpenclub.hu\\\/en\\\/2021\\\/03\\\/22\\\/janus-pannonius-grand-prize-winning-polish-poet-adam-zagajewski-dies\\\/#primaryimage\"},\"image\":{\"@id\":\"https:\\\/\\\/magyarpenclub.hu\\\/en\\\/2021\\\/03\\\/22\\\/janus-pannonius-grand-prize-winning-polish-poet-adam-zagajewski-dies\\\/#primaryimage\"},\"thumbnailUrl\":\"https:\\\/\\\/magyarpenclub.hu\\\/wp-content\\\/uploads\\\/2021\\\/05\\\/adam-zagajewski2.jpg\",\"datePublished\":\"2021-03-22T05:59:00+00:00\",\"dateModified\":\"2023-12-06T16:03:22+00:00\",\"breadcrumb\":{\"@id\":\"https:\\\/\\\/magyarpenclub.hu\\\/en\\\/2021\\\/03\\\/22\\\/janus-pannonius-grand-prize-winning-polish-poet-adam-zagajewski-dies\\\/#breadcrumb\"},\"inLanguage\":\"en-US\",\"potentialAction\":[{\"@type\":\"ReadAction\",\"target\":[\"https:\\\/\\\/magyarpenclub.hu\\\/en\\\/2021\\\/03\\\/22\\\/janus-pannonius-grand-prize-winning-polish-poet-adam-zagajewski-dies\\\/\"]}]},{\"@type\":\"ImageObject\",\"inLanguage\":\"en-US\",\"@id\":\"https:\\\/\\\/magyarpenclub.hu\\\/en\\\/2021\\\/03\\\/22\\\/janus-pannonius-grand-prize-winning-polish-poet-adam-zagajewski-dies\\\/#primaryimage\",\"url\":\"https:\\\/\\\/magyarpenclub.hu\\\/wp-content\\\/uploads\\\/2021\\\/05\\\/adam-zagajewski2.jpg\",\"contentUrl\":\"https:\\\/\\\/magyarpenclub.hu\\\/wp-content\\\/uploads\\\/2021\\\/05\\\/adam-zagajewski2.jpg\",\"width\":1430,\"height\":1094,\"caption\":\"Adam Zagajewski\"},{\"@type\":\"BreadcrumbList\",\"@id\":\"https:\\\/\\\/magyarpenclub.hu\\\/en\\\/2021\\\/03\\\/22\\\/janus-pannonius-grand-prize-winning-polish-poet-adam-zagajewski-dies\\\/#breadcrumb\",\"itemListElement\":[{\"@type\":\"ListItem\",\"position\":1,\"name\":\"Kezd\u0151lap\",\"item\":\"https:\\\/\\\/magyarpenclub.hu\\\/en\\\/\"},{\"@type\":\"ListItem\",\"position\":2,\"name\":\"Janus Pannonius Grand Prize-winning Polish poet Adam Zagajewski passed away\"}]},{\"@type\":\"WebSite\",\"@id\":\"https:\\\/\\\/magyarpenclub.hu\\\/en\\\/#website\",\"url\":\"https:\\\/\\\/magyarpenclub.hu\\\/en\\\/\",\"name\":\"Magyar PEN Club\",\"description\":\"H\u00edrek, k\u00f6zlem\u00e9nyek, \u00edr\u00e1sok\",\"publisher\":{\"@id\":\"https:\\\/\\\/magyarpenclub.hu\\\/en\\\/#organization\"},\"potentialAction\":[{\"@type\":\"SearchAction\",\"target\":{\"@type\":\"EntryPoint\",\"urlTemplate\":\"https:\\\/\\\/magyarpenclub.hu\\\/en\\\/?s={search_term_string}\"},\"query-input\":{\"@type\":\"PropertyValueSpecification\",\"valueRequired\":true,\"valueName\":\"search_term_string\"}}],\"inLanguage\":\"en-US\"},{\"@type\":\"Organization\",\"@id\":\"https:\\\/\\\/magyarpenclub.hu\\\/en\\\/#organization\",\"name\":\"Magyar P.E.N. Club\",\"url\":\"https:\\\/\\\/magyarpenclub.hu\\\/en\\\/\",\"logo\":{\"@type\":\"ImageObject\",\"inLanguage\":\"en-US\",\"@id\":\"https:\\\/\\\/magyarpenclub.hu\\\/en\\\/#\\\/schema\\\/logo\\\/image\\\/\",\"url\":\"https:\\\/\\\/magyarpenclub.hu\\\/wp-content\\\/uploads\\\/2022\\\/08\\\/magyar-pen-club-logo.png\",\"contentUrl\":\"https:\\\/\\\/magyarpenclub.hu\\\/wp-content\\\/uploads\\\/2022\\\/08\\\/magyar-pen-club-logo.png\",\"width\":195,\"height\":195,\"caption\":\"Magyar P.E.N. Club\"},\"image\":{\"@id\":\"https:\\\/\\\/magyarpenclub.hu\\\/en\\\/#\\\/schema\\\/logo\\\/image\\\/\"},\"sameAs\":[\"https:\\\/\\\/www.facebook.com\\\/magyarpenclub\",\"https:\\\/\\\/www.youtube.com\\\/channel\\\/UC8bw1YALHZZJCJ-7bqvlR6Q\"]},{\"@type\":\"Person\",\"@id\":\"https:\\\/\\\/magyarpenclub.hu\\\/en\\\/#\\\/schema\\\/person\\\/9d0e9bdcfa14a17e3af44ee46f4f047e\",\"name\":\"admin\",\"image\":{\"@type\":\"ImageObject\",\"inLanguage\":\"en-US\",\"@id\":\"https:\\\/\\\/secure.gravatar.com\\\/avatar\\\/56608a5ae1d60c555b558b0cda110391ad52d81e37b79808b2f59eaf60ba9e43?s=96&d=mm&r=g\",\"url\":\"https:\\\/\\\/secure.gravatar.com\\\/avatar\\\/56608a5ae1d60c555b558b0cda110391ad52d81e37b79808b2f59eaf60ba9e43?s=96&d=mm&r=g\",\"contentUrl\":\"https:\\\/\\\/secure.gravatar.com\\\/avatar\\\/56608a5ae1d60c555b558b0cda110391ad52d81e37b79808b2f59eaf60ba9e43?s=96&d=mm&r=g\",\"caption\":\"admin\"},\"sameAs\":[\"https:\\\/\\\/magyarpenclub.hu\"],\"url\":\"https:\\\/\\\/magyarpenclub.hu\\\/en\\\/author\\\/admin\\\/\"}]}<\/script>\n<!-- \/ Yoast SEO plugin. -->","yoast_head_json":{"title":"Janus Pannonius Grand Prize-winning Polish poet Adam Zagajewski passed away - Magyar PEN Club","robots":{"index":"index","follow":"follow","max-snippet":"max-snippet:-1","max-image-preview":"max-image-preview:large","max-video-preview":"max-video-preview:-1"},"canonical":"https:\/\/magyarpenclub.hu\/en\/2021\/03\/22\/janus-pannonius-grand-prize-winning-polish-poet-adam-zagajewski-dies\/","og_locale":"en_US","og_type":"article","og_title":"Janus Pannonius Grand Prize-winning Polish poet Adam Zagajewski passed away - Magyar PEN Club","og_description":"Poet and essayist Adam Zagajewski, the creator of the Polish New Wave and winner of the 2016 Janus Pannonius Grand Prize for Poetry, died on Sunday evening in Krakow at the age of 75.","og_url":"https:\/\/magyarpenclub.hu\/en\/2021\/03\/22\/janus-pannonius-grand-prize-winning-polish-poet-adam-zagajewski-dies\/","og_site_name":"Magyar PEN Club","article_publisher":"https:\/\/www.facebook.com\/magyarpenclub","article_published_time":"2021-03-22T05:59:00+00:00","article_modified_time":"2023-12-06T16:03:22+00:00","og_image":[{"width":1430,"height":1094,"url":"https:\/\/magyarpenclub.hu\/wp-content\/uploads\/2021\/05\/adam-zagajewski2.jpg","type":"image\/jpeg"}],"author":"admin","twitter_card":"summary_large_image","twitter_misc":{"Written by":"admin","Est. reading time":"2 minutes"},"schema":{"@context":"https:\/\/schema.org","@graph":[{"@type":"Article","@id":"https:\/\/magyarpenclub.hu\/en\/2021\/03\/22\/janus-pannonius-grand-prize-winning-polish-poet-adam-zagajewski-dies\/#article","isPartOf":{"@id":"https:\/\/magyarpenclub.hu\/en\/2021\/03\/22\/janus-pannonius-grand-prize-winning-polish-poet-adam-zagajewski-dies\/"},"author":{"name":"admin","@id":"https:\/\/magyarpenclub.hu\/en\/#\/schema\/person\/9d0e9bdcfa14a17e3af44ee46f4f047e"},"headline":"Janus Pannonius Grand Prize-winning Polish poet Adam Zagajewski passed away","datePublished":"2021-03-22T05:59:00+00:00","dateModified":"2023-12-06T16:03:22+00:00","mainEntityOfPage":{"@id":"https:\/\/magyarpenclub.hu\/en\/2021\/03\/22\/janus-pannonius-grand-prize-winning-polish-poet-adam-zagajewski-dies\/"},"wordCount":409,"commentCount":0,"publisher":{"@id":"https:\/\/magyarpenclub.hu\/en\/#organization"},"image":{"@id":"https:\/\/magyarpenclub.hu\/en\/2021\/03\/22\/janus-pannonius-grand-prize-winning-polish-poet-adam-zagajewski-dies\/#primaryimage"},"thumbnailUrl":"https:\/\/magyarpenclub.hu\/wp-content\/uploads\/2021\/05\/adam-zagajewski2.jpg","articleSection":["In memoriam"],"inLanguage":"en-US","potentialAction":[{"@type":"CommentAction","name":"Comment","target":["https:\/\/magyarpenclub.hu\/en\/2021\/03\/22\/janus-pannonius-grand-prize-winning-polish-poet-adam-zagajewski-dies\/#respond"]}]},{"@type":"WebPage","@id":"https:\/\/magyarpenclub.hu\/en\/2021\/03\/22\/janus-pannonius-grand-prize-winning-polish-poet-adam-zagajewski-dies\/","url":"https:\/\/magyarpenclub.hu\/en\/2021\/03\/22\/janus-pannonius-grand-prize-winning-polish-poet-adam-zagajewski-dies\/","name":"Janus Pannonius Grand Prize-winning Polish poet Adam Zagajewski passed away - Magyar PEN Club","isPartOf":{"@id":"https:\/\/magyarpenclub.hu\/en\/#website"},"primaryImageOfPage":{"@id":"https:\/\/magyarpenclub.hu\/en\/2021\/03\/22\/janus-pannonius-grand-prize-winning-polish-poet-adam-zagajewski-dies\/#primaryimage"},"image":{"@id":"https:\/\/magyarpenclub.hu\/en\/2021\/03\/22\/janus-pannonius-grand-prize-winning-polish-poet-adam-zagajewski-dies\/#primaryimage"},"thumbnailUrl":"https:\/\/magyarpenclub.hu\/wp-content\/uploads\/2021\/05\/adam-zagajewski2.jpg","datePublished":"2021-03-22T05:59:00+00:00","dateModified":"2023-12-06T16:03:22+00:00","breadcrumb":{"@id":"https:\/\/magyarpenclub.hu\/en\/2021\/03\/22\/janus-pannonius-grand-prize-winning-polish-poet-adam-zagajewski-dies\/#breadcrumb"},"inLanguage":"en-US","potentialAction":[{"@type":"ReadAction","target":["https:\/\/magyarpenclub.hu\/en\/2021\/03\/22\/janus-pannonius-grand-prize-winning-polish-poet-adam-zagajewski-dies\/"]}]},{"@type":"ImageObject","inLanguage":"en-US","@id":"https:\/\/magyarpenclub.hu\/en\/2021\/03\/22\/janus-pannonius-grand-prize-winning-polish-poet-adam-zagajewski-dies\/#primaryimage","url":"https:\/\/magyarpenclub.hu\/wp-content\/uploads\/2021\/05\/adam-zagajewski2.jpg","contentUrl":"https:\/\/magyarpenclub.hu\/wp-content\/uploads\/2021\/05\/adam-zagajewski2.jpg","width":1430,"height":1094,"caption":"Adam Zagajewski"},{"@type":"BreadcrumbList","@id":"https:\/\/magyarpenclub.hu\/en\/2021\/03\/22\/janus-pannonius-grand-prize-winning-polish-poet-adam-zagajewski-dies\/#breadcrumb","itemListElement":[{"@type":"ListItem","position":1,"name":"Kezd\u0151lap","item":"https:\/\/magyarpenclub.hu\/en\/"},{"@type":"ListItem","position":2,"name":"Janus Pannonius Grand Prize-winning Polish poet Adam Zagajewski passed away"}]},{"@type":"WebSite","@id":"https:\/\/magyarpenclub.hu\/en\/#website","url":"https:\/\/magyarpenclub.hu\/en\/","name":"Magyar PEN Club","description":"H\u00edrek, k\u00f6zlem\u00e9nyek, \u00edr\u00e1sok","publisher":{"@id":"https:\/\/magyarpenclub.hu\/en\/#organization"},"potentialAction":[{"@type":"SearchAction","target":{"@type":"EntryPoint","urlTemplate":"https:\/\/magyarpenclub.hu\/en\/?s={search_term_string}"},"query-input":{"@type":"PropertyValueSpecification","valueRequired":true,"valueName":"search_term_string"}}],"inLanguage":"en-US"},{"@type":"Organization","@id":"https:\/\/magyarpenclub.hu\/en\/#organization","name":"Magyar P.E.N. Club","url":"https:\/\/magyarpenclub.hu\/en\/","logo":{"@type":"ImageObject","inLanguage":"en-US","@id":"https:\/\/magyarpenclub.hu\/en\/#\/schema\/logo\/image\/","url":"https:\/\/magyarpenclub.hu\/wp-content\/uploads\/2022\/08\/magyar-pen-club-logo.png","contentUrl":"https:\/\/magyarpenclub.hu\/wp-content\/uploads\/2022\/08\/magyar-pen-club-logo.png","width":195,"height":195,"caption":"Magyar P.E.N. Club"},"image":{"@id":"https:\/\/magyarpenclub.hu\/en\/#\/schema\/logo\/image\/"},"sameAs":["https:\/\/www.facebook.com\/magyarpenclub","https:\/\/www.youtube.com\/channel\/UC8bw1YALHZZJCJ-7bqvlR6Q"]},{"@type":"Person","@id":"https:\/\/magyarpenclub.hu\/en\/#\/schema\/person\/9d0e9bdcfa14a17e3af44ee46f4f047e","name":"admin","image":{"@type":"ImageObject","inLanguage":"en-US","@id":"https:\/\/secure.gravatar.com\/avatar\/56608a5ae1d60c555b558b0cda110391ad52d81e37b79808b2f59eaf60ba9e43?s=96&d=mm&r=g","url":"https:\/\/secure.gravatar.com\/avatar\/56608a5ae1d60c555b558b0cda110391ad52d81e37b79808b2f59eaf60ba9e43?s=96&d=mm&r=g","contentUrl":"https:\/\/secure.gravatar.com\/avatar\/56608a5ae1d60c555b558b0cda110391ad52d81e37b79808b2f59eaf60ba9e43?s=96&d=mm&r=g","caption":"admin"},"sameAs":["https:\/\/magyarpenclub.hu"],"url":"https:\/\/magyarpenclub.hu\/en\/author\/admin\/"}]}},"_links":{"self":[{"href":"https:\/\/magyarpenclub.hu\/en\/wp-json\/wp\/v2\/posts\/7116","targetHints":{"allow":["GET"]}}],"collection":[{"href":"https:\/\/magyarpenclub.hu\/en\/wp-json\/wp\/v2\/posts"}],"about":[{"href":"https:\/\/magyarpenclub.hu\/en\/wp-json\/wp\/v2\/types\/post"}],"author":[{"embeddable":true,"href":"https:\/\/magyarpenclub.hu\/en\/wp-json\/wp\/v2\/users\/1"}],"replies":[{"embeddable":true,"href":"https:\/\/magyarpenclub.hu\/en\/wp-json\/wp\/v2\/comments?post=7116"}],"version-history":[{"count":0,"href":"https:\/\/magyarpenclub.hu\/en\/wp-json\/wp\/v2\/posts\/7116\/revisions"}],"wp:featuredmedia":[{"embeddable":true,"href":"https:\/\/magyarpenclub.hu\/en\/wp-json\/wp\/v2\/media\/6453"}],"wp:attachment":[{"href":"https:\/\/magyarpenclub.hu\/en\/wp-json\/wp\/v2\/media?parent=7116"}],"wp:term":[{"taxonomy":"category","embeddable":true,"href":"https:\/\/magyarpenclub.hu\/en\/wp-json\/wp\/v2\/categories?post=7116"},{"taxonomy":"post_tag","embeddable":true,"href":"https:\/\/magyarpenclub.hu\/en\/wp-json\/wp\/v2\/tags?post=7116"}],"curies":[{"name":"wp","href":"https:\/\/api.w.org\/{rel}","templated":true}]}}