{"id":7126,"date":"2022-04-03T16:38:00","date_gmt":"2022-04-03T16:38:00","guid":{"rendered":"https:\/\/magyarpenclub.hu\/2022\/04\/03\/gabor-gorgey-has-passed-away\/"},"modified":"2023-12-06T15:18:15","modified_gmt":"2023-12-06T15:18:15","slug":"gabor-gorgey-has-passed-away","status":"publish","type":"post","link":"https:\/\/magyarpenclub.hu\/en\/2022\/04\/03\/gabor-gorgey-has-passed-away\/","title":{"rendered":"G\u00e1bor G\u00f6rgey has passed away"},"content":{"rendered":"\t\t<div data-elementor-type=\"wp-post\" data-elementor-id=\"7126\" class=\"elementor elementor-7126 elementor-378\" data-elementor-post-type=\"post\">\n\t\t\t\t\t\t<section class=\"elementor-section elementor-top-section elementor-element elementor-element-c350e4f elementor-section-boxed elementor-section-height-default elementor-section-height-default\" data-id=\"c350e4f\" data-element_type=\"section\" data-e-type=\"section\">\n\t\t\t\t\t\t<div class=\"elementor-container elementor-column-gap-default\">\n\t\t\t\t\t<div class=\"elementor-column elementor-col-100 elementor-top-column elementor-element elementor-element-54982c5\" data-id=\"54982c5\" data-element_type=\"column\" data-e-type=\"column\">\n\t\t\t<div class=\"elementor-widget-wrap elementor-element-populated\">\n\t\t\t\t\t\t<div class=\"elementor-element elementor-element-44d3a7b elementor-widget elementor-widget-spacer\" data-id=\"44d3a7b\" data-element_type=\"widget\" data-e-type=\"widget\" data-widget_type=\"spacer.default\">\n\t\t\t\t<div class=\"elementor-widget-container\">\n\t\t\t\t\t\t\t<div class=\"elementor-spacer\">\n\t\t\t<div class=\"elementor-spacer-inner\"><\/div>\n\t\t<\/div>\n\t\t\t\t\t\t<\/div>\n\t\t\t\t<\/div>\n\t\t\t\t\t<\/div>\n\t\t<\/div>\n\t\t\t\t\t<\/div>\n\t\t<\/section>\n\t\t\t\t<section class=\"elementor-section elementor-top-section elementor-element elementor-element-d62a0d5 elementor-section-boxed elementor-section-height-default elementor-section-height-default\" data-id=\"d62a0d5\" data-element_type=\"section\" data-e-type=\"section\">\n\t\t\t\t\t\t<div class=\"elementor-container elementor-column-gap-default\">\n\t\t\t\t\t<div class=\"elementor-column elementor-col-66 elementor-top-column elementor-element elementor-element-6690b77\" data-id=\"6690b77\" data-element_type=\"column\" data-e-type=\"column\">\n\t\t\t<div class=\"elementor-widget-wrap elementor-element-populated\">\n\t\t\t\t\t\t<div class=\"elementor-element elementor-element-80381f2 elementor-widget elementor-widget-heading\" data-id=\"80381f2\" data-element_type=\"widget\" data-e-type=\"widget\" data-widget_type=\"heading.default\">\n\t\t\t\t<div class=\"elementor-widget-container\">\n\t\t\t\t\t<h3 class=\"elementor-heading-title elementor-size-default\">\"...at dawn, stylishly, on Poetry Day, Arthur was gone.\"<\/h3>\t\t\t\t<\/div>\n\t\t\t\t<\/div>\n\t\t\t\t<div class=\"elementor-element elementor-element-aaa302e elementor-widget elementor-widget-spacer\" data-id=\"aaa302e\" data-element_type=\"widget\" data-e-type=\"widget\" data-widget_type=\"spacer.default\">\n\t\t\t\t<div class=\"elementor-widget-container\">\n\t\t\t\t\t\t\t<div class=\"elementor-spacer\">\n\t\t\t<div class=\"elementor-spacer-inner\"><\/div>\n\t\t<\/div>\n\t\t\t\t\t\t<\/div>\n\t\t\t\t<\/div>\n\t\t\t\t<div class=\"elementor-element elementor-element-fea2577 elementor-widget elementor-widget-text-editor\" data-id=\"fea2577\" data-element_type=\"widget\" data-e-type=\"widget\" data-widget_type=\"text-editor.default\">\n\t\t\t\t<div class=\"elementor-widget-container\">\n\t\t\t\t\t\t\t\t\t<p style=\"text-align: justify;\">This morning, at 7.34 AM, I received this text message. Then, I thought, he could be sitting at Istv\u00e1n Vas&#8217;s table again, next to Ferenc Juh\u00e1sz and Istv\u00e1n Kormos, as I first saw them together in the spring of 1960. &#8220;But wouldn&#8217;t it be <em>stylish<\/em> that on J\u00f3zsef Attila&#8217;s birthday, G\u00e1bor G\u00f6rgey (original name, and to friends Arthur), Kossuth Prize, J\u00f3zsef Attila Prize, and Prima Primissima-winning poet, writer, playwright, honorary president of the Hungarian PEN Club, in his 93rd year, still stands on a podium and recites his poem titled <em>&#8220;Eszkim\u00f3 ny\u00e1r&#8221; (Eskimo Summer)<\/em>? The poem that accurately describes the &#8220;one minute&#8221; of October 1956, as the young university student, deported in 1951 because of his origins (nephew of General Arthur G\u00f6rgey), longingly experienced the &#8220;summer&#8221; after the revolution:<\/p>\n<\/p>\n<blockquote>\n<p><em>&#8220;Less\u00fck h\u00e1romsz\u00e1zhatvann\u00e9gy napig<\/em><\/p>\n<p><em>a dereng\u0151 op\u00e1l goly\u00f3t az \u00e9gen,<\/em><\/p>\n<p><em>v\u00e1rjuk a csontmeleg\u00edt\u0151 nyarat<\/em><\/p>\n<p><em>dideregve a j\u00e9gkunyh\u00f3 \u00f6l\u00e9ben, <\/em><\/p>\n<\/p>\n<p><em>s egyszercsak itt van, r\u00e1nkcsordulva \u00e1tt\u00f6r<\/em><\/p>\n<p><em>az \u00e9gbolt j\u00e9gfal\u00e1n egy napsug\u00e1r. <\/em><\/p>\n<p><em>Egy percig tart. S mi ujjongunk a t\u00e9lben:<\/em><\/p>\n<p><em>\u201eMicsoda ny\u00e1r volt! \u00d3, micsoda ny\u00e1r!\u201d<\/em><\/p>\n<\/blockquote>\n<p>Goodbye, my brother, my friend!<\/p>\n<p>Zolt\u00e1n Sumonyi<\/p>\n<p>Honorary President of the Hungarian PEN Club<\/p>\n\t\t\t\t\t\t\t\t<\/div>\n\t\t\t\t<\/div>\n\t\t\t\t\t<\/div>\n\t\t<\/div>\n\t\t\t\t<div class=\"elementor-column elementor-col-33 elementor-top-column elementor-element elementor-element-5065b7c\" data-id=\"5065b7c\" data-element_type=\"column\" data-e-type=\"column\">\n\t\t\t<div class=\"elementor-widget-wrap elementor-element-populated\">\n\t\t\t\t\t\t<div class=\"elementor-element elementor-element-78e7e1e elementor-widget elementor-widget-image\" data-id=\"78e7e1e\" data-element_type=\"widget\" data-e-type=\"widget\" data-widget_type=\"image.default\">\n\t\t\t\t<div class=\"elementor-widget-container\">\n\t\t\t\t\t\t\t\t\t\t\t\t\t\t\t<img decoding=\"async\" width=\"800\" height=\"450\" src=\"https:\/\/magyarpenclub.hu\/wp-content\/uploads\/2022\/04\/gorgei-gabor-fortepan-01-1024x576.jpg\" class=\"attachment-large size-large wp-image-6432\" alt=\"\" srcset=\"https:\/\/magyarpenclub.hu\/wp-content\/uploads\/2022\/04\/gorgei-gabor-fortepan-01-1024x576.jpg 1024w, https:\/\/magyarpenclub.hu\/wp-content\/uploads\/2022\/04\/gorgei-gabor-fortepan-01-1000x563.jpg 1000w, https:\/\/magyarpenclub.hu\/wp-content\/uploads\/2022\/04\/gorgei-gabor-fortepan-01-300x169.jpg 300w, https:\/\/magyarpenclub.hu\/wp-content\/uploads\/2022\/04\/gorgei-gabor-fortepan-01-768x432.jpg 768w, https:\/\/magyarpenclub.hu\/wp-content\/uploads\/2022\/04\/gorgei-gabor-fortepan-01-1536x864.jpg 1536w, https:\/\/magyarpenclub.hu\/wp-content\/uploads\/2022\/04\/gorgei-gabor-fortepan-01.jpg 1920w\" sizes=\"(max-width: 800px) 100vw, 800px\" \/>\t\t\t\t\t\t\t\t\t\t\t\t\t\t\t<\/div>\n\t\t\t\t<\/div>\n\t\t\t\t<div class=\"elementor-element elementor-element-3a47707 elementor-widget__width-initial elementor-widget elementor-widget-image\" data-id=\"3a47707\" data-element_type=\"widget\" data-e-type=\"widget\" data-widget_type=\"image.default\">\n\t\t\t\t<div class=\"elementor-widget-container\">\n\t\t\t\t\t\t\t\t\t\t\t\t\t\t\t<img decoding=\"async\" width=\"538\" height=\"768\" src=\"https:\/\/magyarpenclub.hu\/wp-content\/uploads\/2022\/04\/gorgey-gabor-02.jpg\" class=\"attachment-large size-large wp-image-6435\" alt=\"\" srcset=\"https:\/\/magyarpenclub.hu\/wp-content\/uploads\/2022\/04\/gorgey-gabor-02.jpg 538w, https:\/\/magyarpenclub.hu\/wp-content\/uploads\/2022\/04\/gorgey-gabor-02-210x300.jpg 210w\" sizes=\"(max-width: 538px) 100vw, 538px\" \/>\t\t\t\t\t\t\t\t\t\t\t\t\t\t\t<\/div>\n\t\t\t\t<\/div>\n\t\t\t\t<div class=\"elementor-element elementor-element-3a7af05 elementor-widget__width-initial elementor-widget elementor-widget-image\" data-id=\"3a7af05\" data-element_type=\"widget\" data-e-type=\"widget\" data-widget_type=\"image.default\">\n\t\t\t\t<div class=\"elementor-widget-container\">\n\t\t\t\t\t\t\t\t\t\t\t\t\t\t\t<img decoding=\"async\" width=\"800\" height=\"838\" src=\"https:\/\/magyarpenclub.hu\/wp-content\/uploads\/2022\/04\/gorgey-gabor-ij-977x1024.jpg\" class=\"attachment-large size-large wp-image-6438\" alt=\"\" srcset=\"https:\/\/magyarpenclub.hu\/wp-content\/uploads\/2022\/04\/gorgey-gabor-ij-977x1024.jpg 977w, https:\/\/magyarpenclub.hu\/wp-content\/uploads\/2022\/04\/gorgey-gabor-ij-1000x1048.jpg 1000w, https:\/\/magyarpenclub.hu\/wp-content\/uploads\/2022\/04\/gorgey-gabor-ij-286x300.jpg 286w, https:\/\/magyarpenclub.hu\/wp-content\/uploads\/2022\/04\/gorgey-gabor-ij-768x805.jpg 768w, https:\/\/magyarpenclub.hu\/wp-content\/uploads\/2022\/04\/gorgey-gabor-ij-1465x1536.jpg 1465w, https:\/\/magyarpenclub.hu\/wp-content\/uploads\/2022\/04\/gorgey-gabor-ij.jpg 1736w\" sizes=\"(max-width: 800px) 100vw, 800px\" \/>\t\t\t\t\t\t\t\t\t\t\t\t\t\t\t<\/div>\n\t\t\t\t<\/div>\n\t\t\t\t\t<\/div>\n\t\t<\/div>\n\t\t\t\t\t<\/div>\n\t\t<\/section>\n\t\t\t\t<\/div>\n\t\t","protected":false},"excerpt":{"rendered":"<p>This morning, at 7.34am, I received this text message. Then, I thought, he could be sitting at Istv\u00e1n Vas&#8217;s table again, next to Ferenc Juh\u00e1sz and Istv\u00e1n Kormos, as I first saw them together in the spring of 1960.<\/p>\n","protected":false},"author":1,"featured_media":6429,"comment_status":"open","ping_status":"open","sticky":false,"template":"","format":"standard","meta":{"_acf_changed":false,"footnotes":""},"categories":[171],"tags":[],"class_list":["post-7126","post","type-post","status-publish","format-standard","has-post-thumbnail","hentry","category-in-memoriam-en"],"acf":[],"yoast_head":"<!-- This site is optimized with the Yoast SEO plugin v27.5 - https:\/\/yoast.com\/product\/yoast-seo-wordpress\/ -->\n<title>G\u00e1bor G\u00f6rgey has passed away - Magyar PEN Club<\/title>\n<meta name=\"robots\" content=\"index, follow, max-snippet:-1, max-image-preview:large, max-video-preview:-1\" \/>\n<link rel=\"canonical\" href=\"https:\/\/magyarpenclub.hu\/en\/2022\/04\/03\/gabor-gorgey-has-passed-away\/\" \/>\n<meta property=\"og:locale\" content=\"en_US\" \/>\n<meta property=\"og:type\" content=\"article\" \/>\n<meta property=\"og:title\" content=\"G\u00e1bor G\u00f6rgey has passed away - Magyar PEN Club\" \/>\n<meta property=\"og:description\" content=\"This morning, at 7.34am, I received this text message. Then, I thought, he could be sitting at Istv\u00e1n Vas&#039;s table again, next to Ferenc Juh\u00e1sz and Istv\u00e1n Kormos, as I first saw them together in the spring of 1960.\" \/>\n<meta property=\"og:url\" content=\"https:\/\/magyarpenclub.hu\/en\/2022\/04\/03\/gabor-gorgey-has-passed-away\/\" \/>\n<meta property=\"og:site_name\" content=\"Magyar PEN Club\" \/>\n<meta property=\"article:publisher\" content=\"https:\/\/www.facebook.com\/magyarpenclub\" \/>\n<meta property=\"article:published_time\" content=\"2022-04-03T16:38:00+00:00\" \/>\n<meta property=\"article:modified_time\" content=\"2023-12-06T15:18:15+00:00\" \/>\n<meta property=\"og:image\" content=\"https:\/\/magyarpenclub.hu\/wp-content\/uploads\/2021\/05\/gorgey-gabor-ff.jpg\" \/>\n\t<meta property=\"og:image:width\" content=\"2000\" \/>\n\t<meta property=\"og:image:height\" content=\"1330\" \/>\n\t<meta property=\"og:image:type\" content=\"image\/jpeg\" \/>\n<meta name=\"author\" content=\"admin\" \/>\n<meta name=\"twitter:card\" content=\"summary_large_image\" \/>\n<meta name=\"twitter:label1\" content=\"Written by\" \/>\n\t<meta name=\"twitter:data1\" content=\"admin\" \/>\n\t<meta name=\"twitter:label2\" content=\"Est. reading time\" \/>\n\t<meta name=\"twitter:data2\" content=\"1 minute\" \/>\n<script type=\"application\/ld+json\" class=\"yoast-schema-graph\">{\"@context\":\"https:\\\/\\\/schema.org\",\"@graph\":[{\"@type\":\"Article\",\"@id\":\"https:\\\/\\\/magyarpenclub.hu\\\/en\\\/2022\\\/04\\\/03\\\/gabor-gorgey-has-passed-away\\\/#article\",\"isPartOf\":{\"@id\":\"https:\\\/\\\/magyarpenclub.hu\\\/en\\\/2022\\\/04\\\/03\\\/gabor-gorgey-has-passed-away\\\/\"},\"author\":{\"name\":\"admin\",\"@id\":\"https:\\\/\\\/magyarpenclub.hu\\\/en\\\/#\\\/schema\\\/person\\\/9d0e9bdcfa14a17e3af44ee46f4f047e\"},\"headline\":\"G\u00e1bor G\u00f6rgey has passed away\",\"datePublished\":\"2022-04-03T16:38:00+00:00\",\"dateModified\":\"2023-12-06T15:18:15+00:00\",\"mainEntityOfPage\":{\"@id\":\"https:\\\/\\\/magyarpenclub.hu\\\/en\\\/2022\\\/04\\\/03\\\/gabor-gorgey-has-passed-away\\\/\"},\"wordCount\":227,\"commentCount\":0,\"publisher\":{\"@id\":\"https:\\\/\\\/magyarpenclub.hu\\\/en\\\/#organization\"},\"image\":{\"@id\":\"https:\\\/\\\/magyarpenclub.hu\\\/en\\\/2022\\\/04\\\/03\\\/gabor-gorgey-has-passed-away\\\/#primaryimage\"},\"thumbnailUrl\":\"https:\\\/\\\/magyarpenclub.hu\\\/wp-content\\\/uploads\\\/2021\\\/05\\\/gorgey-gabor-ff.jpg\",\"articleSection\":[\"In memoriam\"],\"inLanguage\":\"en-US\",\"potentialAction\":[{\"@type\":\"CommentAction\",\"name\":\"Comment\",\"target\":[\"https:\\\/\\\/magyarpenclub.hu\\\/en\\\/2022\\\/04\\\/03\\\/gabor-gorgey-has-passed-away\\\/#respond\"]}]},{\"@type\":\"WebPage\",\"@id\":\"https:\\\/\\\/magyarpenclub.hu\\\/en\\\/2022\\\/04\\\/03\\\/gabor-gorgey-has-passed-away\\\/\",\"url\":\"https:\\\/\\\/magyarpenclub.hu\\\/en\\\/2022\\\/04\\\/03\\\/gabor-gorgey-has-passed-away\\\/\",\"name\":\"G\u00e1bor G\u00f6rgey has passed away - Magyar PEN Club\",\"isPartOf\":{\"@id\":\"https:\\\/\\\/magyarpenclub.hu\\\/en\\\/#website\"},\"primaryImageOfPage\":{\"@id\":\"https:\\\/\\\/magyarpenclub.hu\\\/en\\\/2022\\\/04\\\/03\\\/gabor-gorgey-has-passed-away\\\/#primaryimage\"},\"image\":{\"@id\":\"https:\\\/\\\/magyarpenclub.hu\\\/en\\\/2022\\\/04\\\/03\\\/gabor-gorgey-has-passed-away\\\/#primaryimage\"},\"thumbnailUrl\":\"https:\\\/\\\/magyarpenclub.hu\\\/wp-content\\\/uploads\\\/2021\\\/05\\\/gorgey-gabor-ff.jpg\",\"datePublished\":\"2022-04-03T16:38:00+00:00\",\"dateModified\":\"2023-12-06T15:18:15+00:00\",\"breadcrumb\":{\"@id\":\"https:\\\/\\\/magyarpenclub.hu\\\/en\\\/2022\\\/04\\\/03\\\/gabor-gorgey-has-passed-away\\\/#breadcrumb\"},\"inLanguage\":\"en-US\",\"potentialAction\":[{\"@type\":\"ReadAction\",\"target\":[\"https:\\\/\\\/magyarpenclub.hu\\\/en\\\/2022\\\/04\\\/03\\\/gabor-gorgey-has-passed-away\\\/\"]}]},{\"@type\":\"ImageObject\",\"inLanguage\":\"en-US\",\"@id\":\"https:\\\/\\\/magyarpenclub.hu\\\/en\\\/2022\\\/04\\\/03\\\/gabor-gorgey-has-passed-away\\\/#primaryimage\",\"url\":\"https:\\\/\\\/magyarpenclub.hu\\\/wp-content\\\/uploads\\\/2021\\\/05\\\/gorgey-gabor-ff.jpg\",\"contentUrl\":\"https:\\\/\\\/magyarpenclub.hu\\\/wp-content\\\/uploads\\\/2021\\\/05\\\/gorgey-gabor-ff.jpg\",\"width\":2000,\"height\":1330,\"caption\":\"G\u00f6rgey G\u00e1bor\"},{\"@type\":\"BreadcrumbList\",\"@id\":\"https:\\\/\\\/magyarpenclub.hu\\\/en\\\/2022\\\/04\\\/03\\\/gabor-gorgey-has-passed-away\\\/#breadcrumb\",\"itemListElement\":[{\"@type\":\"ListItem\",\"position\":1,\"name\":\"Kezd\u0151lap\",\"item\":\"https:\\\/\\\/magyarpenclub.hu\\\/en\\\/\"},{\"@type\":\"ListItem\",\"position\":2,\"name\":\"G\u00e1bor G\u00f6rgey has passed away\"}]},{\"@type\":\"WebSite\",\"@id\":\"https:\\\/\\\/magyarpenclub.hu\\\/en\\\/#website\",\"url\":\"https:\\\/\\\/magyarpenclub.hu\\\/en\\\/\",\"name\":\"Magyar PEN Club\",\"description\":\"H\u00edrek, k\u00f6zlem\u00e9nyek, \u00edr\u00e1sok\",\"publisher\":{\"@id\":\"https:\\\/\\\/magyarpenclub.hu\\\/en\\\/#organization\"},\"potentialAction\":[{\"@type\":\"SearchAction\",\"target\":{\"@type\":\"EntryPoint\",\"urlTemplate\":\"https:\\\/\\\/magyarpenclub.hu\\\/en\\\/?s={search_term_string}\"},\"query-input\":{\"@type\":\"PropertyValueSpecification\",\"valueRequired\":true,\"valueName\":\"search_term_string\"}}],\"inLanguage\":\"en-US\"},{\"@type\":\"Organization\",\"@id\":\"https:\\\/\\\/magyarpenclub.hu\\\/en\\\/#organization\",\"name\":\"Magyar P.E.N. Club\",\"url\":\"https:\\\/\\\/magyarpenclub.hu\\\/en\\\/\",\"logo\":{\"@type\":\"ImageObject\",\"inLanguage\":\"en-US\",\"@id\":\"https:\\\/\\\/magyarpenclub.hu\\\/en\\\/#\\\/schema\\\/logo\\\/image\\\/\",\"url\":\"https:\\\/\\\/magyarpenclub.hu\\\/wp-content\\\/uploads\\\/2022\\\/08\\\/magyar-pen-club-logo.png\",\"contentUrl\":\"https:\\\/\\\/magyarpenclub.hu\\\/wp-content\\\/uploads\\\/2022\\\/08\\\/magyar-pen-club-logo.png\",\"width\":195,\"height\":195,\"caption\":\"Magyar P.E.N. Club\"},\"image\":{\"@id\":\"https:\\\/\\\/magyarpenclub.hu\\\/en\\\/#\\\/schema\\\/logo\\\/image\\\/\"},\"sameAs\":[\"https:\\\/\\\/www.facebook.com\\\/magyarpenclub\",\"https:\\\/\\\/www.youtube.com\\\/channel\\\/UC8bw1YALHZZJCJ-7bqvlR6Q\"]},{\"@type\":\"Person\",\"@id\":\"https:\\\/\\\/magyarpenclub.hu\\\/en\\\/#\\\/schema\\\/person\\\/9d0e9bdcfa14a17e3af44ee46f4f047e\",\"name\":\"admin\",\"image\":{\"@type\":\"ImageObject\",\"inLanguage\":\"en-US\",\"@id\":\"https:\\\/\\\/secure.gravatar.com\\\/avatar\\\/56608a5ae1d60c555b558b0cda110391ad52d81e37b79808b2f59eaf60ba9e43?s=96&d=mm&r=g\",\"url\":\"https:\\\/\\\/secure.gravatar.com\\\/avatar\\\/56608a5ae1d60c555b558b0cda110391ad52d81e37b79808b2f59eaf60ba9e43?s=96&d=mm&r=g\",\"contentUrl\":\"https:\\\/\\\/secure.gravatar.com\\\/avatar\\\/56608a5ae1d60c555b558b0cda110391ad52d81e37b79808b2f59eaf60ba9e43?s=96&d=mm&r=g\",\"caption\":\"admin\"},\"sameAs\":[\"https:\\\/\\\/magyarpenclub.hu\"],\"url\":\"https:\\\/\\\/magyarpenclub.hu\\\/en\\\/author\\\/admin\\\/\"}]}<\/script>\n<!-- \/ Yoast SEO plugin. -->","yoast_head_json":{"title":"G\u00e1bor G\u00f6rgey has passed away - Magyar PEN Club","robots":{"index":"index","follow":"follow","max-snippet":"max-snippet:-1","max-image-preview":"max-image-preview:large","max-video-preview":"max-video-preview:-1"},"canonical":"https:\/\/magyarpenclub.hu\/en\/2022\/04\/03\/gabor-gorgey-has-passed-away\/","og_locale":"en_US","og_type":"article","og_title":"G\u00e1bor G\u00f6rgey has passed away - Magyar PEN Club","og_description":"This morning, at 7.34am, I received this text message. Then, I thought, he could be sitting at Istv\u00e1n Vas's table again, next to Ferenc Juh\u00e1sz and Istv\u00e1n Kormos, as I first saw them together in the spring of 1960.","og_url":"https:\/\/magyarpenclub.hu\/en\/2022\/04\/03\/gabor-gorgey-has-passed-away\/","og_site_name":"Magyar PEN Club","article_publisher":"https:\/\/www.facebook.com\/magyarpenclub","article_published_time":"2022-04-03T16:38:00+00:00","article_modified_time":"2023-12-06T15:18:15+00:00","og_image":[{"width":2000,"height":1330,"url":"https:\/\/magyarpenclub.hu\/wp-content\/uploads\/2021\/05\/gorgey-gabor-ff.jpg","type":"image\/jpeg"}],"author":"admin","twitter_card":"summary_large_image","twitter_misc":{"Written by":"admin","Est. reading time":"1 minute"},"schema":{"@context":"https:\/\/schema.org","@graph":[{"@type":"Article","@id":"https:\/\/magyarpenclub.hu\/en\/2022\/04\/03\/gabor-gorgey-has-passed-away\/#article","isPartOf":{"@id":"https:\/\/magyarpenclub.hu\/en\/2022\/04\/03\/gabor-gorgey-has-passed-away\/"},"author":{"name":"admin","@id":"https:\/\/magyarpenclub.hu\/en\/#\/schema\/person\/9d0e9bdcfa14a17e3af44ee46f4f047e"},"headline":"G\u00e1bor G\u00f6rgey has passed away","datePublished":"2022-04-03T16:38:00+00:00","dateModified":"2023-12-06T15:18:15+00:00","mainEntityOfPage":{"@id":"https:\/\/magyarpenclub.hu\/en\/2022\/04\/03\/gabor-gorgey-has-passed-away\/"},"wordCount":227,"commentCount":0,"publisher":{"@id":"https:\/\/magyarpenclub.hu\/en\/#organization"},"image":{"@id":"https:\/\/magyarpenclub.hu\/en\/2022\/04\/03\/gabor-gorgey-has-passed-away\/#primaryimage"},"thumbnailUrl":"https:\/\/magyarpenclub.hu\/wp-content\/uploads\/2021\/05\/gorgey-gabor-ff.jpg","articleSection":["In memoriam"],"inLanguage":"en-US","potentialAction":[{"@type":"CommentAction","name":"Comment","target":["https:\/\/magyarpenclub.hu\/en\/2022\/04\/03\/gabor-gorgey-has-passed-away\/#respond"]}]},{"@type":"WebPage","@id":"https:\/\/magyarpenclub.hu\/en\/2022\/04\/03\/gabor-gorgey-has-passed-away\/","url":"https:\/\/magyarpenclub.hu\/en\/2022\/04\/03\/gabor-gorgey-has-passed-away\/","name":"G\u00e1bor G\u00f6rgey has passed away - Magyar PEN Club","isPartOf":{"@id":"https:\/\/magyarpenclub.hu\/en\/#website"},"primaryImageOfPage":{"@id":"https:\/\/magyarpenclub.hu\/en\/2022\/04\/03\/gabor-gorgey-has-passed-away\/#primaryimage"},"image":{"@id":"https:\/\/magyarpenclub.hu\/en\/2022\/04\/03\/gabor-gorgey-has-passed-away\/#primaryimage"},"thumbnailUrl":"https:\/\/magyarpenclub.hu\/wp-content\/uploads\/2021\/05\/gorgey-gabor-ff.jpg","datePublished":"2022-04-03T16:38:00+00:00","dateModified":"2023-12-06T15:18:15+00:00","breadcrumb":{"@id":"https:\/\/magyarpenclub.hu\/en\/2022\/04\/03\/gabor-gorgey-has-passed-away\/#breadcrumb"},"inLanguage":"en-US","potentialAction":[{"@type":"ReadAction","target":["https:\/\/magyarpenclub.hu\/en\/2022\/04\/03\/gabor-gorgey-has-passed-away\/"]}]},{"@type":"ImageObject","inLanguage":"en-US","@id":"https:\/\/magyarpenclub.hu\/en\/2022\/04\/03\/gabor-gorgey-has-passed-away\/#primaryimage","url":"https:\/\/magyarpenclub.hu\/wp-content\/uploads\/2021\/05\/gorgey-gabor-ff.jpg","contentUrl":"https:\/\/magyarpenclub.hu\/wp-content\/uploads\/2021\/05\/gorgey-gabor-ff.jpg","width":2000,"height":1330,"caption":"G\u00f6rgey G\u00e1bor"},{"@type":"BreadcrumbList","@id":"https:\/\/magyarpenclub.hu\/en\/2022\/04\/03\/gabor-gorgey-has-passed-away\/#breadcrumb","itemListElement":[{"@type":"ListItem","position":1,"name":"Kezd\u0151lap","item":"https:\/\/magyarpenclub.hu\/en\/"},{"@type":"ListItem","position":2,"name":"G\u00e1bor G\u00f6rgey has passed away"}]},{"@type":"WebSite","@id":"https:\/\/magyarpenclub.hu\/en\/#website","url":"https:\/\/magyarpenclub.hu\/en\/","name":"Magyar PEN Club","description":"H\u00edrek, k\u00f6zlem\u00e9nyek, \u00edr\u00e1sok","publisher":{"@id":"https:\/\/magyarpenclub.hu\/en\/#organization"},"potentialAction":[{"@type":"SearchAction","target":{"@type":"EntryPoint","urlTemplate":"https:\/\/magyarpenclub.hu\/en\/?s={search_term_string}"},"query-input":{"@type":"PropertyValueSpecification","valueRequired":true,"valueName":"search_term_string"}}],"inLanguage":"en-US"},{"@type":"Organization","@id":"https:\/\/magyarpenclub.hu\/en\/#organization","name":"Magyar P.E.N. Club","url":"https:\/\/magyarpenclub.hu\/en\/","logo":{"@type":"ImageObject","inLanguage":"en-US","@id":"https:\/\/magyarpenclub.hu\/en\/#\/schema\/logo\/image\/","url":"https:\/\/magyarpenclub.hu\/wp-content\/uploads\/2022\/08\/magyar-pen-club-logo.png","contentUrl":"https:\/\/magyarpenclub.hu\/wp-content\/uploads\/2022\/08\/magyar-pen-club-logo.png","width":195,"height":195,"caption":"Magyar P.E.N. Club"},"image":{"@id":"https:\/\/magyarpenclub.hu\/en\/#\/schema\/logo\/image\/"},"sameAs":["https:\/\/www.facebook.com\/magyarpenclub","https:\/\/www.youtube.com\/channel\/UC8bw1YALHZZJCJ-7bqvlR6Q"]},{"@type":"Person","@id":"https:\/\/magyarpenclub.hu\/en\/#\/schema\/person\/9d0e9bdcfa14a17e3af44ee46f4f047e","name":"admin","image":{"@type":"ImageObject","inLanguage":"en-US","@id":"https:\/\/secure.gravatar.com\/avatar\/56608a5ae1d60c555b558b0cda110391ad52d81e37b79808b2f59eaf60ba9e43?s=96&d=mm&r=g","url":"https:\/\/secure.gravatar.com\/avatar\/56608a5ae1d60c555b558b0cda110391ad52d81e37b79808b2f59eaf60ba9e43?s=96&d=mm&r=g","contentUrl":"https:\/\/secure.gravatar.com\/avatar\/56608a5ae1d60c555b558b0cda110391ad52d81e37b79808b2f59eaf60ba9e43?s=96&d=mm&r=g","caption":"admin"},"sameAs":["https:\/\/magyarpenclub.hu"],"url":"https:\/\/magyarpenclub.hu\/en\/author\/admin\/"}]}},"_links":{"self":[{"href":"https:\/\/magyarpenclub.hu\/en\/wp-json\/wp\/v2\/posts\/7126","targetHints":{"allow":["GET"]}}],"collection":[{"href":"https:\/\/magyarpenclub.hu\/en\/wp-json\/wp\/v2\/posts"}],"about":[{"href":"https:\/\/magyarpenclub.hu\/en\/wp-json\/wp\/v2\/types\/post"}],"author":[{"embeddable":true,"href":"https:\/\/magyarpenclub.hu\/en\/wp-json\/wp\/v2\/users\/1"}],"replies":[{"embeddable":true,"href":"https:\/\/magyarpenclub.hu\/en\/wp-json\/wp\/v2\/comments?post=7126"}],"version-history":[{"count":0,"href":"https:\/\/magyarpenclub.hu\/en\/wp-json\/wp\/v2\/posts\/7126\/revisions"}],"wp:featuredmedia":[{"embeddable":true,"href":"https:\/\/magyarpenclub.hu\/en\/wp-json\/wp\/v2\/media\/6429"}],"wp:attachment":[{"href":"https:\/\/magyarpenclub.hu\/en\/wp-json\/wp\/v2\/media?parent=7126"}],"wp:term":[{"taxonomy":"category","embeddable":true,"href":"https:\/\/magyarpenclub.hu\/en\/wp-json\/wp\/v2\/categories?post=7126"},{"taxonomy":"post_tag","embeddable":true,"href":"https:\/\/magyarpenclub.hu\/en\/wp-json\/wp\/v2\/tags?post=7126"}],"curies":[{"name":"wp","href":"https:\/\/api.w.org\/{rel}","templated":true}]}}