{"id":7201,"date":"2019-06-03T14:13:00","date_gmt":"2019-06-03T14:13:00","guid":{"rendered":"https:\/\/magyarpenclub.hu\/2019\/06\/03\/goodbye-janos-terey\/"},"modified":"2023-12-06T20:24:23","modified_gmt":"2023-12-06T20:24:23","slug":"goodbye-janos-terey","status":"publish","type":"post","link":"https:\/\/magyarpenclub.hu\/en\/2019\/06\/03\/goodbye-janos-terey\/","title":{"rendered":"Goodbye, J\u00e1nos T\u00e9rey!"},"content":{"rendered":"\t\t<div data-elementor-type=\"wp-post\" data-elementor-id=\"7201\" class=\"elementor elementor-7201 elementor-4012\" data-elementor-post-type=\"post\">\n\t\t\t\t\t\t<section class=\"elementor-section elementor-top-section elementor-element elementor-element-75216b2 elementor-section-boxed elementor-section-height-default elementor-section-height-default\" data-id=\"75216b2\" data-element_type=\"section\" data-e-type=\"section\">\n\t\t\t\t\t\t<div class=\"elementor-container elementor-column-gap-wide\">\n\t\t\t\t\t<div class=\"elementor-column elementor-col-100 elementor-top-column elementor-element elementor-element-a9e5a7f\" data-id=\"a9e5a7f\" data-element_type=\"column\" data-e-type=\"column\">\n\t\t\t<div class=\"elementor-widget-wrap elementor-element-populated\">\n\t\t\t\t\t\t<div class=\"elementor-element elementor-element-729dfd8 elementor-widget elementor-widget-heading\" data-id=\"729dfd8\" data-element_type=\"widget\" data-e-type=\"widget\" data-widget_type=\"heading.default\">\n\t\t\t\t<div class=\"elementor-widget-container\">\n\t\t\t\t\t<h4 class=\"elementor-heading-title elementor-size-default\">Oops!<\/h4>\t\t\t\t<\/div>\n\t\t\t\t<\/div>\n\t\t\t\t<div class=\"elementor-element elementor-element-af7fe76 elementor-widget elementor-widget-spacer\" data-id=\"af7fe76\" data-element_type=\"widget\" data-e-type=\"widget\" data-widget_type=\"spacer.default\">\n\t\t\t\t<div class=\"elementor-widget-container\">\n\t\t\t\t\t\t\t<div class=\"elementor-spacer\">\n\t\t\t<div class=\"elementor-spacer-inner\"><\/div>\n\t\t<\/div>\n\t\t\t\t\t\t<\/div>\n\t\t\t\t<\/div>\n\t\t\t\t<div class=\"elementor-element elementor-element-a447652 elementor-widget elementor-widget-text-editor\" data-id=\"a447652\" data-element_type=\"widget\" data-e-type=\"widget\" data-widget_type=\"text-editor.default\">\n\t\t\t\t<div class=\"elementor-widget-container\">\n\t\t\t\t\t\t\t\t\t<p><span style=\"color: var(--the7-base-color); letter-spacing: var(--the7-base-letter-spacing); text-transform: var(--the7-base-text-transform); word-spacing: normal;\">Oops, dad! &#8211; that&#8217;s how we greeted each other most of the time, parodying and at the same time evoking our mutual friend, the good Norbert Haklik, in a deep, crackling voice, before sitting down once a month at the table of thinkers on Hold Street. The last couple of meetings were cancelled, but we were in the process of organising a new one. We were supposed to meet on 27 May, but we didn&#8217;t manage to coordinate with everyone.<\/span><\/p>\n<p><span style=\"color: var(--the7-base-color); letter-spacing: var(--the7-base-letter-spacing); text-transform: var(--the7-base-text-transform); word-spacing: normal;\">For those who are interested, this was a semi-secret literary society that had been meeting for almost 20 years, and in the last line-up, besides T\u00e9rey, Zsolt Kopp\u00e1ny Nagy, B\u00e1lint Dobai, M\u00e1ty\u00e1s Sz\u00f6ll\u0151si and Oliv\u00e9r S\u00e1ndor Mur\u00e1nyi also appeared at the table.<\/span><\/p>\n<p><span style=\"color: var(--the7-base-color); letter-spacing: var(--the7-base-letter-spacing); text-transform: var(--the7-base-text-transform); word-spacing: normal;\">The essence is that each of the listed ones had a alter ego here; we brought our better selves to these meetings And what was it all about anyway? Everything: political and literary current affairs, private life and, last but not least, literary texts. We were a group where we could rise above the current mess, the culture war, the cult camp, the writers&#8217; union strategies, pretty much anything that could keep people apart. That&#8217;s why it was important for all of us, because whenever we felt the world was about to end, we would call the team together and over a drink we would always have a calming discussion.<\/span><\/p>\n<p><span style=\"color: var(--the7-base-color); letter-spacing: var(--the7-base-letter-spacing); text-transform: var(--the7-base-text-transform); word-spacing: normal;\">J\u00e1nos was undoubtedly the driving force, the oldest member of the team and the most active organiser until the last minute. And this is where this writing should start, why was this so important to him? We certainly knew him as that man, the friend who watches with concern, keeps us all informed, is up to date with all our writings, never short of ideas, optimism and faith. He always kept away from dilettantes, but at the same time he believed that there was a capacity for goodness and improvement in everyone, often warning us to be careful if we were too quick to take advantage of someone or something.<\/span><\/p>\n<p><span style=\"color: var(--the7-base-color); letter-spacing: var(--the7-base-letter-spacing); text-transform: var(--the7-base-text-transform); word-spacing: normal;\">But now we have a reason to rebel. The best of the middle generation of our literature has gone, one of the greatest of all time. Full of life, full of plans, leaving behind family, children, friends and last but not least literature. But there is no one to rebel against, humility remains, as he would have taught. But I regret that he did not get a Kossuth Prize, I regret that he did not get the recognition he deserved. Not even half as big. But maybe we should leave that alone.<\/span><\/p>\n<p><span style=\"color: var(--the7-base-color); letter-spacing: var(--the7-base-letter-spacing); text-transform: var(--the7-base-text-transform); word-spacing: normal;\">Those of us who know, have known for twenty-five years at least, who he is. But I am now saying goodbye to my friend, the fellow thinker from Hold Street, with whom we used to walk from V\u00f6r\u00f6smarty Square behind the Basilica to the Hold Street location at the end of each year, at the last meeting of the year, full of Christmas love and faith, as we once did as children. We always read a poem either at V\u00f6r\u00f6smarty Square or at the Basilica. We are the Miku! &#8211; said J\u00e1nos, leading the line with a happy face. Then came Christmas, the New Year, the new meeting. So far, we have known that this will always be the case. Now we know that it is not.<\/span><\/p>\n<p><span style=\"color: var(--the7-base-color); letter-spacing: var(--the7-base-letter-spacing); text-transform: var(--the7-base-text-transform); word-spacing: normal;\">Oops! Goodbye, J\u00e1nos!<\/span><\/p>\n\t\t\t\t\t\t\t\t<\/div>\n\t\t\t\t<\/div>\n\t\t\t\t\t<\/div>\n\t\t<\/div>\n\t\t\t\t\t<\/div>\n\t\t<\/section>\n\t\t\t\t<\/div>\n\t\t","protected":false},"excerpt":{"rendered":"<p>We are deeply saddened to learn that our fellow member, J\u00e1nos T\u00e9rey died tragically on 3 June 2019. He lived 48 years. Arrangements for his funeral will be made later.<\/p>\n","protected":false},"author":1,"featured_media":6534,"comment_status":"closed","ping_status":"open","sticky":false,"template":"","format":"standard","meta":{"_acf_changed":false,"footnotes":""},"categories":[171],"tags":[],"class_list":["post-7201","post","type-post","status-publish","format-standard","has-post-thumbnail","hentry","category-in-memoriam-en"],"acf":[],"yoast_head":"<!-- This site is optimized with the Yoast SEO plugin v27.5 - https:\/\/yoast.com\/product\/yoast-seo-wordpress\/ -->\n<title>Goodbye, J\u00e1nos T\u00e9rey! - Magyar PEN Club<\/title>\n<meta name=\"robots\" content=\"index, follow, max-snippet:-1, max-image-preview:large, max-video-preview:-1\" \/>\n<link rel=\"canonical\" href=\"https:\/\/magyarpenclub.hu\/en\/2019\/06\/03\/goodbye-janos-terey\/\" \/>\n<meta property=\"og:locale\" content=\"en_US\" \/>\n<meta property=\"og:type\" content=\"article\" \/>\n<meta property=\"og:title\" content=\"Goodbye, J\u00e1nos T\u00e9rey! - Magyar PEN Club\" \/>\n<meta property=\"og:description\" content=\"We are deeply saddened to learn that our fellow member, J\u00e1nos T\u00e9rey died tragically on 3 June 2019. He lived 48 years. Arrangements for his funeral will be made later.\" \/>\n<meta property=\"og:url\" content=\"https:\/\/magyarpenclub.hu\/en\/2019\/06\/03\/goodbye-janos-terey\/\" \/>\n<meta property=\"og:site_name\" content=\"Magyar PEN Club\" \/>\n<meta property=\"article:publisher\" content=\"https:\/\/www.facebook.com\/magyarpenclub\" \/>\n<meta property=\"article:published_time\" content=\"2019-06-03T14:13:00+00:00\" \/>\n<meta property=\"article:modified_time\" content=\"2023-12-06T20:24:23+00:00\" \/>\n<meta property=\"og:image\" content=\"https:\/\/magyarpenclub.hu\/wp-content\/uploads\/2022\/05\/terey-janos.jpg\" \/>\n\t<meta property=\"og:image:width\" content=\"1108\" \/>\n\t<meta property=\"og:image:height\" content=\"623\" \/>\n\t<meta property=\"og:image:type\" content=\"image\/jpeg\" \/>\n<meta name=\"author\" content=\"admin\" \/>\n<meta name=\"twitter:card\" content=\"summary_large_image\" \/>\n<meta name=\"twitter:label1\" content=\"Written by\" \/>\n\t<meta name=\"twitter:data1\" content=\"admin\" \/>\n\t<meta name=\"twitter:label2\" content=\"Est. reading time\" \/>\n\t<meta name=\"twitter:data2\" content=\"3 minutes\" \/>\n<script type=\"application\/ld+json\" class=\"yoast-schema-graph\">{\"@context\":\"https:\\\/\\\/schema.org\",\"@graph\":[{\"@type\":\"Article\",\"@id\":\"https:\\\/\\\/magyarpenclub.hu\\\/en\\\/2019\\\/06\\\/03\\\/goodbye-janos-terey\\\/#article\",\"isPartOf\":{\"@id\":\"https:\\\/\\\/magyarpenclub.hu\\\/en\\\/2019\\\/06\\\/03\\\/goodbye-janos-terey\\\/\"},\"author\":{\"name\":\"admin\",\"@id\":\"https:\\\/\\\/magyarpenclub.hu\\\/en\\\/#\\\/schema\\\/person\\\/9d0e9bdcfa14a17e3af44ee46f4f047e\"},\"headline\":\"Goodbye, J\u00e1nos T\u00e9rey!\",\"datePublished\":\"2019-06-03T14:13:00+00:00\",\"dateModified\":\"2023-12-06T20:24:23+00:00\",\"mainEntityOfPage\":{\"@id\":\"https:\\\/\\\/magyarpenclub.hu\\\/en\\\/2019\\\/06\\\/03\\\/goodbye-janos-terey\\\/\"},\"wordCount\":588,\"publisher\":{\"@id\":\"https:\\\/\\\/magyarpenclub.hu\\\/en\\\/#organization\"},\"image\":{\"@id\":\"https:\\\/\\\/magyarpenclub.hu\\\/en\\\/2019\\\/06\\\/03\\\/goodbye-janos-terey\\\/#primaryimage\"},\"thumbnailUrl\":\"https:\\\/\\\/magyarpenclub.hu\\\/wp-content\\\/uploads\\\/2022\\\/05\\\/terey-janos.jpg\",\"articleSection\":[\"In memoriam\"],\"inLanguage\":\"en-US\"},{\"@type\":\"WebPage\",\"@id\":\"https:\\\/\\\/magyarpenclub.hu\\\/en\\\/2019\\\/06\\\/03\\\/goodbye-janos-terey\\\/\",\"url\":\"https:\\\/\\\/magyarpenclub.hu\\\/en\\\/2019\\\/06\\\/03\\\/goodbye-janos-terey\\\/\",\"name\":\"Goodbye, J\u00e1nos T\u00e9rey! - Magyar PEN Club\",\"isPartOf\":{\"@id\":\"https:\\\/\\\/magyarpenclub.hu\\\/en\\\/#website\"},\"primaryImageOfPage\":{\"@id\":\"https:\\\/\\\/magyarpenclub.hu\\\/en\\\/2019\\\/06\\\/03\\\/goodbye-janos-terey\\\/#primaryimage\"},\"image\":{\"@id\":\"https:\\\/\\\/magyarpenclub.hu\\\/en\\\/2019\\\/06\\\/03\\\/goodbye-janos-terey\\\/#primaryimage\"},\"thumbnailUrl\":\"https:\\\/\\\/magyarpenclub.hu\\\/wp-content\\\/uploads\\\/2022\\\/05\\\/terey-janos.jpg\",\"datePublished\":\"2019-06-03T14:13:00+00:00\",\"dateModified\":\"2023-12-06T20:24:23+00:00\",\"breadcrumb\":{\"@id\":\"https:\\\/\\\/magyarpenclub.hu\\\/en\\\/2019\\\/06\\\/03\\\/goodbye-janos-terey\\\/#breadcrumb\"},\"inLanguage\":\"en-US\",\"potentialAction\":[{\"@type\":\"ReadAction\",\"target\":[\"https:\\\/\\\/magyarpenclub.hu\\\/en\\\/2019\\\/06\\\/03\\\/goodbye-janos-terey\\\/\"]}]},{\"@type\":\"ImageObject\",\"inLanguage\":\"en-US\",\"@id\":\"https:\\\/\\\/magyarpenclub.hu\\\/en\\\/2019\\\/06\\\/03\\\/goodbye-janos-terey\\\/#primaryimage\",\"url\":\"https:\\\/\\\/magyarpenclub.hu\\\/wp-content\\\/uploads\\\/2022\\\/05\\\/terey-janos.jpg\",\"contentUrl\":\"https:\\\/\\\/magyarpenclub.hu\\\/wp-content\\\/uploads\\\/2022\\\/05\\\/terey-janos.jpg\",\"width\":1108,\"height\":623,\"caption\":\"T\u00e9rey J\u00e1nos\"},{\"@type\":\"BreadcrumbList\",\"@id\":\"https:\\\/\\\/magyarpenclub.hu\\\/en\\\/2019\\\/06\\\/03\\\/goodbye-janos-terey\\\/#breadcrumb\",\"itemListElement\":[{\"@type\":\"ListItem\",\"position\":1,\"name\":\"Kezd\u0151lap\",\"item\":\"https:\\\/\\\/magyarpenclub.hu\\\/en\\\/\"},{\"@type\":\"ListItem\",\"position\":2,\"name\":\"Goodbye, J\u00e1nos T\u00e9rey!\"}]},{\"@type\":\"WebSite\",\"@id\":\"https:\\\/\\\/magyarpenclub.hu\\\/en\\\/#website\",\"url\":\"https:\\\/\\\/magyarpenclub.hu\\\/en\\\/\",\"name\":\"Magyar PEN Club\",\"description\":\"H\u00edrek, k\u00f6zlem\u00e9nyek, \u00edr\u00e1sok\",\"publisher\":{\"@id\":\"https:\\\/\\\/magyarpenclub.hu\\\/en\\\/#organization\"},\"potentialAction\":[{\"@type\":\"SearchAction\",\"target\":{\"@type\":\"EntryPoint\",\"urlTemplate\":\"https:\\\/\\\/magyarpenclub.hu\\\/en\\\/?s={search_term_string}\"},\"query-input\":{\"@type\":\"PropertyValueSpecification\",\"valueRequired\":true,\"valueName\":\"search_term_string\"}}],\"inLanguage\":\"en-US\"},{\"@type\":\"Organization\",\"@id\":\"https:\\\/\\\/magyarpenclub.hu\\\/en\\\/#organization\",\"name\":\"Magyar P.E.N. Club\",\"url\":\"https:\\\/\\\/magyarpenclub.hu\\\/en\\\/\",\"logo\":{\"@type\":\"ImageObject\",\"inLanguage\":\"en-US\",\"@id\":\"https:\\\/\\\/magyarpenclub.hu\\\/en\\\/#\\\/schema\\\/logo\\\/image\\\/\",\"url\":\"https:\\\/\\\/magyarpenclub.hu\\\/wp-content\\\/uploads\\\/2022\\\/08\\\/magyar-pen-club-logo.png\",\"contentUrl\":\"https:\\\/\\\/magyarpenclub.hu\\\/wp-content\\\/uploads\\\/2022\\\/08\\\/magyar-pen-club-logo.png\",\"width\":195,\"height\":195,\"caption\":\"Magyar P.E.N. Club\"},\"image\":{\"@id\":\"https:\\\/\\\/magyarpenclub.hu\\\/en\\\/#\\\/schema\\\/logo\\\/image\\\/\"},\"sameAs\":[\"https:\\\/\\\/www.facebook.com\\\/magyarpenclub\",\"https:\\\/\\\/www.youtube.com\\\/channel\\\/UC8bw1YALHZZJCJ-7bqvlR6Q\"]},{\"@type\":\"Person\",\"@id\":\"https:\\\/\\\/magyarpenclub.hu\\\/en\\\/#\\\/schema\\\/person\\\/9d0e9bdcfa14a17e3af44ee46f4f047e\",\"name\":\"admin\",\"image\":{\"@type\":\"ImageObject\",\"inLanguage\":\"en-US\",\"@id\":\"https:\\\/\\\/secure.gravatar.com\\\/avatar\\\/56608a5ae1d60c555b558b0cda110391ad52d81e37b79808b2f59eaf60ba9e43?s=96&d=mm&r=g\",\"url\":\"https:\\\/\\\/secure.gravatar.com\\\/avatar\\\/56608a5ae1d60c555b558b0cda110391ad52d81e37b79808b2f59eaf60ba9e43?s=96&d=mm&r=g\",\"contentUrl\":\"https:\\\/\\\/secure.gravatar.com\\\/avatar\\\/56608a5ae1d60c555b558b0cda110391ad52d81e37b79808b2f59eaf60ba9e43?s=96&d=mm&r=g\",\"caption\":\"admin\"},\"sameAs\":[\"https:\\\/\\\/magyarpenclub.hu\"],\"url\":\"https:\\\/\\\/magyarpenclub.hu\\\/en\\\/author\\\/admin\\\/\"}]}<\/script>\n<!-- \/ Yoast SEO plugin. -->","yoast_head_json":{"title":"Goodbye, J\u00e1nos T\u00e9rey! - Magyar PEN Club","robots":{"index":"index","follow":"follow","max-snippet":"max-snippet:-1","max-image-preview":"max-image-preview:large","max-video-preview":"max-video-preview:-1"},"canonical":"https:\/\/magyarpenclub.hu\/en\/2019\/06\/03\/goodbye-janos-terey\/","og_locale":"en_US","og_type":"article","og_title":"Goodbye, J\u00e1nos T\u00e9rey! - Magyar PEN Club","og_description":"We are deeply saddened to learn that our fellow member, J\u00e1nos T\u00e9rey died tragically on 3 June 2019. He lived 48 years. Arrangements for his funeral will be made later.","og_url":"https:\/\/magyarpenclub.hu\/en\/2019\/06\/03\/goodbye-janos-terey\/","og_site_name":"Magyar PEN Club","article_publisher":"https:\/\/www.facebook.com\/magyarpenclub","article_published_time":"2019-06-03T14:13:00+00:00","article_modified_time":"2023-12-06T20:24:23+00:00","og_image":[{"width":1108,"height":623,"url":"https:\/\/magyarpenclub.hu\/wp-content\/uploads\/2022\/05\/terey-janos.jpg","type":"image\/jpeg"}],"author":"admin","twitter_card":"summary_large_image","twitter_misc":{"Written by":"admin","Est. reading time":"3 minutes"},"schema":{"@context":"https:\/\/schema.org","@graph":[{"@type":"Article","@id":"https:\/\/magyarpenclub.hu\/en\/2019\/06\/03\/goodbye-janos-terey\/#article","isPartOf":{"@id":"https:\/\/magyarpenclub.hu\/en\/2019\/06\/03\/goodbye-janos-terey\/"},"author":{"name":"admin","@id":"https:\/\/magyarpenclub.hu\/en\/#\/schema\/person\/9d0e9bdcfa14a17e3af44ee46f4f047e"},"headline":"Goodbye, J\u00e1nos T\u00e9rey!","datePublished":"2019-06-03T14:13:00+00:00","dateModified":"2023-12-06T20:24:23+00:00","mainEntityOfPage":{"@id":"https:\/\/magyarpenclub.hu\/en\/2019\/06\/03\/goodbye-janos-terey\/"},"wordCount":588,"publisher":{"@id":"https:\/\/magyarpenclub.hu\/en\/#organization"},"image":{"@id":"https:\/\/magyarpenclub.hu\/en\/2019\/06\/03\/goodbye-janos-terey\/#primaryimage"},"thumbnailUrl":"https:\/\/magyarpenclub.hu\/wp-content\/uploads\/2022\/05\/terey-janos.jpg","articleSection":["In memoriam"],"inLanguage":"en-US"},{"@type":"WebPage","@id":"https:\/\/magyarpenclub.hu\/en\/2019\/06\/03\/goodbye-janos-terey\/","url":"https:\/\/magyarpenclub.hu\/en\/2019\/06\/03\/goodbye-janos-terey\/","name":"Goodbye, J\u00e1nos T\u00e9rey! - Magyar PEN Club","isPartOf":{"@id":"https:\/\/magyarpenclub.hu\/en\/#website"},"primaryImageOfPage":{"@id":"https:\/\/magyarpenclub.hu\/en\/2019\/06\/03\/goodbye-janos-terey\/#primaryimage"},"image":{"@id":"https:\/\/magyarpenclub.hu\/en\/2019\/06\/03\/goodbye-janos-terey\/#primaryimage"},"thumbnailUrl":"https:\/\/magyarpenclub.hu\/wp-content\/uploads\/2022\/05\/terey-janos.jpg","datePublished":"2019-06-03T14:13:00+00:00","dateModified":"2023-12-06T20:24:23+00:00","breadcrumb":{"@id":"https:\/\/magyarpenclub.hu\/en\/2019\/06\/03\/goodbye-janos-terey\/#breadcrumb"},"inLanguage":"en-US","potentialAction":[{"@type":"ReadAction","target":["https:\/\/magyarpenclub.hu\/en\/2019\/06\/03\/goodbye-janos-terey\/"]}]},{"@type":"ImageObject","inLanguage":"en-US","@id":"https:\/\/magyarpenclub.hu\/en\/2019\/06\/03\/goodbye-janos-terey\/#primaryimage","url":"https:\/\/magyarpenclub.hu\/wp-content\/uploads\/2022\/05\/terey-janos.jpg","contentUrl":"https:\/\/magyarpenclub.hu\/wp-content\/uploads\/2022\/05\/terey-janos.jpg","width":1108,"height":623,"caption":"T\u00e9rey J\u00e1nos"},{"@type":"BreadcrumbList","@id":"https:\/\/magyarpenclub.hu\/en\/2019\/06\/03\/goodbye-janos-terey\/#breadcrumb","itemListElement":[{"@type":"ListItem","position":1,"name":"Kezd\u0151lap","item":"https:\/\/magyarpenclub.hu\/en\/"},{"@type":"ListItem","position":2,"name":"Goodbye, J\u00e1nos T\u00e9rey!"}]},{"@type":"WebSite","@id":"https:\/\/magyarpenclub.hu\/en\/#website","url":"https:\/\/magyarpenclub.hu\/en\/","name":"Magyar PEN Club","description":"H\u00edrek, k\u00f6zlem\u00e9nyek, \u00edr\u00e1sok","publisher":{"@id":"https:\/\/magyarpenclub.hu\/en\/#organization"},"potentialAction":[{"@type":"SearchAction","target":{"@type":"EntryPoint","urlTemplate":"https:\/\/magyarpenclub.hu\/en\/?s={search_term_string}"},"query-input":{"@type":"PropertyValueSpecification","valueRequired":true,"valueName":"search_term_string"}}],"inLanguage":"en-US"},{"@type":"Organization","@id":"https:\/\/magyarpenclub.hu\/en\/#organization","name":"Magyar P.E.N. Club","url":"https:\/\/magyarpenclub.hu\/en\/","logo":{"@type":"ImageObject","inLanguage":"en-US","@id":"https:\/\/magyarpenclub.hu\/en\/#\/schema\/logo\/image\/","url":"https:\/\/magyarpenclub.hu\/wp-content\/uploads\/2022\/08\/magyar-pen-club-logo.png","contentUrl":"https:\/\/magyarpenclub.hu\/wp-content\/uploads\/2022\/08\/magyar-pen-club-logo.png","width":195,"height":195,"caption":"Magyar P.E.N. Club"},"image":{"@id":"https:\/\/magyarpenclub.hu\/en\/#\/schema\/logo\/image\/"},"sameAs":["https:\/\/www.facebook.com\/magyarpenclub","https:\/\/www.youtube.com\/channel\/UC8bw1YALHZZJCJ-7bqvlR6Q"]},{"@type":"Person","@id":"https:\/\/magyarpenclub.hu\/en\/#\/schema\/person\/9d0e9bdcfa14a17e3af44ee46f4f047e","name":"admin","image":{"@type":"ImageObject","inLanguage":"en-US","@id":"https:\/\/secure.gravatar.com\/avatar\/56608a5ae1d60c555b558b0cda110391ad52d81e37b79808b2f59eaf60ba9e43?s=96&d=mm&r=g","url":"https:\/\/secure.gravatar.com\/avatar\/56608a5ae1d60c555b558b0cda110391ad52d81e37b79808b2f59eaf60ba9e43?s=96&d=mm&r=g","contentUrl":"https:\/\/secure.gravatar.com\/avatar\/56608a5ae1d60c555b558b0cda110391ad52d81e37b79808b2f59eaf60ba9e43?s=96&d=mm&r=g","caption":"admin"},"sameAs":["https:\/\/magyarpenclub.hu"],"url":"https:\/\/magyarpenclub.hu\/en\/author\/admin\/"}]}},"_links":{"self":[{"href":"https:\/\/magyarpenclub.hu\/en\/wp-json\/wp\/v2\/posts\/7201","targetHints":{"allow":["GET"]}}],"collection":[{"href":"https:\/\/magyarpenclub.hu\/en\/wp-json\/wp\/v2\/posts"}],"about":[{"href":"https:\/\/magyarpenclub.hu\/en\/wp-json\/wp\/v2\/types\/post"}],"author":[{"embeddable":true,"href":"https:\/\/magyarpenclub.hu\/en\/wp-json\/wp\/v2\/users\/1"}],"replies":[{"embeddable":true,"href":"https:\/\/magyarpenclub.hu\/en\/wp-json\/wp\/v2\/comments?post=7201"}],"version-history":[{"count":0,"href":"https:\/\/magyarpenclub.hu\/en\/wp-json\/wp\/v2\/posts\/7201\/revisions"}],"wp:featuredmedia":[{"embeddable":true,"href":"https:\/\/magyarpenclub.hu\/en\/wp-json\/wp\/v2\/media\/6534"}],"wp:attachment":[{"href":"https:\/\/magyarpenclub.hu\/en\/wp-json\/wp\/v2\/media?parent=7201"}],"wp:term":[{"taxonomy":"category","embeddable":true,"href":"https:\/\/magyarpenclub.hu\/en\/wp-json\/wp\/v2\/categories?post=7201"},{"taxonomy":"post_tag","embeddable":true,"href":"https:\/\/magyarpenclub.hu\/en\/wp-json\/wp\/v2\/tags?post=7201"}],"curies":[{"name":"wp","href":"https:\/\/api.w.org\/{rel}","templated":true}]}}