{"id":8187,"date":"2021-03-22T05:59:00","date_gmt":"2021-03-22T05:59:00","guid":{"rendered":"https:\/\/magyarpenclub.hu\/2021\/03\/22\/muere-adam-zagajewski-poeta-polaco-galardonado-con-el-gran-premio-janus-pannonius\/"},"modified":"2024-02-14T01:50:46","modified_gmt":"2024-02-14T01:50:46","slug":"muere-adam-zagajewski-poeta-polaco-galardonado-con-el-gran-premio-janus-pannonius","status":"publish","type":"post","link":"https:\/\/magyarpenclub.hu\/es\/2021\/03\/22\/muere-adam-zagajewski-poeta-polaco-galardonado-con-el-gran-premio-janus-pannonius\/","title":{"rendered":"Muere Adam Zagajewski, poeta polaco galardonado con el Gran Premio Janus Pannonius"},"content":{"rendered":"\t\t<div data-elementor-type=\"wp-post\" data-elementor-id=\"8187\" class=\"elementor elementor-8187 elementor-225\" data-elementor-post-type=\"post\">\n\t\t\t\t\t\t<section class=\"elementor-section elementor-top-section elementor-element elementor-element-02137d0 elementor-section-boxed elementor-section-height-default elementor-section-height-default\" data-id=\"02137d0\" data-element_type=\"section\" data-e-type=\"section\">\n\t\t\t\t\t\t<div class=\"elementor-container elementor-column-gap-wide\">\n\t\t\t\t\t<div class=\"elementor-column elementor-col-100 elementor-top-column elementor-element elementor-element-d1519bd\" data-id=\"d1519bd\" data-element_type=\"column\" data-e-type=\"column\">\n\t\t\t<div class=\"elementor-widget-wrap elementor-element-populated\">\n\t\t\t\t\t\t<div class=\"elementor-element elementor-element-816ab7d elementor-widget elementor-widget-text-editor\" data-id=\"816ab7d\" data-element_type=\"widget\" data-e-type=\"widget\" data-widget_type=\"text-editor.default\">\n\t\t\t\t<div class=\"elementor-widget-container\">\n\t\t\t\t\t\t\t\t\t<p>Adam Zagajewski naci\u00f3 en Lviv en 1945, pas\u00f3 su infancia en Gliwice (Silesia) y estudi\u00f3 psicolog\u00eda y filosof\u00eda en la Universidad Jagell\u00f3nica de Cracovia.<\/p>\n<p>Su primer libro de poes\u00eda se public\u00f3 en 1968. Junto con su colega Julian Kornhauser (suegro del actual Presidente polaco Andrzej Duda), desarroll\u00f3 el programa po\u00e9tico de la Nueva Ola Polaca, rechazando la po\u00e9tica altamente metaf\u00f3rica de la literatura polaca posterior a la Segunda Guerra Mundial, y abogando por la representaci\u00f3n y culturizaci\u00f3n de la realidad cotidiana.<\/p>\n<p>Como intelectual asociado a la oposici\u00f3n democr\u00e1tica de izquierdas, fue incluido en la lista de autores prohibidos en 1975, dirigi\u00f3 el peri\u00f3dico independiente Zapis a partir de 1976 y emigr\u00f3 a Par\u00eds en 1982, donde se convirti\u00f3 en colaborador de las legendarias revistas literarias polacas Kultura y Zeszyty Literackie.<\/p>\n<p>En sus obras durante la emigraci\u00f3n, rechaz\u00f3 el papel de m\u00e1rtir y profeta.<\/p>\n<p>Regres\u00f3 a Cracovia en 2002, y en los vol\u00famenes publicados desde entonces ha trazado un mapa intelectual del artista centroeuropeo, escribiendo sobre los lugares de su infancia y sus influencias ideol\u00f3gicas. Tambi\u00e9n trat\u00f3 de identificar las amenazas que la civilizaci\u00f3n supone para la vida espiritual. Sus poemas, de estilo disciplinado y verso sin adornos, est\u00e1n impregnados de preguntas sobre el entrelazamiento del tiempo, la historia y el infinito.<\/p>\n<p>Desde 1988, ense\u00f1a escritura creativa en la Universidad de Houston y da conferencias en la Universidad de Chicago. En Estados Unidos, la de 2001. 11 de septiembre. pero s\u00f3lo se public\u00f3 en The New Yorker tras los atentados terroristas de la \u00e9poca, su traducci\u00f3n del poema Try to Prise the Mutilated World, publicada en el New Yorker, se ha convertido en la m\u00e1s conocida.<\/p>\n<p>En los \u00faltimos a\u00f1os se le ha mencionado entre los poetas candidatos al Premio Nobel, y ha ganado varios premios en Polonia y en el extranjero.<\/p>\n\t\t\t\t\t\t\t\t<\/div>\n\t\t\t\t<\/div>\n\t\t\t\t\t<\/div>\n\t\t<\/div>\n\t\t\t\t\t<\/div>\n\t\t<\/section>\n\t\t\t\t<section class=\"elementor-section elementor-top-section elementor-element elementor-element-fed0a33 elementor-section-boxed elementor-section-height-default elementor-section-height-default\" data-id=\"fed0a33\" data-element_type=\"section\" data-e-type=\"section\">\n\t\t\t\t\t\t<div class=\"elementor-container elementor-column-gap-wide\">\n\t\t\t\t\t<div class=\"elementor-column elementor-col-100 elementor-top-column elementor-element elementor-element-b61b732\" data-id=\"b61b732\" data-element_type=\"column\" data-e-type=\"column\">\n\t\t\t<div class=\"elementor-widget-wrap elementor-element-populated\">\n\t\t\t\t\t\t<section class=\"elementor-section elementor-inner-section elementor-element elementor-element-7c78630 elementor-section-boxed elementor-section-height-default elementor-section-height-default\" data-id=\"7c78630\" data-element_type=\"section\" data-e-type=\"section\">\n\t\t\t\t\t\t<div class=\"elementor-container elementor-column-gap-default\">\n\t\t\t\t\t<div class=\"elementor-column elementor-col-50 elementor-inner-column elementor-element elementor-element-7f6fd1d\" data-id=\"7f6fd1d\" data-element_type=\"column\" data-e-type=\"column\">\n\t\t\t<div class=\"elementor-widget-wrap elementor-element-populated\">\n\t\t\t\t\t\t<div class=\"elementor-element elementor-element-e3d7afb elementor-widget elementor-widget-image\" data-id=\"e3d7afb\" data-element_type=\"widget\" data-e-type=\"widget\" data-widget_type=\"image.default\">\n\t\t\t\t<div class=\"elementor-widget-container\">\n\t\t\t\t\t\t\t\t\t\t\t\t<figure class=\"wp-caption\">\n\t\t\t\t\t\t\t\t\t\t<img decoding=\"async\" width=\"767\" height=\"1024\" src=\"https:\/\/magyarpenclub.hu\/wp-content\/uploads\/2021\/03\/b_janpan_2016_070-767x1024.jpg\" class=\"attachment-large size-large wp-image-8189\" alt=\"\" srcset=\"https:\/\/magyarpenclub.hu\/wp-content\/uploads\/2021\/03\/b_janpan_2016_070-767x1024.jpg 767w, https:\/\/magyarpenclub.hu\/wp-content\/uploads\/2021\/03\/b_janpan_2016_070-225x300.jpg 225w, https:\/\/magyarpenclub.hu\/wp-content\/uploads\/2021\/03\/b_janpan_2016_070-768x1026.jpg 768w, https:\/\/magyarpenclub.hu\/wp-content\/uploads\/2021\/03\/b_janpan_2016_070.jpg 780w\" sizes=\"(max-width: 767px) 100vw, 767px\" \/>\t\t\t\t\t\t\t\t\t\t\t<figcaption class=\"widget-image-caption wp-caption-text\">Adam Zagajewski \u00e9s a Janus Pannonius-nagyd\u00edj. P\u00e9cs, 2016.<\/figcaption>\n\t\t\t\t\t\t\t\t\t\t<\/figure>\n\t\t\t\t\t\t\t\t\t<\/div>\n\t\t\t\t<\/div>\n\t\t\t\t\t<\/div>\n\t\t<\/div>\n\t\t\t\t<div class=\"elementor-column elementor-col-50 elementor-inner-column elementor-element elementor-element-0901041\" data-id=\"0901041\" data-element_type=\"column\" data-e-type=\"column\">\n\t\t\t<div class=\"elementor-widget-wrap elementor-element-populated\">\n\t\t\t\t\t\t<div class=\"elementor-element elementor-element-1925059 elementor-widget elementor-widget-image\" data-id=\"1925059\" data-element_type=\"widget\" data-e-type=\"widget\" data-widget_type=\"image.default\">\n\t\t\t\t<div class=\"elementor-widget-container\">\n\t\t\t\t\t\t\t\t\t\t\t\t<figure class=\"wp-caption\">\n\t\t\t\t\t\t\t\t\t\t<img decoding=\"async\" width=\"767\" height=\"1024\" src=\"https:\/\/magyarpenclub.hu\/wp-content\/uploads\/2021\/03\/adam-zagajewski-szocs-geza-767x1024.jpg\" class=\"attachment-large size-large wp-image-8190\" alt=\"\" srcset=\"https:\/\/magyarpenclub.hu\/wp-content\/uploads\/2021\/03\/adam-zagajewski-szocs-geza-767x1024.jpg 767w, https:\/\/magyarpenclub.hu\/wp-content\/uploads\/2021\/03\/adam-zagajewski-szocs-geza-800x1067.jpg 800w, https:\/\/magyarpenclub.hu\/wp-content\/uploads\/2021\/03\/adam-zagajewski-szocs-geza-1000x1336.jpg 1000w, https:\/\/magyarpenclub.hu\/wp-content\/uploads\/2021\/03\/adam-zagajewski-szocs-geza-225x300.jpg 225w, https:\/\/magyarpenclub.hu\/wp-content\/uploads\/2021\/03\/adam-zagajewski-szocs-geza-768x1026.jpg 768w, https:\/\/magyarpenclub.hu\/wp-content\/uploads\/2021\/03\/adam-zagajewski-szocs-geza-1150x1536.jpg 1150w, https:\/\/magyarpenclub.hu\/wp-content\/uploads\/2021\/03\/adam-zagajewski-szocs-geza-scaled.jpg 1533w\" sizes=\"(max-width: 767px) 100vw, 767px\" \/>\t\t\t\t\t\t\t\t\t\t\t<figcaption class=\"widget-image-caption wp-caption-text\">Adam Zagajewski \u00e1tveszi Sz\u0151cs G\u00e9za eln\u00f6kt\u0151l a Janus Pannonius-nagyd\u00edjat. P\u00e9cs, 2016.<\/figcaption>\n\t\t\t\t\t\t\t\t\t\t<\/figure>\n\t\t\t\t\t\t\t\t\t<\/div>\n\t\t\t\t<\/div>\n\t\t\t\t\t<\/div>\n\t\t<\/div>\n\t\t\t\t\t<\/div>\n\t\t<\/section>\n\t\t\t\t\t<\/div>\n\t\t<\/div>\n\t\t\t\t\t<\/div>\n\t\t<\/section>\n\t\t\t\t<section class=\"elementor-section elementor-top-section elementor-element elementor-element-4812fe1 elementor-section-boxed elementor-section-height-default elementor-section-height-default\" data-id=\"4812fe1\" data-element_type=\"section\" data-e-type=\"section\">\n\t\t\t\t\t\t<div class=\"elementor-container elementor-column-gap-wide\">\n\t\t\t\t\t<div class=\"elementor-column elementor-col-100 elementor-top-column elementor-element elementor-element-0f6ebdf\" data-id=\"0f6ebdf\" data-element_type=\"column\" data-e-type=\"column\">\n\t\t\t<div class=\"elementor-widget-wrap elementor-element-populated\">\n\t\t\t\t\t\t<div class=\"elementor-element elementor-element-c7a3087 elementor-widget elementor-widget-text-editor\" data-id=\"c7a3087\" data-element_type=\"widget\" data-e-type=\"widget\" data-widget_type=\"text-editor.default\">\n\t\t\t\t<div class=\"elementor-widget-container\">\n\t\t\t\t\t\t\t\t\t<p>Sus obras tambi\u00e9n se han publicado en traducciones al h\u00fangaro; el primer volumen en h\u00fangaro de Zagajewski -con 80 poemas- se public\u00f3 en 2004, y una selecci\u00f3n de 100 poemas titulada M\u00fasica escuchada contigo fue publicada en 2016 por el PEN Club h\u00fangaro, que ese mismo a\u00f1o concedi\u00f3 el Gran Premio Janus Pannonius de Poes\u00eda a Zagajewski, descrito en la menci\u00f3n como \u00abuna de las personalidades po\u00e9ticas m\u00e1s significativas de nuestro tiempo\u00bb.<\/p>\n<p>La muerte de Adam Zagajewski fue descrita como una gran p\u00e9rdida para la literatura polaca por el Presidente Andrzej Duda en un mensaje en Twitter.<\/p>\n<p>(helyorseg.ma)<\/p>\n\t\t\t\t\t\t\t\t<\/div>\n\t\t\t\t<\/div>\n\t\t\t\t\t<\/div>\n\t\t<\/div>\n\t\t\t\t\t<\/div>\n\t\t<\/section>\n\t\t\t\t<\/div>\n\t\t","protected":false},"excerpt":{"rendered":"<p>El poeta y ensayista Adam Zagajewski, creador de la Nueva Ola Polaca y ganador del Gran Premio Janus Pannonius de Poes\u00eda 2016, falleci\u00f3 el domingo por la noche en Cracovia a los 75 a\u00f1os.<\/p>\n","protected":false},"author":1,"featured_media":8188,"comment_status":"open","ping_status":"open","sticky":false,"template":"","format":"standard","meta":{"_acf_changed":false,"footnotes":""},"categories":[486],"tags":[],"class_list":["post-8187","post","type-post","status-publish","format-standard","has-post-thumbnail","hentry","category-in-memoriam-es"],"acf":[],"yoast_head":"<!-- This site is optimized with the Yoast SEO plugin v27.5 - https:\/\/yoast.com\/product\/yoast-seo-wordpress\/ -->\n<title>Muere Adam Zagajewski, poeta polaco galardonado con el Gran Premio Janus Pannonius - Magyar PEN Club<\/title>\n<meta name=\"robots\" content=\"index, follow, max-snippet:-1, max-image-preview:large, max-video-preview:-1\" \/>\n<link rel=\"canonical\" href=\"https:\/\/magyarpenclub.hu\/es\/2021\/03\/22\/muere-adam-zagajewski-poeta-polaco-galardonado-con-el-gran-premio-janus-pannonius\/\" \/>\n<meta property=\"og:locale\" content=\"es_ES\" \/>\n<meta property=\"og:type\" content=\"article\" \/>\n<meta property=\"og:title\" content=\"Muere Adam Zagajewski, poeta polaco galardonado con el Gran Premio Janus Pannonius - Magyar PEN Club\" \/>\n<meta property=\"og:description\" content=\"El poeta y ensayista Adam Zagajewski, creador de la Nueva Ola Polaca y ganador del Gran Premio Janus Pannonius de Poes\u00eda 2016, falleci\u00f3 el domingo por la noche en Cracovia a los 75 a\u00f1os.\" \/>\n<meta property=\"og:url\" content=\"https:\/\/magyarpenclub.hu\/es\/2021\/03\/22\/muere-adam-zagajewski-poeta-polaco-galardonado-con-el-gran-premio-janus-pannonius\/\" \/>\n<meta property=\"og:site_name\" content=\"Magyar PEN Club\" \/>\n<meta property=\"article:publisher\" content=\"https:\/\/www.facebook.com\/magyarpenclub\" \/>\n<meta property=\"article:published_time\" content=\"2021-03-22T05:59:00+00:00\" \/>\n<meta property=\"article:modified_time\" content=\"2024-02-14T01:50:46+00:00\" \/>\n<meta property=\"og:image\" content=\"https:\/\/magyarpenclub.hu\/wp-content\/uploads\/2021\/05\/adam-zagajewski2.jpg\" \/>\n\t<meta property=\"og:image:width\" content=\"1430\" \/>\n\t<meta property=\"og:image:height\" content=\"1094\" \/>\n\t<meta property=\"og:image:type\" content=\"image\/jpeg\" \/>\n<meta name=\"author\" content=\"admin\" \/>\n<meta name=\"twitter:card\" content=\"summary_large_image\" \/>\n<meta name=\"twitter:label1\" content=\"Escrito por\" \/>\n\t<meta name=\"twitter:data1\" content=\"admin\" \/>\n\t<meta name=\"twitter:label2\" content=\"Tiempo de lectura\" \/>\n\t<meta name=\"twitter:data2\" content=\"2 minutos\" \/>\n<script type=\"application\/ld+json\" class=\"yoast-schema-graph\">{\"@context\":\"https:\\\/\\\/schema.org\",\"@graph\":[{\"@type\":\"Article\",\"@id\":\"https:\\\/\\\/magyarpenclub.hu\\\/es\\\/2021\\\/03\\\/22\\\/muere-adam-zagajewski-poeta-polaco-galardonado-con-el-gran-premio-janus-pannonius\\\/#article\",\"isPartOf\":{\"@id\":\"https:\\\/\\\/magyarpenclub.hu\\\/es\\\/2021\\\/03\\\/22\\\/muere-adam-zagajewski-poeta-polaco-galardonado-con-el-gran-premio-janus-pannonius\\\/\"},\"author\":{\"name\":\"admin\",\"@id\":\"https:\\\/\\\/magyarpenclub.hu\\\/es\\\/#\\\/schema\\\/person\\\/9d0e9bdcfa14a17e3af44ee46f4f047e\"},\"headline\":\"Muere Adam Zagajewski, poeta polaco galardonado con el Gran Premio Janus Pannonius\",\"datePublished\":\"2021-03-22T05:59:00+00:00\",\"dateModified\":\"2024-02-14T01:50:46+00:00\",\"mainEntityOfPage\":{\"@id\":\"https:\\\/\\\/magyarpenclub.hu\\\/es\\\/2021\\\/03\\\/22\\\/muere-adam-zagajewski-poeta-polaco-galardonado-con-el-gran-premio-janus-pannonius\\\/\"},\"wordCount\":461,\"commentCount\":0,\"publisher\":{\"@id\":\"https:\\\/\\\/magyarpenclub.hu\\\/es\\\/#organization\"},\"image\":{\"@id\":\"https:\\\/\\\/magyarpenclub.hu\\\/es\\\/2021\\\/03\\\/22\\\/muere-adam-zagajewski-poeta-polaco-galardonado-con-el-gran-premio-janus-pannonius\\\/#primaryimage\"},\"thumbnailUrl\":\"https:\\\/\\\/magyarpenclub.hu\\\/wp-content\\\/uploads\\\/2021\\\/05\\\/adam-zagajewski2.jpg\",\"articleSection\":[\"In memoriam\"],\"inLanguage\":\"es\",\"potentialAction\":[{\"@type\":\"CommentAction\",\"name\":\"Comment\",\"target\":[\"https:\\\/\\\/magyarpenclub.hu\\\/es\\\/2021\\\/03\\\/22\\\/muere-adam-zagajewski-poeta-polaco-galardonado-con-el-gran-premio-janus-pannonius\\\/#respond\"]}]},{\"@type\":\"WebPage\",\"@id\":\"https:\\\/\\\/magyarpenclub.hu\\\/es\\\/2021\\\/03\\\/22\\\/muere-adam-zagajewski-poeta-polaco-galardonado-con-el-gran-premio-janus-pannonius\\\/\",\"url\":\"https:\\\/\\\/magyarpenclub.hu\\\/es\\\/2021\\\/03\\\/22\\\/muere-adam-zagajewski-poeta-polaco-galardonado-con-el-gran-premio-janus-pannonius\\\/\",\"name\":\"Muere Adam Zagajewski, poeta polaco galardonado con el Gran Premio Janus Pannonius - Magyar PEN Club\",\"isPartOf\":{\"@id\":\"https:\\\/\\\/magyarpenclub.hu\\\/es\\\/#website\"},\"primaryImageOfPage\":{\"@id\":\"https:\\\/\\\/magyarpenclub.hu\\\/es\\\/2021\\\/03\\\/22\\\/muere-adam-zagajewski-poeta-polaco-galardonado-con-el-gran-premio-janus-pannonius\\\/#primaryimage\"},\"image\":{\"@id\":\"https:\\\/\\\/magyarpenclub.hu\\\/es\\\/2021\\\/03\\\/22\\\/muere-adam-zagajewski-poeta-polaco-galardonado-con-el-gran-premio-janus-pannonius\\\/#primaryimage\"},\"thumbnailUrl\":\"https:\\\/\\\/magyarpenclub.hu\\\/wp-content\\\/uploads\\\/2021\\\/05\\\/adam-zagajewski2.jpg\",\"datePublished\":\"2021-03-22T05:59:00+00:00\",\"dateModified\":\"2024-02-14T01:50:46+00:00\",\"breadcrumb\":{\"@id\":\"https:\\\/\\\/magyarpenclub.hu\\\/es\\\/2021\\\/03\\\/22\\\/muere-adam-zagajewski-poeta-polaco-galardonado-con-el-gran-premio-janus-pannonius\\\/#breadcrumb\"},\"inLanguage\":\"es\",\"potentialAction\":[{\"@type\":\"ReadAction\",\"target\":[\"https:\\\/\\\/magyarpenclub.hu\\\/es\\\/2021\\\/03\\\/22\\\/muere-adam-zagajewski-poeta-polaco-galardonado-con-el-gran-premio-janus-pannonius\\\/\"]}]},{\"@type\":\"ImageObject\",\"inLanguage\":\"es\",\"@id\":\"https:\\\/\\\/magyarpenclub.hu\\\/es\\\/2021\\\/03\\\/22\\\/muere-adam-zagajewski-poeta-polaco-galardonado-con-el-gran-premio-janus-pannonius\\\/#primaryimage\",\"url\":\"https:\\\/\\\/magyarpenclub.hu\\\/wp-content\\\/uploads\\\/2021\\\/05\\\/adam-zagajewski2.jpg\",\"contentUrl\":\"https:\\\/\\\/magyarpenclub.hu\\\/wp-content\\\/uploads\\\/2021\\\/05\\\/adam-zagajewski2.jpg\",\"width\":1430,\"height\":1094,\"caption\":\"Adam Zagajewski\"},{\"@type\":\"BreadcrumbList\",\"@id\":\"https:\\\/\\\/magyarpenclub.hu\\\/es\\\/2021\\\/03\\\/22\\\/muere-adam-zagajewski-poeta-polaco-galardonado-con-el-gran-premio-janus-pannonius\\\/#breadcrumb\",\"itemListElement\":[{\"@type\":\"ListItem\",\"position\":1,\"name\":\"Kezd\u0151lap\",\"item\":\"https:\\\/\\\/magyarpenclub.hu\\\/es\\\/\"},{\"@type\":\"ListItem\",\"position\":2,\"name\":\"Muere Adam Zagajewski, poeta polaco galardonado con el Gran Premio Janus Pannonius\"}]},{\"@type\":\"WebSite\",\"@id\":\"https:\\\/\\\/magyarpenclub.hu\\\/es\\\/#website\",\"url\":\"https:\\\/\\\/magyarpenclub.hu\\\/es\\\/\",\"name\":\"Magyar PEN Club\",\"description\":\"H\u00edrek, k\u00f6zlem\u00e9nyek, \u00edr\u00e1sok\",\"publisher\":{\"@id\":\"https:\\\/\\\/magyarpenclub.hu\\\/es\\\/#organization\"},\"potentialAction\":[{\"@type\":\"SearchAction\",\"target\":{\"@type\":\"EntryPoint\",\"urlTemplate\":\"https:\\\/\\\/magyarpenclub.hu\\\/es\\\/?s={search_term_string}\"},\"query-input\":{\"@type\":\"PropertyValueSpecification\",\"valueRequired\":true,\"valueName\":\"search_term_string\"}}],\"inLanguage\":\"es\"},{\"@type\":\"Organization\",\"@id\":\"https:\\\/\\\/magyarpenclub.hu\\\/es\\\/#organization\",\"name\":\"Magyar P.E.N. Club\",\"url\":\"https:\\\/\\\/magyarpenclub.hu\\\/es\\\/\",\"logo\":{\"@type\":\"ImageObject\",\"inLanguage\":\"es\",\"@id\":\"https:\\\/\\\/magyarpenclub.hu\\\/es\\\/#\\\/schema\\\/logo\\\/image\\\/\",\"url\":\"https:\\\/\\\/magyarpenclub.hu\\\/wp-content\\\/uploads\\\/2022\\\/08\\\/magyar-pen-club-logo.png\",\"contentUrl\":\"https:\\\/\\\/magyarpenclub.hu\\\/wp-content\\\/uploads\\\/2022\\\/08\\\/magyar-pen-club-logo.png\",\"width\":195,\"height\":195,\"caption\":\"Magyar P.E.N. Club\"},\"image\":{\"@id\":\"https:\\\/\\\/magyarpenclub.hu\\\/es\\\/#\\\/schema\\\/logo\\\/image\\\/\"},\"sameAs\":[\"https:\\\/\\\/www.facebook.com\\\/magyarpenclub\",\"https:\\\/\\\/www.youtube.com\\\/channel\\\/UC8bw1YALHZZJCJ-7bqvlR6Q\"]},{\"@type\":\"Person\",\"@id\":\"https:\\\/\\\/magyarpenclub.hu\\\/es\\\/#\\\/schema\\\/person\\\/9d0e9bdcfa14a17e3af44ee46f4f047e\",\"name\":\"admin\",\"image\":{\"@type\":\"ImageObject\",\"inLanguage\":\"es\",\"@id\":\"https:\\\/\\\/secure.gravatar.com\\\/avatar\\\/56608a5ae1d60c555b558b0cda110391ad52d81e37b79808b2f59eaf60ba9e43?s=96&d=mm&r=g\",\"url\":\"https:\\\/\\\/secure.gravatar.com\\\/avatar\\\/56608a5ae1d60c555b558b0cda110391ad52d81e37b79808b2f59eaf60ba9e43?s=96&d=mm&r=g\",\"contentUrl\":\"https:\\\/\\\/secure.gravatar.com\\\/avatar\\\/56608a5ae1d60c555b558b0cda110391ad52d81e37b79808b2f59eaf60ba9e43?s=96&d=mm&r=g\",\"caption\":\"admin\"},\"sameAs\":[\"https:\\\/\\\/magyarpenclub.hu\"],\"url\":\"https:\\\/\\\/magyarpenclub.hu\\\/es\\\/author\\\/admin\\\/\"}]}<\/script>\n<!-- \/ Yoast SEO plugin. -->","yoast_head_json":{"title":"Muere Adam Zagajewski, poeta polaco galardonado con el Gran Premio Janus Pannonius - Magyar PEN Club","robots":{"index":"index","follow":"follow","max-snippet":"max-snippet:-1","max-image-preview":"max-image-preview:large","max-video-preview":"max-video-preview:-1"},"canonical":"https:\/\/magyarpenclub.hu\/es\/2021\/03\/22\/muere-adam-zagajewski-poeta-polaco-galardonado-con-el-gran-premio-janus-pannonius\/","og_locale":"es_ES","og_type":"article","og_title":"Muere Adam Zagajewski, poeta polaco galardonado con el Gran Premio Janus Pannonius - Magyar PEN Club","og_description":"El poeta y ensayista Adam Zagajewski, creador de la Nueva Ola Polaca y ganador del Gran Premio Janus Pannonius de Poes\u00eda 2016, falleci\u00f3 el domingo por la noche en Cracovia a los 75 a\u00f1os.","og_url":"https:\/\/magyarpenclub.hu\/es\/2021\/03\/22\/muere-adam-zagajewski-poeta-polaco-galardonado-con-el-gran-premio-janus-pannonius\/","og_site_name":"Magyar PEN Club","article_publisher":"https:\/\/www.facebook.com\/magyarpenclub","article_published_time":"2021-03-22T05:59:00+00:00","article_modified_time":"2024-02-14T01:50:46+00:00","og_image":[{"width":1430,"height":1094,"url":"https:\/\/magyarpenclub.hu\/wp-content\/uploads\/2021\/05\/adam-zagajewski2.jpg","type":"image\/jpeg"}],"author":"admin","twitter_card":"summary_large_image","twitter_misc":{"Escrito por":"admin","Tiempo de lectura":"2 minutos"},"schema":{"@context":"https:\/\/schema.org","@graph":[{"@type":"Article","@id":"https:\/\/magyarpenclub.hu\/es\/2021\/03\/22\/muere-adam-zagajewski-poeta-polaco-galardonado-con-el-gran-premio-janus-pannonius\/#article","isPartOf":{"@id":"https:\/\/magyarpenclub.hu\/es\/2021\/03\/22\/muere-adam-zagajewski-poeta-polaco-galardonado-con-el-gran-premio-janus-pannonius\/"},"author":{"name":"admin","@id":"https:\/\/magyarpenclub.hu\/es\/#\/schema\/person\/9d0e9bdcfa14a17e3af44ee46f4f047e"},"headline":"Muere Adam Zagajewski, poeta polaco galardonado con el Gran Premio Janus Pannonius","datePublished":"2021-03-22T05:59:00+00:00","dateModified":"2024-02-14T01:50:46+00:00","mainEntityOfPage":{"@id":"https:\/\/magyarpenclub.hu\/es\/2021\/03\/22\/muere-adam-zagajewski-poeta-polaco-galardonado-con-el-gran-premio-janus-pannonius\/"},"wordCount":461,"commentCount":0,"publisher":{"@id":"https:\/\/magyarpenclub.hu\/es\/#organization"},"image":{"@id":"https:\/\/magyarpenclub.hu\/es\/2021\/03\/22\/muere-adam-zagajewski-poeta-polaco-galardonado-con-el-gran-premio-janus-pannonius\/#primaryimage"},"thumbnailUrl":"https:\/\/magyarpenclub.hu\/wp-content\/uploads\/2021\/05\/adam-zagajewski2.jpg","articleSection":["In memoriam"],"inLanguage":"es","potentialAction":[{"@type":"CommentAction","name":"Comment","target":["https:\/\/magyarpenclub.hu\/es\/2021\/03\/22\/muere-adam-zagajewski-poeta-polaco-galardonado-con-el-gran-premio-janus-pannonius\/#respond"]}]},{"@type":"WebPage","@id":"https:\/\/magyarpenclub.hu\/es\/2021\/03\/22\/muere-adam-zagajewski-poeta-polaco-galardonado-con-el-gran-premio-janus-pannonius\/","url":"https:\/\/magyarpenclub.hu\/es\/2021\/03\/22\/muere-adam-zagajewski-poeta-polaco-galardonado-con-el-gran-premio-janus-pannonius\/","name":"Muere Adam Zagajewski, poeta polaco galardonado con el Gran Premio Janus Pannonius - Magyar PEN Club","isPartOf":{"@id":"https:\/\/magyarpenclub.hu\/es\/#website"},"primaryImageOfPage":{"@id":"https:\/\/magyarpenclub.hu\/es\/2021\/03\/22\/muere-adam-zagajewski-poeta-polaco-galardonado-con-el-gran-premio-janus-pannonius\/#primaryimage"},"image":{"@id":"https:\/\/magyarpenclub.hu\/es\/2021\/03\/22\/muere-adam-zagajewski-poeta-polaco-galardonado-con-el-gran-premio-janus-pannonius\/#primaryimage"},"thumbnailUrl":"https:\/\/magyarpenclub.hu\/wp-content\/uploads\/2021\/05\/adam-zagajewski2.jpg","datePublished":"2021-03-22T05:59:00+00:00","dateModified":"2024-02-14T01:50:46+00:00","breadcrumb":{"@id":"https:\/\/magyarpenclub.hu\/es\/2021\/03\/22\/muere-adam-zagajewski-poeta-polaco-galardonado-con-el-gran-premio-janus-pannonius\/#breadcrumb"},"inLanguage":"es","potentialAction":[{"@type":"ReadAction","target":["https:\/\/magyarpenclub.hu\/es\/2021\/03\/22\/muere-adam-zagajewski-poeta-polaco-galardonado-con-el-gran-premio-janus-pannonius\/"]}]},{"@type":"ImageObject","inLanguage":"es","@id":"https:\/\/magyarpenclub.hu\/es\/2021\/03\/22\/muere-adam-zagajewski-poeta-polaco-galardonado-con-el-gran-premio-janus-pannonius\/#primaryimage","url":"https:\/\/magyarpenclub.hu\/wp-content\/uploads\/2021\/05\/adam-zagajewski2.jpg","contentUrl":"https:\/\/magyarpenclub.hu\/wp-content\/uploads\/2021\/05\/adam-zagajewski2.jpg","width":1430,"height":1094,"caption":"Adam Zagajewski"},{"@type":"BreadcrumbList","@id":"https:\/\/magyarpenclub.hu\/es\/2021\/03\/22\/muere-adam-zagajewski-poeta-polaco-galardonado-con-el-gran-premio-janus-pannonius\/#breadcrumb","itemListElement":[{"@type":"ListItem","position":1,"name":"Kezd\u0151lap","item":"https:\/\/magyarpenclub.hu\/es\/"},{"@type":"ListItem","position":2,"name":"Muere Adam Zagajewski, poeta polaco galardonado con el Gran Premio Janus Pannonius"}]},{"@type":"WebSite","@id":"https:\/\/magyarpenclub.hu\/es\/#website","url":"https:\/\/magyarpenclub.hu\/es\/","name":"Magyar PEN Club","description":"H\u00edrek, k\u00f6zlem\u00e9nyek, \u00edr\u00e1sok","publisher":{"@id":"https:\/\/magyarpenclub.hu\/es\/#organization"},"potentialAction":[{"@type":"SearchAction","target":{"@type":"EntryPoint","urlTemplate":"https:\/\/magyarpenclub.hu\/es\/?s={search_term_string}"},"query-input":{"@type":"PropertyValueSpecification","valueRequired":true,"valueName":"search_term_string"}}],"inLanguage":"es"},{"@type":"Organization","@id":"https:\/\/magyarpenclub.hu\/es\/#organization","name":"Magyar P.E.N. Club","url":"https:\/\/magyarpenclub.hu\/es\/","logo":{"@type":"ImageObject","inLanguage":"es","@id":"https:\/\/magyarpenclub.hu\/es\/#\/schema\/logo\/image\/","url":"https:\/\/magyarpenclub.hu\/wp-content\/uploads\/2022\/08\/magyar-pen-club-logo.png","contentUrl":"https:\/\/magyarpenclub.hu\/wp-content\/uploads\/2022\/08\/magyar-pen-club-logo.png","width":195,"height":195,"caption":"Magyar P.E.N. Club"},"image":{"@id":"https:\/\/magyarpenclub.hu\/es\/#\/schema\/logo\/image\/"},"sameAs":["https:\/\/www.facebook.com\/magyarpenclub","https:\/\/www.youtube.com\/channel\/UC8bw1YALHZZJCJ-7bqvlR6Q"]},{"@type":"Person","@id":"https:\/\/magyarpenclub.hu\/es\/#\/schema\/person\/9d0e9bdcfa14a17e3af44ee46f4f047e","name":"admin","image":{"@type":"ImageObject","inLanguage":"es","@id":"https:\/\/secure.gravatar.com\/avatar\/56608a5ae1d60c555b558b0cda110391ad52d81e37b79808b2f59eaf60ba9e43?s=96&d=mm&r=g","url":"https:\/\/secure.gravatar.com\/avatar\/56608a5ae1d60c555b558b0cda110391ad52d81e37b79808b2f59eaf60ba9e43?s=96&d=mm&r=g","contentUrl":"https:\/\/secure.gravatar.com\/avatar\/56608a5ae1d60c555b558b0cda110391ad52d81e37b79808b2f59eaf60ba9e43?s=96&d=mm&r=g","caption":"admin"},"sameAs":["https:\/\/magyarpenclub.hu"],"url":"https:\/\/magyarpenclub.hu\/es\/author\/admin\/"}]}},"_links":{"self":[{"href":"https:\/\/magyarpenclub.hu\/es\/wp-json\/wp\/v2\/posts\/8187","targetHints":{"allow":["GET"]}}],"collection":[{"href":"https:\/\/magyarpenclub.hu\/es\/wp-json\/wp\/v2\/posts"}],"about":[{"href":"https:\/\/magyarpenclub.hu\/es\/wp-json\/wp\/v2\/types\/post"}],"author":[{"embeddable":true,"href":"https:\/\/magyarpenclub.hu\/es\/wp-json\/wp\/v2\/users\/1"}],"replies":[{"embeddable":true,"href":"https:\/\/magyarpenclub.hu\/es\/wp-json\/wp\/v2\/comments?post=8187"}],"version-history":[{"count":0,"href":"https:\/\/magyarpenclub.hu\/es\/wp-json\/wp\/v2\/posts\/8187\/revisions"}],"wp:featuredmedia":[{"embeddable":true,"href":"https:\/\/magyarpenclub.hu\/es\/wp-json\/wp\/v2\/media\/8188"}],"wp:attachment":[{"href":"https:\/\/magyarpenclub.hu\/es\/wp-json\/wp\/v2\/media?parent=8187"}],"wp:term":[{"taxonomy":"category","embeddable":true,"href":"https:\/\/magyarpenclub.hu\/es\/wp-json\/wp\/v2\/categories?post=8187"},{"taxonomy":"post_tag","embeddable":true,"href":"https:\/\/magyarpenclub.hu\/es\/wp-json\/wp\/v2\/tags?post=8187"}],"curies":[{"name":"wp","href":"https:\/\/api.w.org\/{rel}","templated":true}]}}