{"id":8262,"date":"2020-01-20T06:31:00","date_gmt":"2020-01-20T06:31:00","guid":{"rendered":"https:\/\/magyarpenclub.hu\/2020\/01\/20\/eva-bonczidai-toda-la-nostalgia-venia-del-cielo-en-memoria-de-adam-makkai\/"},"modified":"2024-02-14T01:51:00","modified_gmt":"2024-02-14T01:51:00","slug":"eva-bonczidai-toda-la-nostalgia-venia-del-cielo-en-memoria-de-adam-makkai","status":"publish","type":"post","link":"https:\/\/magyarpenclub.hu\/es\/2020\/01\/20\/eva-bonczidai-toda-la-nostalgia-venia-del-cielo-en-memoria-de-adam-makkai\/","title":{"rendered":"\u00c9va Bonczidai: \u00abToda la nostalgia ven\u00eda del cielo\u00bb &#8211; en memoria de \u00c1d\u00e1m Makkai"},"content":{"rendered":"\t\t<div data-elementor-type=\"wp-post\" data-elementor-id=\"8262\" class=\"elementor elementor-8262 elementor-3862\" data-elementor-post-type=\"post\">\n\t\t\t\t\t\t<section class=\"elementor-section elementor-top-section elementor-element elementor-element-02137d0 elementor-section-boxed elementor-section-height-default elementor-section-height-default\" data-id=\"02137d0\" data-element_type=\"section\" data-e-type=\"section\">\n\t\t\t\t\t\t<div class=\"elementor-container elementor-column-gap-wide\">\n\t\t\t\t\t<div class=\"elementor-column elementor-col-100 elementor-top-column elementor-element elementor-element-d1519bd\" data-id=\"d1519bd\" data-element_type=\"column\" data-e-type=\"column\">\n\t\t\t<div class=\"elementor-widget-wrap elementor-element-populated\">\n\t\t\t\t\t\t<div class=\"elementor-element elementor-element-816ab7d elementor-widget elementor-widget-text-editor\" data-id=\"816ab7d\" data-element_type=\"widget\" data-e-type=\"widget\" data-widget_type=\"text-editor.default\">\n\t\t\t\t<div class=\"elementor-widget-container\">\n\t\t\t\t\t\t\t\t\t<p>\u00abTodo son milagros o nada\u00bb es la admonici\u00f3n o est\u00edmulo que figura en la placa conmemorativa de S\u00e1ndor T\u00f6r\u00f6k, pero para m\u00ed tambi\u00e9n est\u00e1 vinculada a \u00c1d\u00e1m Makkai. Me sent\u00eda as\u00ed incluso antes de saber que hab\u00eda sido alumno de S\u00e1ndor T\u00f6r\u00f6k, que \u00e9ste le hab\u00eda ense\u00f1ado a pensar el mundo, a encontrar formas de conocimiento, que hab\u00eda publicado en Chicago en 1987 un extra\u00f1o volumen de traducciones: el tratado antropos\u00f3fico de Michael Alexander El \u00abyo\u00bb: palabras clave para el mundo y el hombre. El libro dedicado a la memoria de S\u00e1ndor T\u00f6r\u00f6k es \u00fanico en el sentido de que su autor, Michael Alexander, nunca existi\u00f3, el libro fue escrito por \u00c1d\u00e1m Makkai, y en realidad se basa en las ense\u00f1anzas de S\u00e1ndor T\u00f6r\u00f6k. Estas ense\u00f1anzas condujeron al m\u00e1s tarde renombrado ling\u00fcista, traductor y poeta Rudolf Steiner y a Johann Wolfgang von Goethe al trabajo de su vida y a la idea de que podr\u00eda haber un poema primordial, un poema del que podr\u00edan derivarse todos los dem\u00e1s.<\/p>\n<p>Quiz\u00e1 el intento m\u00e1s rocambolesco de \u00c1d\u00e1m Makkai est\u00e9 relacionado con esto: recopil\u00f3 varias traducciones del poema de Goethe Wanderers Nachtlied (La canci\u00f3n nocturna del vagabundo) -varias en h\u00fangaro: S\u00e1ndor We\u00f6res, Dezs\u0151 Kosztol\u00e1nyi, L\u0151rinc Szab\u00f3, Zsigmond M\u00f3ricz, pero tambi\u00e9n textos del poeta estadounidense Henry Wadsworth Longfellow, Lermontov y otros- y las volvi\u00f3 a traducir a la lengua original desde cada idioma. El resultado fue un libro de doscientas cincuenta p\u00e1ginas, Cantio Nocturna Peregrini Aviumque, que presenta el mismo poema en diferentes formas. En una de nuestras conversaciones, \u00c1d\u00e1m Makkai dijo que \u00e9ste era su trabajo m\u00e1s importante.<\/p>\n<p>Tambi\u00e9n me parece oportuno subrayar esto ahora, porque cuando se menciona a \u00c1d\u00e1m Makkai, la importancia de la obra de su vida queda a menudo oscurecida por la apasionante novela familiar en la que naci\u00f3: el hijo de J\u00e1nos Makkai, diputado, y R\u00f3zsa Ign\u00e1cz, escritora y actriz, ha tenido un destino especial, lleno de historias que contar, y las vidas de sus padres y abuelos tambi\u00e9n son dignas de una novela, como la suya propia. \u00c1d\u00e1m Makkai sufri\u00f3 una par\u00e1lisis infantil en el verano de 1945, pero Dios cuid\u00f3 especialmente de \u00e9l y sobrevivi\u00f3. \u00abMientras los dem\u00e1s ni\u00f1os jugaban al f\u00fatbol, yo le\u00eda el Infierno de Dante en la traducci\u00f3n de Babits\u00bb, as\u00ed sol\u00eda resumir su infancia.<\/p>\n\t\t\t\t\t\t\t\t<\/div>\n\t\t\t\t<\/div>\n\t\t\t\t\t<\/div>\n\t\t<\/div>\n\t\t\t\t\t<\/div>\n\t\t<\/section>\n\t\t\t\t<section class=\"elementor-section elementor-top-section elementor-element elementor-element-ea53db7 elementor-section-boxed elementor-section-height-default elementor-section-height-default\" data-id=\"ea53db7\" data-element_type=\"section\" data-e-type=\"section\">\n\t\t\t\t\t\t<div class=\"elementor-container elementor-column-gap-wide\">\n\t\t\t\t\t<div class=\"elementor-column elementor-col-100 elementor-top-column elementor-element elementor-element-ae0c3f3\" data-id=\"ae0c3f3\" data-element_type=\"column\" data-e-type=\"column\">\n\t\t\t<div class=\"elementor-widget-wrap elementor-element-populated\">\n\t\t\t\t\t\t<div class=\"elementor-element elementor-element-6ad57c6 elementor-widget elementor-widget-image\" data-id=\"6ad57c6\" data-element_type=\"widget\" data-e-type=\"widget\" data-widget_type=\"image.default\">\n\t\t\t\t<div class=\"elementor-widget-container\">\n\t\t\t\t\t\t\t\t\t\t\t\t<figure class=\"wp-caption\">\n\t\t\t\t\t\t\t\t\t\t<img decoding=\"async\" width=\"682\" height=\"1024\" src=\"https:\/\/magyarpenclub.hu\/wp-content\/uploads\/2020\/01\/makkai-adam-mn-682x1024.jpg\" class=\"attachment-large size-large wp-image-8264\" alt=\"\" srcset=\"https:\/\/magyarpenclub.hu\/wp-content\/uploads\/2020\/01\/makkai-adam-mn-682x1024.jpg 682w, https:\/\/magyarpenclub.hu\/wp-content\/uploads\/2020\/01\/makkai-adam-mn-1000x1502.jpg 1000w, https:\/\/magyarpenclub.hu\/wp-content\/uploads\/2020\/01\/makkai-adam-mn-200x300.jpg 200w, https:\/\/magyarpenclub.hu\/wp-content\/uploads\/2020\/01\/makkai-adam-mn-768x1153.jpg 768w, https:\/\/magyarpenclub.hu\/wp-content\/uploads\/2020\/01\/makkai-adam-mn-1023x1536.jpg 1023w, https:\/\/magyarpenclub.hu\/wp-content\/uploads\/2020\/01\/makkai-adam-mn-scaled-scaled.jpg 1364w\" sizes=\"(max-width: 682px) 100vw, 682px\" \/>\t\t\t\t\t\t\t\t\t\t\t<figcaption class=\"widget-image-caption wp-caption-text\">Makkai \u00c1d\u00e1m (Fot\u00f3: Mirk\u00f3 Istv\u00e1n, Magyar Nemzet)<\/figcaption>\n\t\t\t\t\t\t\t\t\t\t<\/figure>\n\t\t\t\t\t\t\t\t\t<\/div>\n\t\t\t\t<\/div>\n\t\t\t\t\t<\/div>\n\t\t<\/div>\n\t\t\t\t\t<\/div>\n\t\t<\/section>\n\t\t\t\t<section class=\"elementor-section elementor-top-section elementor-element elementor-element-bc63d61 elementor-section-boxed elementor-section-height-default elementor-section-height-default\" data-id=\"bc63d61\" data-element_type=\"section\" data-e-type=\"section\">\n\t\t\t\t\t\t<div class=\"elementor-container elementor-column-gap-wide\">\n\t\t\t\t\t<div class=\"elementor-column elementor-col-100 elementor-top-column elementor-element elementor-element-ba24159\" data-id=\"ba24159\" data-element_type=\"column\" data-e-type=\"column\">\n\t\t\t<div class=\"elementor-widget-wrap elementor-element-populated\">\n\t\t\t\t\t\t<div class=\"elementor-element elementor-element-dbacf7b elementor-widget elementor-widget-text-editor\" data-id=\"dbacf7b\" data-element_type=\"widget\" data-e-type=\"widget\" data-widget_type=\"text-editor.default\">\n\t\t\t\t<div class=\"elementor-widget-container\">\n\t\t\t\t\t\t\t\t\t<p>En 1956, durante la \u00absemana libre\u00bb, escribi\u00f3 dos art\u00edculos period\u00edsticos que, aunque no se publicaron, podr\u00edan haberle costado varios a\u00f1os de c\u00e1rcel, por lo que, como muchos otros, abandon\u00f3 el pa\u00eds. Siguiendo a su padre, que hab\u00eda emigrado antes, se fue a Am\u00e9rica, primero a trabajar en la cocina de un hotel, y al cabo de un mes fue aceptado en Harvard. Tras licenciarse, dio clases en un instituto de Hawai, continu\u00f3 sus estudios en Yale y m\u00e1s tarde ense\u00f1\u00f3 en universidades de Kuala Lumpur y varias de Estados Unidos. De 1969 a 2004 fue profesor asociado en la Universidad de Illinois, pero tambi\u00e9n ha ense\u00f1ado en Singapur y Hong Kong.<\/p>\n<p>Se convirti\u00f3 en un reputado catedr\u00e1tico de ling\u00fc\u00edstica, fund\u00f3 una asociaci\u00f3n de ling\u00fcistas, una revista llamada Forum Linguisticum y una editorial llamada Atlantis-Centaur. Su tesis doctoral, Idiom Structure in English, se ha convertido en uno de los libros fundacionales de la ling\u00fc\u00edstica inglesa.<\/p>\n<p>Durante sus d\u00e9cadas de exilio, cre\u00f3 una obra excepcional de poes\u00eda y traducci\u00f3n literaria. Su gigantesca obra, iniciada conjuntamente con P\u00e1l T\u00e1bori y Tam\u00e1s Kabdeb\u00f3, es una antolog\u00eda en dos vol\u00famenes de la poes\u00eda h\u00fangara, En busca del ciervo milagroso, que presenta la poes\u00eda h\u00fangara desde la poes\u00eda antigua hasta nuestros d\u00edas en dos vol\u00famenes de 1.200 p\u00e1ginas. En 2011 recibi\u00f3 el Premio Kossuth por su trabajo, y en 2016 se reconoci\u00f3 la labor de toda una vida con el Gran Premio Kossuth. En 2015 se traslad\u00f3 de Haw\u00e1i a su ciudad natal, Budapest, y en 2016 recibi\u00f3 la Orden de San Esteban de Hungr\u00eda de manos del presidente J\u00e1nos \u00c1der.<\/p>\n<p>Le conoc\u00ed por primera vez en 2010, cuando \u00e9l, su mujer y su cu\u00f1ada me visitaron durante un viaje a Szeklerland; yo viv\u00eda en el valle de Gheorghe y a veces me sent\u00eda como en el fin del mundo. Hace unas semanas, estaba estudiando las teor\u00edas de Noam Chomsky para un examen, e intentaba aceptar la idea del lenguaje como una f\u00f3rmula. Entonces -un verdadero milagro- Adam Makkai, uno de los cr\u00edticos de Chomsky, se sent\u00f3 frente a m\u00ed, con mi hijo de un a\u00f1o en sus rodillas, hablando de la necesidad de sintetizar el car\u00e1cter cient\u00edfico de la ling\u00fc\u00edstica con el hecho de que el hombre tambi\u00e9n tiene conocimientos de las ciencias espirituales, defendiendo la legitimidad del punto de vista antropol\u00f3gico frente a la doctrina de la comunicaci\u00f3n derivada de la equivalencia de las frases -todo ello ejemplificado con modismos. El ni\u00f1o observaba con asombro y de vez en cuando soltaba alguna risita cuando Adam deletreaba un nombre o una frase extranjera a la manera de su buen profesor.<\/p>\n<p>Cuando oigo el nombre de \u00c1d\u00e1m Makkai, esta es la imagen que siempre me viene a la mente, o la forma en que \u00e9l y su esposa, \u00c1gnes Arany, recitan el poema de S\u00e1ndor We\u00f6res \u00abEl espino\u00bb en h\u00fangaro e ingl\u00e9s ante un p\u00fablico at\u00f3nito en el Museo Literario de Pet\u0151fi. Se trata de una de las traducciones m\u00e1s brillantes de la obra, y S\u00e1ndor We\u00f6res lleg\u00f3 a apostar con Makaki que no ser\u00eda capaz de traducirla al ingl\u00e9s. \u00abEs un trabajo sagrado\u00bb, dijo \u00c1d\u00e1m Makkai sobre la traducci\u00f3n literaria, consider\u00e1ndola una misi\u00f3n para hacer que la poes\u00eda h\u00fangara sea comprendida por el mundo. Este sentido patri\u00f3tico de la misi\u00f3n, esta obstinaci\u00f3n, que tambi\u00e9n dio origen a la idea de investigar el antiguo poema, combinados con los conocimientos de un ling\u00fcista excepcional y el descaro de un rebelde inteligente &#8211; se necesita la atenci\u00f3n de un hombre de cualidades similares para apreciar finalmente la obra de la vida de \u00c1d\u00e1m Makkai de una manera digna.<\/p>\n<p>Tambi\u00e9n entreteji\u00f3 en sus escritos el peso de su particular experiencia de la filiaci\u00f3n, su compromiso con lo eterno, sus sabias y provocadoras preguntas. Est\u00e1bamos esperando la publicaci\u00f3n de sus nuevos vol\u00famenes cuando \u00c1d\u00e1m Makkai falleci\u00f3 a la edad de 85 a\u00f1os; rindamos ahora tambi\u00e9n nuestros respetos al poeta. En su poema \u00ab\u00bfNostalgia o deseo?\u00bb, por ejemplo, las tiradas que se cruzan muestran que \u00abToda nostalgia vino del cielo\u00bb. Al d\u00eda siguiente de su muerte, hojeamos este poema en doce partes, como si el poeta nos hablara desde el m\u00e1s all\u00e1: \u00abTodo lo que hago, lo hago por Ti, \/ la gram\u00e1tica inglesa es un poema para Ti. \/ Mi fuerza est\u00e1 atascada en mis poderes, y mi d\u00eda somnoliento es un tormento r\u00edgido, un sue\u00f1o. \/ \u00bfPor qu\u00e9 soy tan inculto?\u00bb, seguido de \u00abTodo lo que hago, lo hago por mi pa\u00eds, \/ La gram\u00e1tica es poes\u00eda. Lo hago por ti. \/ La edici\u00f3n se queda en casa: \/ la existencia de los poetas es un sue\u00f1o torpe, r\u00edgido. \/ \u00bfQu\u00e9 es lo que te asfixia tanto?\u00bb.<\/p>\n<p>Magyar Nemzet, 2019. 01. 20.<\/p>\n<p><a href=\"https:\/\/magyarnemzet.hu\/kultura\/minden-honvagy-az-egbol-szarmazott-7686689\/\" target=\"_blank\" rel=\"noopener\">https:\/\/magyarnemzet.hu\/kultura\/minden-honvagy-az-egbol-szarmazott-7686689\/<\/a><\/p>\n\t\t\t\t\t\t\t\t<\/div>\n\t\t\t\t<\/div>\n\t\t\t\t\t<\/div>\n\t\t<\/div>\n\t\t\t\t\t<\/div>\n\t\t<\/section>\n\t\t\t\t<\/div>\n\t\t","protected":false},"excerpt":{"rendered":"<p>\u00abTodo son milagros o nada\u00bb es la admonici\u00f3n o est\u00edmulo que figura en la placa conmemorativa de S\u00e1ndor T\u00f6r\u00f6k, pero para m\u00ed tambi\u00e9n est\u00e1 vinculada a \u00c1d\u00e1m Makkai.<\/p>\n","protected":false},"author":1,"featured_media":8263,"comment_status":"closed","ping_status":"open","sticky":false,"template":"","format":"standard","meta":{"_acf_changed":false,"footnotes":""},"categories":[486],"tags":[],"class_list":["post-8262","post","type-post","status-publish","format-standard","has-post-thumbnail","hentry","category-in-memoriam-es"],"acf":[],"yoast_head":"<!-- This site is optimized with the Yoast SEO plugin v27.5 - https:\/\/yoast.com\/product\/yoast-seo-wordpress\/ -->\n<title>\u00c9va Bonczidai: &quot;Toda la nostalgia ven\u00eda del cielo&quot; - en memoria de \u00c1d\u00e1m Makkai - Magyar PEN Club<\/title>\n<meta name=\"robots\" content=\"index, follow, max-snippet:-1, max-image-preview:large, max-video-preview:-1\" \/>\n<link rel=\"canonical\" href=\"https:\/\/magyarpenclub.hu\/es\/2020\/01\/20\/eva-bonczidai-toda-la-nostalgia-venia-del-cielo-en-memoria-de-adam-makkai\/\" \/>\n<meta property=\"og:locale\" content=\"es_ES\" \/>\n<meta property=\"og:type\" content=\"article\" \/>\n<meta property=\"og:title\" content=\"\u00c9va Bonczidai: &quot;Toda la nostalgia ven\u00eda del cielo&quot; - en memoria de \u00c1d\u00e1m Makkai - Magyar PEN Club\" \/>\n<meta property=\"og:description\" content=\"&quot;Todo son milagros o nada&quot; es la admonici\u00f3n o est\u00edmulo que figura en la placa conmemorativa de S\u00e1ndor T\u00f6r\u00f6k, pero para m\u00ed tambi\u00e9n est\u00e1 vinculada a \u00c1d\u00e1m Makkai.\" \/>\n<meta property=\"og:url\" content=\"https:\/\/magyarpenclub.hu\/es\/2020\/01\/20\/eva-bonczidai-toda-la-nostalgia-venia-del-cielo-en-memoria-de-adam-makkai\/\" \/>\n<meta property=\"og:site_name\" content=\"Magyar PEN Club\" \/>\n<meta property=\"article:publisher\" content=\"https:\/\/www.facebook.com\/magyarpenclub\" \/>\n<meta property=\"article:published_time\" content=\"2020-01-20T06:31:00+00:00\" \/>\n<meta property=\"article:modified_time\" content=\"2024-02-14T01:51:00+00:00\" \/>\n<meta property=\"og:image\" content=\"https:\/\/magyarpenclub.hu\/wp-content\/uploads\/2022\/05\/makkai-adam-ff.jpg\" \/>\n\t<meta property=\"og:image:width\" content=\"839\" \/>\n\t<meta property=\"og:image:height\" content=\"537\" \/>\n\t<meta property=\"og:image:type\" content=\"image\/jpeg\" \/>\n<meta name=\"author\" content=\"admin\" \/>\n<meta name=\"twitter:card\" content=\"summary_large_image\" \/>\n<meta name=\"twitter:label1\" content=\"Escrito por\" \/>\n\t<meta name=\"twitter:data1\" content=\"admin\" \/>\n\t<meta name=\"twitter:label2\" content=\"Tiempo de lectura\" \/>\n\t<meta name=\"twitter:data2\" content=\"7 minutos\" \/>\n<script type=\"application\/ld+json\" class=\"yoast-schema-graph\">{\"@context\":\"https:\\\/\\\/schema.org\",\"@graph\":[{\"@type\":\"Article\",\"@id\":\"https:\\\/\\\/magyarpenclub.hu\\\/es\\\/2020\\\/01\\\/20\\\/eva-bonczidai-toda-la-nostalgia-venia-del-cielo-en-memoria-de-adam-makkai\\\/#article\",\"isPartOf\":{\"@id\":\"https:\\\/\\\/magyarpenclub.hu\\\/es\\\/2020\\\/01\\\/20\\\/eva-bonczidai-toda-la-nostalgia-venia-del-cielo-en-memoria-de-adam-makkai\\\/\"},\"author\":{\"name\":\"admin\",\"@id\":\"https:\\\/\\\/magyarpenclub.hu\\\/es\\\/#\\\/schema\\\/person\\\/9d0e9bdcfa14a17e3af44ee46f4f047e\"},\"headline\":\"\u00c9va Bonczidai: \u00abToda la nostalgia ven\u00eda del cielo\u00bb &#8211; en memoria de \u00c1d\u00e1m Makkai\",\"datePublished\":\"2020-01-20T06:31:00+00:00\",\"dateModified\":\"2024-02-14T01:51:00+00:00\",\"mainEntityOfPage\":{\"@id\":\"https:\\\/\\\/magyarpenclub.hu\\\/es\\\/2020\\\/01\\\/20\\\/eva-bonczidai-toda-la-nostalgia-venia-del-cielo-en-memoria-de-adam-makkai\\\/\"},\"wordCount\":1326,\"publisher\":{\"@id\":\"https:\\\/\\\/magyarpenclub.hu\\\/es\\\/#organization\"},\"image\":{\"@id\":\"https:\\\/\\\/magyarpenclub.hu\\\/es\\\/2020\\\/01\\\/20\\\/eva-bonczidai-toda-la-nostalgia-venia-del-cielo-en-memoria-de-adam-makkai\\\/#primaryimage\"},\"thumbnailUrl\":\"https:\\\/\\\/magyarpenclub.hu\\\/wp-content\\\/uploads\\\/2022\\\/05\\\/makkai-adam-ff.jpg\",\"articleSection\":[\"In memoriam\"],\"inLanguage\":\"es\"},{\"@type\":\"WebPage\",\"@id\":\"https:\\\/\\\/magyarpenclub.hu\\\/es\\\/2020\\\/01\\\/20\\\/eva-bonczidai-toda-la-nostalgia-venia-del-cielo-en-memoria-de-adam-makkai\\\/\",\"url\":\"https:\\\/\\\/magyarpenclub.hu\\\/es\\\/2020\\\/01\\\/20\\\/eva-bonczidai-toda-la-nostalgia-venia-del-cielo-en-memoria-de-adam-makkai\\\/\",\"name\":\"\u00c9va Bonczidai: \\\"Toda la nostalgia ven\u00eda del cielo\\\" - en memoria de \u00c1d\u00e1m Makkai - Magyar PEN Club\",\"isPartOf\":{\"@id\":\"https:\\\/\\\/magyarpenclub.hu\\\/es\\\/#website\"},\"primaryImageOfPage\":{\"@id\":\"https:\\\/\\\/magyarpenclub.hu\\\/es\\\/2020\\\/01\\\/20\\\/eva-bonczidai-toda-la-nostalgia-venia-del-cielo-en-memoria-de-adam-makkai\\\/#primaryimage\"},\"image\":{\"@id\":\"https:\\\/\\\/magyarpenclub.hu\\\/es\\\/2020\\\/01\\\/20\\\/eva-bonczidai-toda-la-nostalgia-venia-del-cielo-en-memoria-de-adam-makkai\\\/#primaryimage\"},\"thumbnailUrl\":\"https:\\\/\\\/magyarpenclub.hu\\\/wp-content\\\/uploads\\\/2022\\\/05\\\/makkai-adam-ff.jpg\",\"datePublished\":\"2020-01-20T06:31:00+00:00\",\"dateModified\":\"2024-02-14T01:51:00+00:00\",\"breadcrumb\":{\"@id\":\"https:\\\/\\\/magyarpenclub.hu\\\/es\\\/2020\\\/01\\\/20\\\/eva-bonczidai-toda-la-nostalgia-venia-del-cielo-en-memoria-de-adam-makkai\\\/#breadcrumb\"},\"inLanguage\":\"es\",\"potentialAction\":[{\"@type\":\"ReadAction\",\"target\":[\"https:\\\/\\\/magyarpenclub.hu\\\/es\\\/2020\\\/01\\\/20\\\/eva-bonczidai-toda-la-nostalgia-venia-del-cielo-en-memoria-de-adam-makkai\\\/\"]}]},{\"@type\":\"ImageObject\",\"inLanguage\":\"es\",\"@id\":\"https:\\\/\\\/magyarpenclub.hu\\\/es\\\/2020\\\/01\\\/20\\\/eva-bonczidai-toda-la-nostalgia-venia-del-cielo-en-memoria-de-adam-makkai\\\/#primaryimage\",\"url\":\"https:\\\/\\\/magyarpenclub.hu\\\/wp-content\\\/uploads\\\/2022\\\/05\\\/makkai-adam-ff.jpg\",\"contentUrl\":\"https:\\\/\\\/magyarpenclub.hu\\\/wp-content\\\/uploads\\\/2022\\\/05\\\/makkai-adam-ff.jpg\",\"width\":839,\"height\":537,\"caption\":\"Makkai \u00c1d\u00e1m\"},{\"@type\":\"BreadcrumbList\",\"@id\":\"https:\\\/\\\/magyarpenclub.hu\\\/es\\\/2020\\\/01\\\/20\\\/eva-bonczidai-toda-la-nostalgia-venia-del-cielo-en-memoria-de-adam-makkai\\\/#breadcrumb\",\"itemListElement\":[{\"@type\":\"ListItem\",\"position\":1,\"name\":\"Kezd\u0151lap\",\"item\":\"https:\\\/\\\/magyarpenclub.hu\\\/es\\\/\"},{\"@type\":\"ListItem\",\"position\":2,\"name\":\"\u00c9va Bonczidai: \u00abToda la nostalgia ven\u00eda del cielo\u00bb &#8211; en memoria de \u00c1d\u00e1m Makkai\"}]},{\"@type\":\"WebSite\",\"@id\":\"https:\\\/\\\/magyarpenclub.hu\\\/es\\\/#website\",\"url\":\"https:\\\/\\\/magyarpenclub.hu\\\/es\\\/\",\"name\":\"Magyar PEN Club\",\"description\":\"H\u00edrek, k\u00f6zlem\u00e9nyek, \u00edr\u00e1sok\",\"publisher\":{\"@id\":\"https:\\\/\\\/magyarpenclub.hu\\\/es\\\/#organization\"},\"potentialAction\":[{\"@type\":\"SearchAction\",\"target\":{\"@type\":\"EntryPoint\",\"urlTemplate\":\"https:\\\/\\\/magyarpenclub.hu\\\/es\\\/?s={search_term_string}\"},\"query-input\":{\"@type\":\"PropertyValueSpecification\",\"valueRequired\":true,\"valueName\":\"search_term_string\"}}],\"inLanguage\":\"es\"},{\"@type\":\"Organization\",\"@id\":\"https:\\\/\\\/magyarpenclub.hu\\\/es\\\/#organization\",\"name\":\"Magyar P.E.N. Club\",\"url\":\"https:\\\/\\\/magyarpenclub.hu\\\/es\\\/\",\"logo\":{\"@type\":\"ImageObject\",\"inLanguage\":\"es\",\"@id\":\"https:\\\/\\\/magyarpenclub.hu\\\/es\\\/#\\\/schema\\\/logo\\\/image\\\/\",\"url\":\"https:\\\/\\\/magyarpenclub.hu\\\/wp-content\\\/uploads\\\/2022\\\/08\\\/magyar-pen-club-logo.png\",\"contentUrl\":\"https:\\\/\\\/magyarpenclub.hu\\\/wp-content\\\/uploads\\\/2022\\\/08\\\/magyar-pen-club-logo.png\",\"width\":195,\"height\":195,\"caption\":\"Magyar P.E.N. Club\"},\"image\":{\"@id\":\"https:\\\/\\\/magyarpenclub.hu\\\/es\\\/#\\\/schema\\\/logo\\\/image\\\/\"},\"sameAs\":[\"https:\\\/\\\/www.facebook.com\\\/magyarpenclub\",\"https:\\\/\\\/www.youtube.com\\\/channel\\\/UC8bw1YALHZZJCJ-7bqvlR6Q\"]},{\"@type\":\"Person\",\"@id\":\"https:\\\/\\\/magyarpenclub.hu\\\/es\\\/#\\\/schema\\\/person\\\/9d0e9bdcfa14a17e3af44ee46f4f047e\",\"name\":\"admin\",\"image\":{\"@type\":\"ImageObject\",\"inLanguage\":\"es\",\"@id\":\"https:\\\/\\\/secure.gravatar.com\\\/avatar\\\/56608a5ae1d60c555b558b0cda110391ad52d81e37b79808b2f59eaf60ba9e43?s=96&d=mm&r=g\",\"url\":\"https:\\\/\\\/secure.gravatar.com\\\/avatar\\\/56608a5ae1d60c555b558b0cda110391ad52d81e37b79808b2f59eaf60ba9e43?s=96&d=mm&r=g\",\"contentUrl\":\"https:\\\/\\\/secure.gravatar.com\\\/avatar\\\/56608a5ae1d60c555b558b0cda110391ad52d81e37b79808b2f59eaf60ba9e43?s=96&d=mm&r=g\",\"caption\":\"admin\"},\"sameAs\":[\"https:\\\/\\\/magyarpenclub.hu\"],\"url\":\"https:\\\/\\\/magyarpenclub.hu\\\/es\\\/author\\\/admin\\\/\"}]}<\/script>\n<!-- \/ Yoast SEO plugin. -->","yoast_head_json":{"title":"\u00c9va Bonczidai: \"Toda la nostalgia ven\u00eda del cielo\" - en memoria de \u00c1d\u00e1m Makkai - Magyar PEN Club","robots":{"index":"index","follow":"follow","max-snippet":"max-snippet:-1","max-image-preview":"max-image-preview:large","max-video-preview":"max-video-preview:-1"},"canonical":"https:\/\/magyarpenclub.hu\/es\/2020\/01\/20\/eva-bonczidai-toda-la-nostalgia-venia-del-cielo-en-memoria-de-adam-makkai\/","og_locale":"es_ES","og_type":"article","og_title":"\u00c9va Bonczidai: \"Toda la nostalgia ven\u00eda del cielo\" - en memoria de \u00c1d\u00e1m Makkai - Magyar PEN Club","og_description":"\"Todo son milagros o nada\" es la admonici\u00f3n o est\u00edmulo que figura en la placa conmemorativa de S\u00e1ndor T\u00f6r\u00f6k, pero para m\u00ed tambi\u00e9n est\u00e1 vinculada a \u00c1d\u00e1m Makkai.","og_url":"https:\/\/magyarpenclub.hu\/es\/2020\/01\/20\/eva-bonczidai-toda-la-nostalgia-venia-del-cielo-en-memoria-de-adam-makkai\/","og_site_name":"Magyar PEN Club","article_publisher":"https:\/\/www.facebook.com\/magyarpenclub","article_published_time":"2020-01-20T06:31:00+00:00","article_modified_time":"2024-02-14T01:51:00+00:00","og_image":[{"width":839,"height":537,"url":"https:\/\/magyarpenclub.hu\/wp-content\/uploads\/2022\/05\/makkai-adam-ff.jpg","type":"image\/jpeg"}],"author":"admin","twitter_card":"summary_large_image","twitter_misc":{"Escrito por":"admin","Tiempo de lectura":"7 minutos"},"schema":{"@context":"https:\/\/schema.org","@graph":[{"@type":"Article","@id":"https:\/\/magyarpenclub.hu\/es\/2020\/01\/20\/eva-bonczidai-toda-la-nostalgia-venia-del-cielo-en-memoria-de-adam-makkai\/#article","isPartOf":{"@id":"https:\/\/magyarpenclub.hu\/es\/2020\/01\/20\/eva-bonczidai-toda-la-nostalgia-venia-del-cielo-en-memoria-de-adam-makkai\/"},"author":{"name":"admin","@id":"https:\/\/magyarpenclub.hu\/es\/#\/schema\/person\/9d0e9bdcfa14a17e3af44ee46f4f047e"},"headline":"\u00c9va Bonczidai: \u00abToda la nostalgia ven\u00eda del cielo\u00bb &#8211; en memoria de \u00c1d\u00e1m Makkai","datePublished":"2020-01-20T06:31:00+00:00","dateModified":"2024-02-14T01:51:00+00:00","mainEntityOfPage":{"@id":"https:\/\/magyarpenclub.hu\/es\/2020\/01\/20\/eva-bonczidai-toda-la-nostalgia-venia-del-cielo-en-memoria-de-adam-makkai\/"},"wordCount":1326,"publisher":{"@id":"https:\/\/magyarpenclub.hu\/es\/#organization"},"image":{"@id":"https:\/\/magyarpenclub.hu\/es\/2020\/01\/20\/eva-bonczidai-toda-la-nostalgia-venia-del-cielo-en-memoria-de-adam-makkai\/#primaryimage"},"thumbnailUrl":"https:\/\/magyarpenclub.hu\/wp-content\/uploads\/2022\/05\/makkai-adam-ff.jpg","articleSection":["In memoriam"],"inLanguage":"es"},{"@type":"WebPage","@id":"https:\/\/magyarpenclub.hu\/es\/2020\/01\/20\/eva-bonczidai-toda-la-nostalgia-venia-del-cielo-en-memoria-de-adam-makkai\/","url":"https:\/\/magyarpenclub.hu\/es\/2020\/01\/20\/eva-bonczidai-toda-la-nostalgia-venia-del-cielo-en-memoria-de-adam-makkai\/","name":"\u00c9va Bonczidai: \"Toda la nostalgia ven\u00eda del cielo\" - en memoria de \u00c1d\u00e1m Makkai - Magyar PEN Club","isPartOf":{"@id":"https:\/\/magyarpenclub.hu\/es\/#website"},"primaryImageOfPage":{"@id":"https:\/\/magyarpenclub.hu\/es\/2020\/01\/20\/eva-bonczidai-toda-la-nostalgia-venia-del-cielo-en-memoria-de-adam-makkai\/#primaryimage"},"image":{"@id":"https:\/\/magyarpenclub.hu\/es\/2020\/01\/20\/eva-bonczidai-toda-la-nostalgia-venia-del-cielo-en-memoria-de-adam-makkai\/#primaryimage"},"thumbnailUrl":"https:\/\/magyarpenclub.hu\/wp-content\/uploads\/2022\/05\/makkai-adam-ff.jpg","datePublished":"2020-01-20T06:31:00+00:00","dateModified":"2024-02-14T01:51:00+00:00","breadcrumb":{"@id":"https:\/\/magyarpenclub.hu\/es\/2020\/01\/20\/eva-bonczidai-toda-la-nostalgia-venia-del-cielo-en-memoria-de-adam-makkai\/#breadcrumb"},"inLanguage":"es","potentialAction":[{"@type":"ReadAction","target":["https:\/\/magyarpenclub.hu\/es\/2020\/01\/20\/eva-bonczidai-toda-la-nostalgia-venia-del-cielo-en-memoria-de-adam-makkai\/"]}]},{"@type":"ImageObject","inLanguage":"es","@id":"https:\/\/magyarpenclub.hu\/es\/2020\/01\/20\/eva-bonczidai-toda-la-nostalgia-venia-del-cielo-en-memoria-de-adam-makkai\/#primaryimage","url":"https:\/\/magyarpenclub.hu\/wp-content\/uploads\/2022\/05\/makkai-adam-ff.jpg","contentUrl":"https:\/\/magyarpenclub.hu\/wp-content\/uploads\/2022\/05\/makkai-adam-ff.jpg","width":839,"height":537,"caption":"Makkai \u00c1d\u00e1m"},{"@type":"BreadcrumbList","@id":"https:\/\/magyarpenclub.hu\/es\/2020\/01\/20\/eva-bonczidai-toda-la-nostalgia-venia-del-cielo-en-memoria-de-adam-makkai\/#breadcrumb","itemListElement":[{"@type":"ListItem","position":1,"name":"Kezd\u0151lap","item":"https:\/\/magyarpenclub.hu\/es\/"},{"@type":"ListItem","position":2,"name":"\u00c9va Bonczidai: \u00abToda la nostalgia ven\u00eda del cielo\u00bb &#8211; en memoria de \u00c1d\u00e1m Makkai"}]},{"@type":"WebSite","@id":"https:\/\/magyarpenclub.hu\/es\/#website","url":"https:\/\/magyarpenclub.hu\/es\/","name":"Magyar PEN Club","description":"H\u00edrek, k\u00f6zlem\u00e9nyek, \u00edr\u00e1sok","publisher":{"@id":"https:\/\/magyarpenclub.hu\/es\/#organization"},"potentialAction":[{"@type":"SearchAction","target":{"@type":"EntryPoint","urlTemplate":"https:\/\/magyarpenclub.hu\/es\/?s={search_term_string}"},"query-input":{"@type":"PropertyValueSpecification","valueRequired":true,"valueName":"search_term_string"}}],"inLanguage":"es"},{"@type":"Organization","@id":"https:\/\/magyarpenclub.hu\/es\/#organization","name":"Magyar P.E.N. Club","url":"https:\/\/magyarpenclub.hu\/es\/","logo":{"@type":"ImageObject","inLanguage":"es","@id":"https:\/\/magyarpenclub.hu\/es\/#\/schema\/logo\/image\/","url":"https:\/\/magyarpenclub.hu\/wp-content\/uploads\/2022\/08\/magyar-pen-club-logo.png","contentUrl":"https:\/\/magyarpenclub.hu\/wp-content\/uploads\/2022\/08\/magyar-pen-club-logo.png","width":195,"height":195,"caption":"Magyar P.E.N. Club"},"image":{"@id":"https:\/\/magyarpenclub.hu\/es\/#\/schema\/logo\/image\/"},"sameAs":["https:\/\/www.facebook.com\/magyarpenclub","https:\/\/www.youtube.com\/channel\/UC8bw1YALHZZJCJ-7bqvlR6Q"]},{"@type":"Person","@id":"https:\/\/magyarpenclub.hu\/es\/#\/schema\/person\/9d0e9bdcfa14a17e3af44ee46f4f047e","name":"admin","image":{"@type":"ImageObject","inLanguage":"es","@id":"https:\/\/secure.gravatar.com\/avatar\/56608a5ae1d60c555b558b0cda110391ad52d81e37b79808b2f59eaf60ba9e43?s=96&d=mm&r=g","url":"https:\/\/secure.gravatar.com\/avatar\/56608a5ae1d60c555b558b0cda110391ad52d81e37b79808b2f59eaf60ba9e43?s=96&d=mm&r=g","contentUrl":"https:\/\/secure.gravatar.com\/avatar\/56608a5ae1d60c555b558b0cda110391ad52d81e37b79808b2f59eaf60ba9e43?s=96&d=mm&r=g","caption":"admin"},"sameAs":["https:\/\/magyarpenclub.hu"],"url":"https:\/\/magyarpenclub.hu\/es\/author\/admin\/"}]}},"_links":{"self":[{"href":"https:\/\/magyarpenclub.hu\/es\/wp-json\/wp\/v2\/posts\/8262","targetHints":{"allow":["GET"]}}],"collection":[{"href":"https:\/\/magyarpenclub.hu\/es\/wp-json\/wp\/v2\/posts"}],"about":[{"href":"https:\/\/magyarpenclub.hu\/es\/wp-json\/wp\/v2\/types\/post"}],"author":[{"embeddable":true,"href":"https:\/\/magyarpenclub.hu\/es\/wp-json\/wp\/v2\/users\/1"}],"replies":[{"embeddable":true,"href":"https:\/\/magyarpenclub.hu\/es\/wp-json\/wp\/v2\/comments?post=8262"}],"version-history":[{"count":0,"href":"https:\/\/magyarpenclub.hu\/es\/wp-json\/wp\/v2\/posts\/8262\/revisions"}],"wp:featuredmedia":[{"embeddable":true,"href":"https:\/\/magyarpenclub.hu\/es\/wp-json\/wp\/v2\/media\/8263"}],"wp:attachment":[{"href":"https:\/\/magyarpenclub.hu\/es\/wp-json\/wp\/v2\/media?parent=8262"}],"wp:term":[{"taxonomy":"category","embeddable":true,"href":"https:\/\/magyarpenclub.hu\/es\/wp-json\/wp\/v2\/categories?post=8262"},{"taxonomy":"post_tag","embeddable":true,"href":"https:\/\/magyarpenclub.hu\/es\/wp-json\/wp\/v2\/tags?post=8262"}],"curies":[{"name":"wp","href":"https:\/\/api.w.org\/{rel}","templated":true}]}}