{"id":8266,"date":"2020-12-17T19:23:00","date_gmt":"2020-12-17T19:23:00","guid":{"rendered":"https:\/\/magyarpenclub.hu\/2020\/12\/17\/albatros-avestruz-cisne\/"},"modified":"2024-02-14T01:50:59","modified_gmt":"2024-02-14T01:50:59","slug":"albatros-avestruz-cisne","status":"publish","type":"post","link":"https:\/\/magyarpenclub.hu\/es\/2020\/12\/17\/albatros-avestruz-cisne\/","title":{"rendered":"Albatros, avestruz, cisne&#8230;"},"content":{"rendered":"\t\t<div data-elementor-type=\"wp-post\" data-elementor-id=\"8266\" class=\"elementor elementor-8266 elementor-3839\" data-elementor-post-type=\"post\">\n\t\t\t\t\t\t<section class=\"elementor-section elementor-top-section elementor-element elementor-element-75216b2 elementor-section-boxed elementor-section-height-default elementor-section-height-default\" data-id=\"75216b2\" data-element_type=\"section\" data-e-type=\"section\">\n\t\t\t\t\t\t<div class=\"elementor-container elementor-column-gap-wide\">\n\t\t\t\t\t<div class=\"elementor-column elementor-col-100 elementor-top-column elementor-element elementor-element-a9e5a7f\" data-id=\"a9e5a7f\" data-element_type=\"column\" data-e-type=\"column\">\n\t\t\t<div class=\"elementor-widget-wrap elementor-element-populated\">\n\t\t\t\t\t\t<div class=\"elementor-element elementor-element-a447652 elementor-widget elementor-widget-text-editor\" data-id=\"a447652\" data-element_type=\"widget\" data-e-type=\"widget\" data-widget_type=\"text-editor.default\">\n\t\t\t\t<div class=\"elementor-widget-container\">\n\t\t\t\t\t\t\t\t\t<p>G\u00e9za Sz\u0151cs nos ha dejado. A partir de hoy, el sol saldr\u00e1 de otra manera y nada ser\u00e1 igual. Podr\u00edamos enumerar, como se hace en una necrol\u00f3gica, sus t\u00edtulos, sus condecoraciones, su rango, su estatus&#8230; pero quienes le conocieron, m\u00e1s all\u00e1 de ser conscientes de todo ello, saben que se ha producido una tragedia mucho mayor. Es un hombre con el que todos pod\u00edamos contar, cuyos destinos personales y el destino de la naci\u00f3n eran igualmente importantes para \u00e9l, y cuya tarea diaria era contribuir a forjar esos destinos.<\/p>\n<p><span style=\"color: var(--the7-base-color); letter-spacing: var(--the7-base-letter-spacing); text-transform: var(--the7-base-text-transform); word-spacing: normal;\">Tambi\u00e9n esta necrolog\u00eda, m\u00e1s all\u00e1 de la evidencia, s\u00f3lo puede tratar de c\u00f3mo no hay palabras, y estoy seguro de que G\u00e9za quiso dejar este mundo de tal manera que sintamos despu\u00e9s ese vac\u00edo: sabemos que es insustituible. Era un fatalista, siempre enfrentado al destino, siempre con los guantes puestos y manejando las situaciones m\u00e1s absurdas de la vida con la mayor calma. Le encantaba el peligro, siempre encontraba soluciones brillantes a situaciones a las que otros hab\u00edan dado la espalda hac\u00eda tiempo, y la parte del mundo que no era un misterio para \u00e9l era siempre un reto, ya se tratara de literatura, pol\u00edtica, destino o incluso el futuro, cuando hac\u00eda predicciones.<\/span><\/p>\n<p><span style=\"color: var(--the7-base-color); letter-spacing: var(--the7-base-letter-spacing); text-transform: var(--the7-base-text-transform); word-spacing: normal;\">Ve\u00eda el mundo con claridad, con todas sus conexiones conocidas o reconocibles, le molestaban las peque\u00f1as locuras de la vida, el empaque de los porteadores y los guardias fronterizos, pero en los asuntos importantes siempre pensaba con una calma segura, sus sabios consejos merec\u00edan la pena. Evidentemente, ten\u00eda un gran sentido del absurdo, no s\u00f3lo en la literatura sino tambi\u00e9n en la vida cotidiana, y se sent\u00eda a gusto en el mundo de lo incomprensible, como corresponde a un poeta. Como un mago o un cham\u00e1n. Quiz\u00e1 por eso poeta es un buen t\u00e9rmino: es el que puede crear un mundo, o recrearlo si es necesario.<\/span><\/p>\n\t\t\t\t\t\t\t\t<\/div>\n\t\t\t\t<\/div>\n\t\t\t\t\t<\/div>\n\t\t<\/div>\n\t\t\t\t\t<\/div>\n\t\t<\/section>\n\t\t\t\t<section class=\"elementor-section elementor-top-section elementor-element elementor-element-8ee5a47 elementor-section-boxed elementor-section-height-default elementor-section-height-default\" data-id=\"8ee5a47\" data-element_type=\"section\" data-e-type=\"section\">\n\t\t\t\t\t\t<div class=\"elementor-container elementor-column-gap-wide\">\n\t\t\t\t\t<div class=\"elementor-column elementor-col-100 elementor-top-column elementor-element elementor-element-72fa2dd\" data-id=\"72fa2dd\" data-element_type=\"column\" data-e-type=\"column\">\n\t\t\t<div class=\"elementor-widget-wrap elementor-element-populated\">\n\t\t\t\t\t\t<div class=\"elementor-element elementor-element-7aa2b24 elementor-widget elementor-widget-image\" data-id=\"7aa2b24\" data-element_type=\"widget\" data-e-type=\"widget\" data-widget_type=\"image.default\">\n\t\t\t\t<div class=\"elementor-widget-container\">\n\t\t\t\t\t\t\t\t\t\t\t\t<figure class=\"wp-caption\">\n\t\t\t\t\t\t\t\t\t\t<img decoding=\"async\" width=\"800\" height=\"544\" src=\"https:\/\/magyarpenclub.hu\/wp-content\/uploads\/2020\/12\/cetate-2003-szocs-geza-otvenedikszuletesnapja-foto-nemes-anna-borbala-1024x696.jpg\" class=\"attachment-large size-large wp-image-8269\" alt=\"\" srcset=\"https:\/\/magyarpenclub.hu\/wp-content\/uploads\/2020\/12\/cetate-2003-szocs-geza-otvenedikszuletesnapja-foto-nemes-anna-borbala-1024x696.jpg 1024w, https:\/\/magyarpenclub.hu\/wp-content\/uploads\/2020\/12\/cetate-2003-szocs-geza-otvenedikszuletesnapja-foto-nemes-anna-borbala-1000x679.jpg 1000w, https:\/\/magyarpenclub.hu\/wp-content\/uploads\/2020\/12\/cetate-2003-szocs-geza-otvenedikszuletesnapja-foto-nemes-anna-borbala-300x204.jpg 300w, https:\/\/magyarpenclub.hu\/wp-content\/uploads\/2020\/12\/cetate-2003-szocs-geza-otvenedikszuletesnapja-foto-nemes-anna-borbala-768x522.jpg 768w, https:\/\/magyarpenclub.hu\/wp-content\/uploads\/2020\/12\/cetate-2003-szocs-geza-otvenedikszuletesnapja-foto-nemes-anna-borbala.jpg 1534w\" sizes=\"(max-width: 800px) 100vw, 800px\" \/>\t\t\t\t\t\t\t\t\t\t\t<figcaption class=\"widget-image-caption wp-caption-text\">Cetate, 2003. augusztusa \u2013 SZG \u00f6tvenedik sz\u00fclet\u00e9snapja (Fot\u00f3 Nemes Anna Borb\u00e1la)<\/figcaption>\n\t\t\t\t\t\t\t\t\t\t<\/figure>\n\t\t\t\t\t\t\t\t\t<\/div>\n\t\t\t\t<\/div>\n\t\t\t\t\t<\/div>\n\t\t<\/div>\n\t\t\t\t\t<\/div>\n\t\t<\/section>\n\t\t\t\t<section class=\"elementor-section elementor-top-section elementor-element elementor-element-e173560 elementor-section-boxed elementor-section-height-default elementor-section-height-default\" data-id=\"e173560\" data-element_type=\"section\" data-e-type=\"section\">\n\t\t\t\t\t\t<div class=\"elementor-container elementor-column-gap-wide\">\n\t\t\t\t\t<div class=\"elementor-column elementor-col-100 elementor-top-column elementor-element elementor-element-c52d73a\" data-id=\"c52d73a\" data-element_type=\"column\" data-e-type=\"column\">\n\t\t\t<div class=\"elementor-widget-wrap elementor-element-populated\">\n\t\t\t\t\t\t<div class=\"elementor-element elementor-element-b13b64d elementor-widget elementor-widget-text-editor\" data-id=\"b13b64d\" data-element_type=\"widget\" data-e-type=\"widget\" data-widget_type=\"text-editor.default\">\n\t\t\t\t<div class=\"elementor-widget-container\">\n\t\t\t\t\t\t\t\t\t<p>Su fant\u00e1stica \u00e9tica de trabajo tambi\u00e9n se deb\u00eda a lo anterior: su ritmo de trabajo autodestructivo era dif\u00edcil de seguir y, aunque ten\u00eda muchos colegas directos, a veces eran demasiado pocos para estar exactamente como \u00e9l quer\u00eda cada minuto para satisfacer sus necesidades.<\/p>\n<p><span style=\"color: var(--the7-base-color); letter-spacing: var(--the7-base-letter-spacing); text-transform: var(--the7-base-text-transform); word-spacing: normal;\">Tambi\u00e9n le he visto rodeado de aprovechados, que le rodean con las manos en la espalda como buenos amigos y luego se vuelven contra \u00e9l con la boca llena a sus espaldas. S\u00ed, tambi\u00e9n tenemos que decirlo. Pero tambi\u00e9n que siempre ayudaba a estas personas. Como con los dem\u00e1s: no conozco a nadie que haya rechazado a alguien que le haya pedido ayuda.<\/span><\/p>\n<p><span style=\"color: var(--the7-base-color); letter-spacing: var(--the7-base-letter-spacing); text-transform: var(--the7-base-text-transform); word-spacing: normal;\">Tambi\u00e9n hay pruebas de que era una personalidad divisiva, pero lo contrario ser\u00eda triste. Como poeta, sin embargo, nadie dejar\u00eda de reconocer sus m\u00e9ritos. Es arriesgado comparar a los poetas, comparar sus obras, escribir un canon es una tarea ingrata, o encontrar el lugar de alguien en cualquier literatura, y sin embargo, de alguna manera, todos sentimos y conocemos su lugar. No podemos decir que fuera como X, ni que su tama\u00f1o pueda medirse por el de Y. Era G\u00e9za Sz\u0151cs, y punto.<\/span><\/p>\n<p><span style=\"color: var(--the7-base-color); letter-spacing: var(--the7-base-letter-spacing); text-transform: var(--the7-base-text-transform); word-spacing: normal;\">Me vienen a la mente tres topos del mundo de su poes\u00eda, tres p\u00e1jaros. El albatros, el avestruz y el cisne. El albatros, ave simb\u00f3lica del vuelo infinito, el avestruz (protagonista de su Limpopo), el mundo del ave no voladora, que se convirti\u00f3 en piedra angular de su obra como individuo y s\u00edmbolo del destino, y el cisne, el cisne del paseo mar\u00edtimo de Cluj Napoca. El cisne, que nos advierte que incluso las cosas m\u00e1s nobles son mortales y que al final s\u00f3lo nos sobrevive una cosa, la poes\u00eda, es el eterno mandamiento de la belleza. Pero antes de su publicaci\u00f3n, digamos que el \u00faltimo, el canto del cisne, es tambi\u00e9n un libro de lealtad: creo que nunca nadie ha amado tanto a Cluj-Napoca, y este canto del cisne -como todo el libro puede interpretarse como tal- cuenta o muestra el dolor y la tristeza de que uno pueda perder las cosas m\u00e1s bellas de la vida. Igual que hizo en Cluj. Igual que hizo Cluj-Napoca con \u00e9l.<\/span><\/p>\n<p><span style=\"color: var(--the7-base-color); letter-spacing: var(--the7-base-letter-spacing); text-transform: var(--the7-base-text-transform); word-spacing: normal;\">Antes del cambio de r\u00e9gimen, G\u00e9za Sz\u0151cs se identificaba con las luchas por la libertad de los h\u00fangaros de Transilvania, con la resistencia anticomunista universal, y despu\u00e9s del cambio de r\u00e9gimen con el despliegue de las luchas por la libertad. Ahora parece que vienen tiempos diferentes&#8230; Lo que pudo hacer por nosotros, lo hizo, as\u00ed que sigui\u00f3 adelante.<\/span><\/p>\n\t\t\t\t\t\t\t\t<\/div>\n\t\t\t\t<\/div>\n\t\t\t\t\t<\/div>\n\t\t<\/div>\n\t\t\t\t\t<\/div>\n\t\t<\/section>\n\t\t\t\t<section class=\"elementor-section elementor-top-section elementor-element elementor-element-3f63e7b elementor-section-boxed elementor-section-height-default elementor-section-height-default\" data-id=\"3f63e7b\" data-element_type=\"section\" data-e-type=\"section\">\n\t\t\t\t\t\t<div class=\"elementor-container elementor-column-gap-wide\">\n\t\t\t\t\t<div class=\"elementor-column elementor-col-100 elementor-top-column elementor-element elementor-element-20dcca4\" data-id=\"20dcca4\" data-element_type=\"column\" data-e-type=\"column\">\n\t\t\t<div class=\"elementor-widget-wrap elementor-element-populated\">\n\t\t\t\t\t\t<section class=\"elementor-section elementor-inner-section elementor-element elementor-element-1a9e69c elementor-section-boxed elementor-section-height-default elementor-section-height-default\" data-id=\"1a9e69c\" data-element_type=\"section\" data-e-type=\"section\">\n\t\t\t\t\t\t<div class=\"elementor-container elementor-column-gap-default\">\n\t\t\t\t\t<div class=\"elementor-column elementor-col-50 elementor-inner-column elementor-element elementor-element-e3b1bae\" data-id=\"e3b1bae\" data-element_type=\"column\" data-e-type=\"column\">\n\t\t\t<div class=\"elementor-widget-wrap elementor-element-populated\">\n\t\t\t\t\t\t<div class=\"elementor-element elementor-element-9c620d2 elementor-widget elementor-widget-text-editor\" data-id=\"9c620d2\" data-element_type=\"widget\" data-e-type=\"widget\" data-widget_type=\"text-editor.default\">\n\t\t\t\t<div class=\"elementor-widget-container\">\n\t\t\t\t\t\t\t\t\t<h4>G\u00e9za Sz\u0151cs &#8211; Sobre los cisnes del paseo mar\u00edtimo<\/h4>\n\t\t\t\t\t\t\t\t<\/div>\n\t\t\t\t<\/div>\n\t\t\t\t<div class=\"elementor-element elementor-element-4c2336c elementor-widget elementor-widget-text-editor\" data-id=\"4c2336c\" data-element_type=\"widget\" data-e-type=\"widget\" data-widget_type=\"text-editor.default\">\n\t\t\t\t<div class=\"elementor-widget-container\">\n\t\t\t\t\t\t\t\t\t<p>Un nuevo cisne ha llegado al Paseo. \u00bfD\u00f3nde puede nadar Leda ahora? \u00bfy d\u00f3nde corre Holstomere?<\/p>\n\t\t\t\t\t\t\t\t<\/div>\n\t\t\t\t<\/div>\n\t\t\t\t\t<\/div>\n\t\t<\/div>\n\t\t\t\t<div class=\"elementor-column elementor-col-50 elementor-inner-column elementor-element elementor-element-1dd399c\" data-id=\"1dd399c\" data-element_type=\"column\" data-e-type=\"column\">\n\t\t\t<div class=\"elementor-widget-wrap elementor-element-populated\">\n\t\t\t\t\t\t<div class=\"elementor-element elementor-element-24a69eb elementor-widget elementor-widget-image\" data-id=\"24a69eb\" data-element_type=\"widget\" data-e-type=\"widget\" data-widget_type=\"image.default\">\n\t\t\t\t<div class=\"elementor-widget-container\">\n\t\t\t\t\t\t\t\t\t\t\t\t\t\t\t<img decoding=\"async\" width=\"780\" height=\"960\" src=\"https:\/\/magyarpenclub.hu\/wp-content\/uploads\/2020\/12\/b_valentin_11.jpg\" class=\"attachment-large size-large wp-image-8271\" alt=\"\" srcset=\"https:\/\/magyarpenclub.hu\/wp-content\/uploads\/2020\/12\/b_valentin_11.jpg 780w, https:\/\/magyarpenclub.hu\/wp-content\/uploads\/2020\/12\/b_valentin_11-244x300.jpg 244w, https:\/\/magyarpenclub.hu\/wp-content\/uploads\/2020\/12\/b_valentin_11-768x945.jpg 768w\" sizes=\"(max-width: 780px) 100vw, 780px\" \/>\t\t\t\t\t\t\t\t\t\t\t\t\t\t\t<\/div>\n\t\t\t\t<\/div>\n\t\t\t\t\t<\/div>\n\t\t<\/div>\n\t\t\t\t\t<\/div>\n\t\t<\/section>\n\t\t\t\t\t<\/div>\n\t\t<\/div>\n\t\t\t\t\t<\/div>\n\t\t<\/section>\n\t\t\t\t<\/div>\n\t\t","protected":false},"excerpt":{"rendered":"<p>G\u00e9za Sz\u0151cs nos ha dejado. A partir de hoy, el sol saldr\u00e1 de otra manera y nada ser\u00e1 igual. Podr\u00edamos enumerar, como se hace en una necrol\u00f3gica, sus t\u00edtulos, sus condecoraciones, su rango, su estatus&#8230; pero quienes le conocieron, m\u00e1s all\u00e1 de ser conscientes de todo ello, saben que se ha producido una tragedia mucho mayor.  <\/p>\n","protected":false},"author":1,"featured_media":8268,"comment_status":"closed","ping_status":"open","sticky":false,"template":"","format":"standard","meta":{"_acf_changed":false,"footnotes":""},"categories":[486],"tags":[],"class_list":["post-8266","post","type-post","status-publish","format-standard","has-post-thumbnail","hentry","category-in-memoriam-es"],"acf":[],"yoast_head":"<!-- This site is optimized with the Yoast SEO plugin v27.5 - https:\/\/yoast.com\/product\/yoast-seo-wordpress\/ -->\n<title>Albatros, avestruz, cisne... - Magyar PEN Club<\/title>\n<meta name=\"robots\" content=\"index, follow, max-snippet:-1, max-image-preview:large, max-video-preview:-1\" \/>\n<link rel=\"canonical\" href=\"https:\/\/magyarpenclub.hu\/es\/2020\/12\/17\/albatros-avestruz-cisne\/\" \/>\n<meta property=\"og:locale\" content=\"es_ES\" \/>\n<meta property=\"og:type\" content=\"article\" \/>\n<meta property=\"og:title\" content=\"Albatros, avestruz, cisne... - Magyar PEN Club\" \/>\n<meta property=\"og:description\" content=\"G\u00e9za Sz\u0151cs nos ha dejado. A partir de hoy, el sol saldr\u00e1 de otra manera y nada ser\u00e1 igual. Podr\u00edamos enumerar, como se hace en una necrol\u00f3gica, sus t\u00edtulos, sus condecoraciones, su rango, su estatus... pero quienes le conocieron, m\u00e1s all\u00e1 de ser conscientes de todo ello, saben que se ha producido una tragedia mucho mayor.\" \/>\n<meta property=\"og:url\" content=\"https:\/\/magyarpenclub.hu\/es\/2020\/12\/17\/albatros-avestruz-cisne\/\" \/>\n<meta property=\"og:site_name\" content=\"Magyar PEN Club\" \/>\n<meta property=\"article:publisher\" content=\"https:\/\/www.facebook.com\/magyarpenclub\" \/>\n<meta property=\"article:published_time\" content=\"2020-12-17T19:23:00+00:00\" \/>\n<meta property=\"article:modified_time\" content=\"2024-02-14T01:50:59+00:00\" \/>\n<meta property=\"og:image\" content=\"https:\/\/magyarpenclub.hu\/wp-content\/uploads\/2022\/05\/szocs-geza.jpg\" \/>\n\t<meta property=\"og:image:width\" content=\"1838\" \/>\n\t<meta property=\"og:image:height\" content=\"1374\" \/>\n\t<meta property=\"og:image:type\" content=\"image\/jpeg\" \/>\n<meta name=\"author\" content=\"admin\" \/>\n<meta name=\"twitter:card\" content=\"summary_large_image\" \/>\n<meta name=\"twitter:label1\" content=\"Escrito por\" \/>\n\t<meta name=\"twitter:data1\" content=\"admin\" \/>\n\t<meta name=\"twitter:label2\" content=\"Tiempo de lectura\" \/>\n\t<meta name=\"twitter:data2\" content=\"4 minutos\" \/>\n<script type=\"application\/ld+json\" class=\"yoast-schema-graph\">{\"@context\":\"https:\\\/\\\/schema.org\",\"@graph\":[{\"@type\":\"Article\",\"@id\":\"https:\\\/\\\/magyarpenclub.hu\\\/es\\\/2020\\\/12\\\/17\\\/albatros-avestruz-cisne\\\/#article\",\"isPartOf\":{\"@id\":\"https:\\\/\\\/magyarpenclub.hu\\\/es\\\/2020\\\/12\\\/17\\\/albatros-avestruz-cisne\\\/\"},\"author\":{\"name\":\"admin\",\"@id\":\"https:\\\/\\\/magyarpenclub.hu\\\/es\\\/#\\\/schema\\\/person\\\/9d0e9bdcfa14a17e3af44ee46f4f047e\"},\"headline\":\"Albatros, avestruz, cisne&#8230;\",\"datePublished\":\"2020-12-17T19:23:00+00:00\",\"dateModified\":\"2024-02-14T01:50:59+00:00\",\"mainEntityOfPage\":{\"@id\":\"https:\\\/\\\/magyarpenclub.hu\\\/es\\\/2020\\\/12\\\/17\\\/albatros-avestruz-cisne\\\/\"},\"wordCount\":833,\"publisher\":{\"@id\":\"https:\\\/\\\/magyarpenclub.hu\\\/es\\\/#organization\"},\"image\":{\"@id\":\"https:\\\/\\\/magyarpenclub.hu\\\/es\\\/2020\\\/12\\\/17\\\/albatros-avestruz-cisne\\\/#primaryimage\"},\"thumbnailUrl\":\"https:\\\/\\\/magyarpenclub.hu\\\/wp-content\\\/uploads\\\/2022\\\/05\\\/szocs-geza.jpg\",\"articleSection\":[\"In memoriam\"],\"inLanguage\":\"es\"},{\"@type\":\"WebPage\",\"@id\":\"https:\\\/\\\/magyarpenclub.hu\\\/es\\\/2020\\\/12\\\/17\\\/albatros-avestruz-cisne\\\/\",\"url\":\"https:\\\/\\\/magyarpenclub.hu\\\/es\\\/2020\\\/12\\\/17\\\/albatros-avestruz-cisne\\\/\",\"name\":\"Albatros, avestruz, cisne... - Magyar PEN Club\",\"isPartOf\":{\"@id\":\"https:\\\/\\\/magyarpenclub.hu\\\/es\\\/#website\"},\"primaryImageOfPage\":{\"@id\":\"https:\\\/\\\/magyarpenclub.hu\\\/es\\\/2020\\\/12\\\/17\\\/albatros-avestruz-cisne\\\/#primaryimage\"},\"image\":{\"@id\":\"https:\\\/\\\/magyarpenclub.hu\\\/es\\\/2020\\\/12\\\/17\\\/albatros-avestruz-cisne\\\/#primaryimage\"},\"thumbnailUrl\":\"https:\\\/\\\/magyarpenclub.hu\\\/wp-content\\\/uploads\\\/2022\\\/05\\\/szocs-geza.jpg\",\"datePublished\":\"2020-12-17T19:23:00+00:00\",\"dateModified\":\"2024-02-14T01:50:59+00:00\",\"breadcrumb\":{\"@id\":\"https:\\\/\\\/magyarpenclub.hu\\\/es\\\/2020\\\/12\\\/17\\\/albatros-avestruz-cisne\\\/#breadcrumb\"},\"inLanguage\":\"es\",\"potentialAction\":[{\"@type\":\"ReadAction\",\"target\":[\"https:\\\/\\\/magyarpenclub.hu\\\/es\\\/2020\\\/12\\\/17\\\/albatros-avestruz-cisne\\\/\"]}]},{\"@type\":\"ImageObject\",\"inLanguage\":\"es\",\"@id\":\"https:\\\/\\\/magyarpenclub.hu\\\/es\\\/2020\\\/12\\\/17\\\/albatros-avestruz-cisne\\\/#primaryimage\",\"url\":\"https:\\\/\\\/magyarpenclub.hu\\\/wp-content\\\/uploads\\\/2022\\\/05\\\/szocs-geza.jpg\",\"contentUrl\":\"https:\\\/\\\/magyarpenclub.hu\\\/wp-content\\\/uploads\\\/2022\\\/05\\\/szocs-geza.jpg\",\"width\":1838,\"height\":1374,\"caption\":\"Sz\u0151cs G\u00e9za\"},{\"@type\":\"BreadcrumbList\",\"@id\":\"https:\\\/\\\/magyarpenclub.hu\\\/es\\\/2020\\\/12\\\/17\\\/albatros-avestruz-cisne\\\/#breadcrumb\",\"itemListElement\":[{\"@type\":\"ListItem\",\"position\":1,\"name\":\"Kezd\u0151lap\",\"item\":\"https:\\\/\\\/magyarpenclub.hu\\\/es\\\/\"},{\"@type\":\"ListItem\",\"position\":2,\"name\":\"Albatros, avestruz, cisne&#8230;\"}]},{\"@type\":\"WebSite\",\"@id\":\"https:\\\/\\\/magyarpenclub.hu\\\/es\\\/#website\",\"url\":\"https:\\\/\\\/magyarpenclub.hu\\\/es\\\/\",\"name\":\"Magyar PEN Club\",\"description\":\"H\u00edrek, k\u00f6zlem\u00e9nyek, \u00edr\u00e1sok\",\"publisher\":{\"@id\":\"https:\\\/\\\/magyarpenclub.hu\\\/es\\\/#organization\"},\"potentialAction\":[{\"@type\":\"SearchAction\",\"target\":{\"@type\":\"EntryPoint\",\"urlTemplate\":\"https:\\\/\\\/magyarpenclub.hu\\\/es\\\/?s={search_term_string}\"},\"query-input\":{\"@type\":\"PropertyValueSpecification\",\"valueRequired\":true,\"valueName\":\"search_term_string\"}}],\"inLanguage\":\"es\"},{\"@type\":\"Organization\",\"@id\":\"https:\\\/\\\/magyarpenclub.hu\\\/es\\\/#organization\",\"name\":\"Magyar P.E.N. Club\",\"url\":\"https:\\\/\\\/magyarpenclub.hu\\\/es\\\/\",\"logo\":{\"@type\":\"ImageObject\",\"inLanguage\":\"es\",\"@id\":\"https:\\\/\\\/magyarpenclub.hu\\\/es\\\/#\\\/schema\\\/logo\\\/image\\\/\",\"url\":\"https:\\\/\\\/magyarpenclub.hu\\\/wp-content\\\/uploads\\\/2022\\\/08\\\/magyar-pen-club-logo.png\",\"contentUrl\":\"https:\\\/\\\/magyarpenclub.hu\\\/wp-content\\\/uploads\\\/2022\\\/08\\\/magyar-pen-club-logo.png\",\"width\":195,\"height\":195,\"caption\":\"Magyar P.E.N. Club\"},\"image\":{\"@id\":\"https:\\\/\\\/magyarpenclub.hu\\\/es\\\/#\\\/schema\\\/logo\\\/image\\\/\"},\"sameAs\":[\"https:\\\/\\\/www.facebook.com\\\/magyarpenclub\",\"https:\\\/\\\/www.youtube.com\\\/channel\\\/UC8bw1YALHZZJCJ-7bqvlR6Q\"]},{\"@type\":\"Person\",\"@id\":\"https:\\\/\\\/magyarpenclub.hu\\\/es\\\/#\\\/schema\\\/person\\\/9d0e9bdcfa14a17e3af44ee46f4f047e\",\"name\":\"admin\",\"image\":{\"@type\":\"ImageObject\",\"inLanguage\":\"es\",\"@id\":\"https:\\\/\\\/secure.gravatar.com\\\/avatar\\\/56608a5ae1d60c555b558b0cda110391ad52d81e37b79808b2f59eaf60ba9e43?s=96&d=mm&r=g\",\"url\":\"https:\\\/\\\/secure.gravatar.com\\\/avatar\\\/56608a5ae1d60c555b558b0cda110391ad52d81e37b79808b2f59eaf60ba9e43?s=96&d=mm&r=g\",\"contentUrl\":\"https:\\\/\\\/secure.gravatar.com\\\/avatar\\\/56608a5ae1d60c555b558b0cda110391ad52d81e37b79808b2f59eaf60ba9e43?s=96&d=mm&r=g\",\"caption\":\"admin\"},\"sameAs\":[\"https:\\\/\\\/magyarpenclub.hu\"],\"url\":\"https:\\\/\\\/magyarpenclub.hu\\\/es\\\/author\\\/admin\\\/\"}]}<\/script>\n<!-- \/ Yoast SEO plugin. -->","yoast_head_json":{"title":"Albatros, avestruz, cisne... - Magyar PEN Club","robots":{"index":"index","follow":"follow","max-snippet":"max-snippet:-1","max-image-preview":"max-image-preview:large","max-video-preview":"max-video-preview:-1"},"canonical":"https:\/\/magyarpenclub.hu\/es\/2020\/12\/17\/albatros-avestruz-cisne\/","og_locale":"es_ES","og_type":"article","og_title":"Albatros, avestruz, cisne... - Magyar PEN Club","og_description":"G\u00e9za Sz\u0151cs nos ha dejado. A partir de hoy, el sol saldr\u00e1 de otra manera y nada ser\u00e1 igual. Podr\u00edamos enumerar, como se hace en una necrol\u00f3gica, sus t\u00edtulos, sus condecoraciones, su rango, su estatus... pero quienes le conocieron, m\u00e1s all\u00e1 de ser conscientes de todo ello, saben que se ha producido una tragedia mucho mayor.","og_url":"https:\/\/magyarpenclub.hu\/es\/2020\/12\/17\/albatros-avestruz-cisne\/","og_site_name":"Magyar PEN Club","article_publisher":"https:\/\/www.facebook.com\/magyarpenclub","article_published_time":"2020-12-17T19:23:00+00:00","article_modified_time":"2024-02-14T01:50:59+00:00","og_image":[{"width":1838,"height":1374,"url":"https:\/\/magyarpenclub.hu\/wp-content\/uploads\/2022\/05\/szocs-geza.jpg","type":"image\/jpeg"}],"author":"admin","twitter_card":"summary_large_image","twitter_misc":{"Escrito por":"admin","Tiempo de lectura":"4 minutos"},"schema":{"@context":"https:\/\/schema.org","@graph":[{"@type":"Article","@id":"https:\/\/magyarpenclub.hu\/es\/2020\/12\/17\/albatros-avestruz-cisne\/#article","isPartOf":{"@id":"https:\/\/magyarpenclub.hu\/es\/2020\/12\/17\/albatros-avestruz-cisne\/"},"author":{"name":"admin","@id":"https:\/\/magyarpenclub.hu\/es\/#\/schema\/person\/9d0e9bdcfa14a17e3af44ee46f4f047e"},"headline":"Albatros, avestruz, cisne&#8230;","datePublished":"2020-12-17T19:23:00+00:00","dateModified":"2024-02-14T01:50:59+00:00","mainEntityOfPage":{"@id":"https:\/\/magyarpenclub.hu\/es\/2020\/12\/17\/albatros-avestruz-cisne\/"},"wordCount":833,"publisher":{"@id":"https:\/\/magyarpenclub.hu\/es\/#organization"},"image":{"@id":"https:\/\/magyarpenclub.hu\/es\/2020\/12\/17\/albatros-avestruz-cisne\/#primaryimage"},"thumbnailUrl":"https:\/\/magyarpenclub.hu\/wp-content\/uploads\/2022\/05\/szocs-geza.jpg","articleSection":["In memoriam"],"inLanguage":"es"},{"@type":"WebPage","@id":"https:\/\/magyarpenclub.hu\/es\/2020\/12\/17\/albatros-avestruz-cisne\/","url":"https:\/\/magyarpenclub.hu\/es\/2020\/12\/17\/albatros-avestruz-cisne\/","name":"Albatros, avestruz, cisne... - Magyar PEN Club","isPartOf":{"@id":"https:\/\/magyarpenclub.hu\/es\/#website"},"primaryImageOfPage":{"@id":"https:\/\/magyarpenclub.hu\/es\/2020\/12\/17\/albatros-avestruz-cisne\/#primaryimage"},"image":{"@id":"https:\/\/magyarpenclub.hu\/es\/2020\/12\/17\/albatros-avestruz-cisne\/#primaryimage"},"thumbnailUrl":"https:\/\/magyarpenclub.hu\/wp-content\/uploads\/2022\/05\/szocs-geza.jpg","datePublished":"2020-12-17T19:23:00+00:00","dateModified":"2024-02-14T01:50:59+00:00","breadcrumb":{"@id":"https:\/\/magyarpenclub.hu\/es\/2020\/12\/17\/albatros-avestruz-cisne\/#breadcrumb"},"inLanguage":"es","potentialAction":[{"@type":"ReadAction","target":["https:\/\/magyarpenclub.hu\/es\/2020\/12\/17\/albatros-avestruz-cisne\/"]}]},{"@type":"ImageObject","inLanguage":"es","@id":"https:\/\/magyarpenclub.hu\/es\/2020\/12\/17\/albatros-avestruz-cisne\/#primaryimage","url":"https:\/\/magyarpenclub.hu\/wp-content\/uploads\/2022\/05\/szocs-geza.jpg","contentUrl":"https:\/\/magyarpenclub.hu\/wp-content\/uploads\/2022\/05\/szocs-geza.jpg","width":1838,"height":1374,"caption":"Sz\u0151cs G\u00e9za"},{"@type":"BreadcrumbList","@id":"https:\/\/magyarpenclub.hu\/es\/2020\/12\/17\/albatros-avestruz-cisne\/#breadcrumb","itemListElement":[{"@type":"ListItem","position":1,"name":"Kezd\u0151lap","item":"https:\/\/magyarpenclub.hu\/es\/"},{"@type":"ListItem","position":2,"name":"Albatros, avestruz, cisne&#8230;"}]},{"@type":"WebSite","@id":"https:\/\/magyarpenclub.hu\/es\/#website","url":"https:\/\/magyarpenclub.hu\/es\/","name":"Magyar PEN Club","description":"H\u00edrek, k\u00f6zlem\u00e9nyek, \u00edr\u00e1sok","publisher":{"@id":"https:\/\/magyarpenclub.hu\/es\/#organization"},"potentialAction":[{"@type":"SearchAction","target":{"@type":"EntryPoint","urlTemplate":"https:\/\/magyarpenclub.hu\/es\/?s={search_term_string}"},"query-input":{"@type":"PropertyValueSpecification","valueRequired":true,"valueName":"search_term_string"}}],"inLanguage":"es"},{"@type":"Organization","@id":"https:\/\/magyarpenclub.hu\/es\/#organization","name":"Magyar P.E.N. Club","url":"https:\/\/magyarpenclub.hu\/es\/","logo":{"@type":"ImageObject","inLanguage":"es","@id":"https:\/\/magyarpenclub.hu\/es\/#\/schema\/logo\/image\/","url":"https:\/\/magyarpenclub.hu\/wp-content\/uploads\/2022\/08\/magyar-pen-club-logo.png","contentUrl":"https:\/\/magyarpenclub.hu\/wp-content\/uploads\/2022\/08\/magyar-pen-club-logo.png","width":195,"height":195,"caption":"Magyar P.E.N. Club"},"image":{"@id":"https:\/\/magyarpenclub.hu\/es\/#\/schema\/logo\/image\/"},"sameAs":["https:\/\/www.facebook.com\/magyarpenclub","https:\/\/www.youtube.com\/channel\/UC8bw1YALHZZJCJ-7bqvlR6Q"]},{"@type":"Person","@id":"https:\/\/magyarpenclub.hu\/es\/#\/schema\/person\/9d0e9bdcfa14a17e3af44ee46f4f047e","name":"admin","image":{"@type":"ImageObject","inLanguage":"es","@id":"https:\/\/secure.gravatar.com\/avatar\/56608a5ae1d60c555b558b0cda110391ad52d81e37b79808b2f59eaf60ba9e43?s=96&d=mm&r=g","url":"https:\/\/secure.gravatar.com\/avatar\/56608a5ae1d60c555b558b0cda110391ad52d81e37b79808b2f59eaf60ba9e43?s=96&d=mm&r=g","contentUrl":"https:\/\/secure.gravatar.com\/avatar\/56608a5ae1d60c555b558b0cda110391ad52d81e37b79808b2f59eaf60ba9e43?s=96&d=mm&r=g","caption":"admin"},"sameAs":["https:\/\/magyarpenclub.hu"],"url":"https:\/\/magyarpenclub.hu\/es\/author\/admin\/"}]}},"_links":{"self":[{"href":"https:\/\/magyarpenclub.hu\/es\/wp-json\/wp\/v2\/posts\/8266","targetHints":{"allow":["GET"]}}],"collection":[{"href":"https:\/\/magyarpenclub.hu\/es\/wp-json\/wp\/v2\/posts"}],"about":[{"href":"https:\/\/magyarpenclub.hu\/es\/wp-json\/wp\/v2\/types\/post"}],"author":[{"embeddable":true,"href":"https:\/\/magyarpenclub.hu\/es\/wp-json\/wp\/v2\/users\/1"}],"replies":[{"embeddable":true,"href":"https:\/\/magyarpenclub.hu\/es\/wp-json\/wp\/v2\/comments?post=8266"}],"version-history":[{"count":0,"href":"https:\/\/magyarpenclub.hu\/es\/wp-json\/wp\/v2\/posts\/8266\/revisions"}],"wp:featuredmedia":[{"embeddable":true,"href":"https:\/\/magyarpenclub.hu\/es\/wp-json\/wp\/v2\/media\/8268"}],"wp:attachment":[{"href":"https:\/\/magyarpenclub.hu\/es\/wp-json\/wp\/v2\/media?parent=8266"}],"wp:term":[{"taxonomy":"category","embeddable":true,"href":"https:\/\/magyarpenclub.hu\/es\/wp-json\/wp\/v2\/categories?post=8266"},{"taxonomy":"post_tag","embeddable":true,"href":"https:\/\/magyarpenclub.hu\/es\/wp-json\/wp\/v2\/tags?post=8266"}],"curies":[{"name":"wp","href":"https:\/\/api.w.org\/{rel}","templated":true}]}}