{"id":8284,"date":"2020-01-19T06:13:00","date_gmt":"2020-01-19T06:13:00","guid":{"rendered":"https:\/\/magyarpenclub.hu\/2020\/01\/19\/fallecimiento-de-adam-makkai\/"},"modified":"2024-02-14T01:51:00","modified_gmt":"2024-02-14T01:51:00","slug":"fallecimiento-de-adam-makkai","status":"publish","type":"post","link":"https:\/\/magyarpenclub.hu\/es\/2020\/01\/19\/fallecimiento-de-adam-makkai\/","title":{"rendered":"Fallecimiento de \u00c1d\u00e1m Makkai"},"content":{"rendered":"\t\t<div data-elementor-type=\"wp-post\" data-elementor-id=\"8284\" class=\"elementor elementor-8284 elementor-3871\" data-elementor-post-type=\"post\">\n\t\t\t\t\t\t<section class=\"elementor-section elementor-top-section elementor-element elementor-element-02137d0 elementor-section-boxed elementor-section-height-default elementor-section-height-default\" data-id=\"02137d0\" data-element_type=\"section\" data-e-type=\"section\">\n\t\t\t\t\t\t<div class=\"elementor-container elementor-column-gap-wide\">\n\t\t\t\t\t<div class=\"elementor-column elementor-col-100 elementor-top-column elementor-element elementor-element-d1519bd\" data-id=\"d1519bd\" data-element_type=\"column\" data-e-type=\"column\">\n\t\t\t<div class=\"elementor-widget-wrap elementor-element-populated\">\n\t\t\t\t\t\t<div class=\"elementor-element elementor-element-816ab7d elementor-widget elementor-widget-text-editor\" data-id=\"816ab7d\" data-element_type=\"widget\" data-e-type=\"widget\" data-widget_type=\"text-editor.default\">\n\t\t\t\t<div class=\"elementor-widget-container\">\n\t\t\t\t\t\t\t\t\t<p>\u00c1d\u00e1m Makkai era un profesor jubilado de la Universidad de Illinois en Chicago que hizo mucho por promover el reconocimiento internacional de la literatura h\u00fangara. La MMA considera a \u00c1d\u00e1m Makkai como su propio muerto.<\/p>\n<p>\u00c1d\u00e1m Makkai 1935. naci\u00f3 el 16 de diciembre de 1996 en Budapest. Su padre, J\u00e1nos Makkai, era diputado y periodista, y su madre, R\u00f3zsa Ign\u00e1cz, era escritora. Comenz\u00f3 sus estudios de Humanidades en el ELTE de Budapest y, tras abandonar el pa\u00eds en 1956, continu\u00f3 sus estudios en Harvard y Yale, en Estados Unidos. De 1958 a 1960 ense\u00f1\u00f3 en la Universidad de Hawai, de 1963 a 1964 en la Universidad de Kuala Lumpur y de 1965 a 1974 en varias universidades estadounidenses. De 1969 a 2004 fue profesor asociado en la Universidad de Illinois, pero ense\u00f1\u00f3 ling\u00fc\u00edstica en Singapur de 1985 a 1986 y en el Baptist College de Hong Kong de 1988 a 2002.<\/p>\n\t\t\t\t\t\t\t\t<\/div>\n\t\t\t\t<\/div>\n\t\t\t\t\t<\/div>\n\t\t<\/div>\n\t\t\t\t\t<\/div>\n\t\t<\/section>\n\t\t\t\t<section class=\"elementor-section elementor-top-section elementor-element elementor-element-ea53db7 elementor-section-boxed elementor-section-height-default elementor-section-height-default\" data-id=\"ea53db7\" data-element_type=\"section\" data-e-type=\"section\">\n\t\t\t\t\t\t<div class=\"elementor-container elementor-column-gap-wide\">\n\t\t\t\t\t<div class=\"elementor-column elementor-col-100 elementor-top-column elementor-element elementor-element-ae0c3f3\" data-id=\"ae0c3f3\" data-element_type=\"column\" data-e-type=\"column\">\n\t\t\t<div class=\"elementor-widget-wrap elementor-element-populated\">\n\t\t\t\t\t\t<div class=\"elementor-element elementor-element-6ad57c6 elementor-widget elementor-widget-image\" data-id=\"6ad57c6\" data-element_type=\"widget\" data-e-type=\"widget\" data-widget_type=\"image.default\">\n\t\t\t\t<div class=\"elementor-widget-container\">\n\t\t\t\t\t\t\t\t\t\t\t\t<figure class=\"wp-caption\">\n\t\t\t\t\t\t\t\t\t\t<img decoding=\"async\" width=\"800\" height=\"650\" src=\"https:\/\/magyarpenclub.hu\/wp-content\/uploads\/2022\/05\/makkai-adam-1024x832.jpg\" class=\"attachment-large size-large wp-image-8286\" alt=\"\" srcset=\"https:\/\/magyarpenclub.hu\/wp-content\/uploads\/2022\/05\/makkai-adam-1024x832.jpg 1024w, https:\/\/magyarpenclub.hu\/wp-content\/uploads\/2022\/05\/makkai-adam-1000x812.jpg 1000w, https:\/\/magyarpenclub.hu\/wp-content\/uploads\/2022\/05\/makkai-adam-300x244.jpg 300w, https:\/\/magyarpenclub.hu\/wp-content\/uploads\/2022\/05\/makkai-adam-768x624.jpg 768w, https:\/\/magyarpenclub.hu\/wp-content\/uploads\/2022\/05\/makkai-adam-1536x1247.jpg 1536w, https:\/\/magyarpenclub.hu\/wp-content\/uploads\/2022\/05\/makkai-adam-scaled.jpg 2048w\" sizes=\"(max-width: 800px) 100vw, 800px\" \/>\t\t\t\t\t\t\t\t\t\t\t<figcaption class=\"widget-image-caption wp-caption-text\">K\u00e9p\u00fcnk a 2015-\u00f6s d\u00edj\u00e1tad\u00f3n k\u00e9sz\u00fclt. Makkai \u00c1d\u00e1m \u00e9s Giseppe Conte az OSZK-ban.<\/figcaption>\n\t\t\t\t\t\t\t\t\t\t<\/figure>\n\t\t\t\t\t\t\t\t\t<\/div>\n\t\t\t\t<\/div>\n\t\t\t\t\t<\/div>\n\t\t<\/div>\n\t\t\t\t\t<\/div>\n\t\t<\/section>\n\t\t\t\t<section class=\"elementor-section elementor-top-section elementor-element elementor-element-bc63d61 elementor-section-boxed elementor-section-height-default elementor-section-height-default\" data-id=\"bc63d61\" data-element_type=\"section\" data-e-type=\"section\">\n\t\t\t\t\t\t<div class=\"elementor-container elementor-column-gap-wide\">\n\t\t\t\t\t<div class=\"elementor-column elementor-col-100 elementor-top-column elementor-element elementor-element-ba24159\" data-id=\"ba24159\" data-element_type=\"column\" data-e-type=\"column\">\n\t\t\t<div class=\"elementor-widget-wrap elementor-element-populated\">\n\t\t\t\t\t\t<div class=\"elementor-element elementor-element-dbacf7b elementor-widget elementor-widget-text-editor\" data-id=\"dbacf7b\" data-element_type=\"widget\" data-e-type=\"widget\" data-widget_type=\"text-editor.default\">\n\t\t\t\t<div class=\"elementor-widget-container\">\n\t\t\t\t\t\t\t\t\t<p>En 1974 fund\u00f3 la Asociaci\u00f3n Americana de Ling\u00fcistas, de la que tambi\u00e9n fue Presidente Ejecutivo. Tambi\u00e9n es fundador de la revista Forum Linguisticum, y su antolog\u00eda de poetas h\u00fangaros en ingl\u00e9s es una obra de importancia hist\u00f3rico-cultural. Su tesis de 1965 sobre la estructura idiom\u00e1tica de la lengua inglesa fue publicada en forma de libro en 1972 por Mouton en La Haya. En 1995 fund\u00f3 Atlantis-Centaur en Chicago.<\/p>\n<p>Escribi\u00f3 poemas metaf\u00edsicos e ir\u00f3nicos. Sus vol\u00famenes m\u00e1s importantes son Sed y vinagre (1966), K=13 (1970), El ojo de J\u00fapiter (1991), Cantio Nocturna Peregrini Aviumque (1996), \u00a1Se\u00f1or Dios! \u00a1D\u00e9jame morir! (2002), La fuerza (2003), Jes\u00fas y la oraci\u00f3n de los demonios (2005). Los mil poemas m\u00e1s bellos (2002) es una selecci\u00f3n de ocho siglos de poes\u00eda. Su Cantio Nocturna Peregrini Aviumque, que se expuso en la Feria de Fr\u00e1ncfort de 1999 con el apoyo del Estado h\u00fangaro, contiene 12 variaciones en ocho idiomas sobre el poema de Goethe A similar poem, que es un ap\u00e9ndice de su poema A Wanderer&#8217;s Night Song.<\/p>\n<p>En 2002 se present\u00f3 en Budapest su antolog\u00eda de poemas de mil p\u00e1ginas, Los mil poemas m\u00e1s bellos de ocho siglos de poes\u00eda, recomendada tambi\u00e9n como libro de texto, ya que la recopilaci\u00f3n incluye adem\u00e1s breves biograf\u00edas de los poetas.<\/p>\n<p>\u00c1d\u00e1m Makkai recibi\u00f3 en 2011 el Premio Kossuth por su labor como traductor literario, por sus poemas escritos con una extraordinaria cultura formal y un ingenio ling\u00fc\u00edstico sin parang\u00f3n, en reconocimiento a su trayectoria. En 2016 se le concedi\u00f3 el Gran Premio Kossuth en reconocimiento a sus apreciadas traducciones de poes\u00eda h\u00fangara, su estilo e invenci\u00f3n \u00fanicos, su excepcional carrera art\u00edstica y su vida p\u00fablica docente y acad\u00e9mica creadora de valores. En 2015, la Fundaci\u00f3n Janus Pannonius le concedi\u00f3 el Gran Premio Internacional Janus Pannonius a la Trayectoria Literaria, y en 2016 recibi\u00f3 la Orden de San Esteban de Hungr\u00eda. En 2019 fue elegido miembro de n\u00famero de la Academia H\u00fangara de las Artes (MMA).<\/p>\n<\/p>\n<p><em>(despu\u00e9s de Magyar Nemzet)<\/em><\/p>\n\t\t\t\t\t\t\t\t<\/div>\n\t\t\t\t<\/div>\n\t\t\t\t\t<\/div>\n\t\t<\/div>\n\t\t\t\t\t<\/div>\n\t\t<\/section>\n\t\t\t\t<\/div>\n\t\t","protected":false},"excerpt":{"rendered":"<p>\u00c1d\u00e1m Makkai era un profesor jubilado de la Universidad de Illinois en Chicago que hizo mucho por promover el reconocimiento internacional de la literatura h\u00fangara. La MMA considera a \u00c1d\u00e1m Makkai como su propio muerto.<\/p>\n","protected":false},"author":1,"featured_media":8286,"comment_status":"closed","ping_status":"open","sticky":false,"template":"","format":"standard","meta":{"_acf_changed":false,"footnotes":""},"categories":[486],"tags":[],"class_list":["post-8284","post","type-post","status-publish","format-standard","has-post-thumbnail","hentry","category-in-memoriam-es"],"acf":[],"yoast_head":"<!-- This site is optimized with the Yoast SEO plugin v27.5 - https:\/\/yoast.com\/product\/yoast-seo-wordpress\/ -->\n<title>Fallecimiento de \u00c1d\u00e1m Makkai - Magyar PEN Club<\/title>\n<meta name=\"robots\" content=\"index, follow, max-snippet:-1, max-image-preview:large, max-video-preview:-1\" \/>\n<link rel=\"canonical\" href=\"https:\/\/magyarpenclub.hu\/es\/2020\/01\/19\/fallecimiento-de-adam-makkai\/\" \/>\n<meta property=\"og:locale\" content=\"es_ES\" \/>\n<meta property=\"og:type\" content=\"article\" \/>\n<meta property=\"og:title\" content=\"Fallecimiento de \u00c1d\u00e1m Makkai - Magyar PEN Club\" \/>\n<meta property=\"og:description\" content=\"\u00c1d\u00e1m Makkai era un profesor jubilado de la Universidad de Illinois en Chicago que hizo mucho por promover el reconocimiento internacional de la literatura h\u00fangara. La MMA considera a \u00c1d\u00e1m Makkai como su propio muerto.\" \/>\n<meta property=\"og:url\" content=\"https:\/\/magyarpenclub.hu\/es\/2020\/01\/19\/fallecimiento-de-adam-makkai\/\" \/>\n<meta property=\"og:site_name\" content=\"Magyar PEN Club\" \/>\n<meta property=\"article:publisher\" content=\"https:\/\/www.facebook.com\/magyarpenclub\" \/>\n<meta property=\"article:published_time\" content=\"2020-01-19T06:13:00+00:00\" \/>\n<meta property=\"article:modified_time\" content=\"2024-02-14T01:51:00+00:00\" \/>\n<meta property=\"og:image\" content=\"https:\/\/magyarpenclub.hu\/wp-content\/uploads\/2022\/05\/makkai-adam-scaled.jpg\" \/>\n\t<meta property=\"og:image:width\" content=\"2560\" \/>\n\t<meta property=\"og:image:height\" content=\"2079\" \/>\n\t<meta property=\"og:image:type\" content=\"image\/jpeg\" \/>\n<meta name=\"author\" content=\"admin\" \/>\n<meta name=\"twitter:card\" content=\"summary_large_image\" \/>\n<meta name=\"twitter:label1\" content=\"Escrito por\" \/>\n\t<meta name=\"twitter:data1\" content=\"admin\" \/>\n\t<meta name=\"twitter:label2\" content=\"Tiempo de lectura\" \/>\n\t<meta name=\"twitter:data2\" content=\"3 minutos\" \/>\n<script type=\"application\/ld+json\" class=\"yoast-schema-graph\">{\"@context\":\"https:\\\/\\\/schema.org\",\"@graph\":[{\"@type\":\"Article\",\"@id\":\"https:\\\/\\\/magyarpenclub.hu\\\/es\\\/2020\\\/01\\\/19\\\/fallecimiento-de-adam-makkai\\\/#article\",\"isPartOf\":{\"@id\":\"https:\\\/\\\/magyarpenclub.hu\\\/es\\\/2020\\\/01\\\/19\\\/fallecimiento-de-adam-makkai\\\/\"},\"author\":{\"name\":\"admin\",\"@id\":\"https:\\\/\\\/magyarpenclub.hu\\\/es\\\/#\\\/schema\\\/person\\\/9d0e9bdcfa14a17e3af44ee46f4f047e\"},\"headline\":\"Fallecimiento de \u00c1d\u00e1m Makkai\",\"datePublished\":\"2020-01-19T06:13:00+00:00\",\"dateModified\":\"2024-02-14T01:51:00+00:00\",\"mainEntityOfPage\":{\"@id\":\"https:\\\/\\\/magyarpenclub.hu\\\/es\\\/2020\\\/01\\\/19\\\/fallecimiento-de-adam-makkai\\\/\"},\"wordCount\":526,\"publisher\":{\"@id\":\"https:\\\/\\\/magyarpenclub.hu\\\/es\\\/#organization\"},\"image\":{\"@id\":\"https:\\\/\\\/magyarpenclub.hu\\\/es\\\/2020\\\/01\\\/19\\\/fallecimiento-de-adam-makkai\\\/#primaryimage\"},\"thumbnailUrl\":\"https:\\\/\\\/magyarpenclub.hu\\\/wp-content\\\/uploads\\\/2022\\\/05\\\/makkai-adam-scaled.jpg\",\"articleSection\":[\"In memoriam\"],\"inLanguage\":\"es\"},{\"@type\":\"WebPage\",\"@id\":\"https:\\\/\\\/magyarpenclub.hu\\\/es\\\/2020\\\/01\\\/19\\\/fallecimiento-de-adam-makkai\\\/\",\"url\":\"https:\\\/\\\/magyarpenclub.hu\\\/es\\\/2020\\\/01\\\/19\\\/fallecimiento-de-adam-makkai\\\/\",\"name\":\"Fallecimiento de \u00c1d\u00e1m Makkai - Magyar PEN Club\",\"isPartOf\":{\"@id\":\"https:\\\/\\\/magyarpenclub.hu\\\/es\\\/#website\"},\"primaryImageOfPage\":{\"@id\":\"https:\\\/\\\/magyarpenclub.hu\\\/es\\\/2020\\\/01\\\/19\\\/fallecimiento-de-adam-makkai\\\/#primaryimage\"},\"image\":{\"@id\":\"https:\\\/\\\/magyarpenclub.hu\\\/es\\\/2020\\\/01\\\/19\\\/fallecimiento-de-adam-makkai\\\/#primaryimage\"},\"thumbnailUrl\":\"https:\\\/\\\/magyarpenclub.hu\\\/wp-content\\\/uploads\\\/2022\\\/05\\\/makkai-adam-scaled.jpg\",\"datePublished\":\"2020-01-19T06:13:00+00:00\",\"dateModified\":\"2024-02-14T01:51:00+00:00\",\"breadcrumb\":{\"@id\":\"https:\\\/\\\/magyarpenclub.hu\\\/es\\\/2020\\\/01\\\/19\\\/fallecimiento-de-adam-makkai\\\/#breadcrumb\"},\"inLanguage\":\"es\",\"potentialAction\":[{\"@type\":\"ReadAction\",\"target\":[\"https:\\\/\\\/magyarpenclub.hu\\\/es\\\/2020\\\/01\\\/19\\\/fallecimiento-de-adam-makkai\\\/\"]}]},{\"@type\":\"ImageObject\",\"inLanguage\":\"es\",\"@id\":\"https:\\\/\\\/magyarpenclub.hu\\\/es\\\/2020\\\/01\\\/19\\\/fallecimiento-de-adam-makkai\\\/#primaryimage\",\"url\":\"https:\\\/\\\/magyarpenclub.hu\\\/wp-content\\\/uploads\\\/2022\\\/05\\\/makkai-adam-scaled.jpg\",\"contentUrl\":\"https:\\\/\\\/magyarpenclub.hu\\\/wp-content\\\/uploads\\\/2022\\\/05\\\/makkai-adam-scaled.jpg\",\"width\":2048,\"height\":1663,\"caption\":\"K\u00e9p\u00fcnk a 2015-\u00f6s d\u00edj\u00e1tad\u00f3n k\u00e9sz\u00fclt. Makkai \u00c1d\u00e1m \u00e9s Giseppe Conte az OSZK-ban.\"},{\"@type\":\"BreadcrumbList\",\"@id\":\"https:\\\/\\\/magyarpenclub.hu\\\/es\\\/2020\\\/01\\\/19\\\/fallecimiento-de-adam-makkai\\\/#breadcrumb\",\"itemListElement\":[{\"@type\":\"ListItem\",\"position\":1,\"name\":\"Kezd\u0151lap\",\"item\":\"https:\\\/\\\/magyarpenclub.hu\\\/es\\\/\"},{\"@type\":\"ListItem\",\"position\":2,\"name\":\"Fallecimiento de \u00c1d\u00e1m Makkai\"}]},{\"@type\":\"WebSite\",\"@id\":\"https:\\\/\\\/magyarpenclub.hu\\\/es\\\/#website\",\"url\":\"https:\\\/\\\/magyarpenclub.hu\\\/es\\\/\",\"name\":\"Magyar PEN Club\",\"description\":\"H\u00edrek, k\u00f6zlem\u00e9nyek, \u00edr\u00e1sok\",\"publisher\":{\"@id\":\"https:\\\/\\\/magyarpenclub.hu\\\/es\\\/#organization\"},\"potentialAction\":[{\"@type\":\"SearchAction\",\"target\":{\"@type\":\"EntryPoint\",\"urlTemplate\":\"https:\\\/\\\/magyarpenclub.hu\\\/es\\\/?s={search_term_string}\"},\"query-input\":{\"@type\":\"PropertyValueSpecification\",\"valueRequired\":true,\"valueName\":\"search_term_string\"}}],\"inLanguage\":\"es\"},{\"@type\":\"Organization\",\"@id\":\"https:\\\/\\\/magyarpenclub.hu\\\/es\\\/#organization\",\"name\":\"Magyar P.E.N. Club\",\"url\":\"https:\\\/\\\/magyarpenclub.hu\\\/es\\\/\",\"logo\":{\"@type\":\"ImageObject\",\"inLanguage\":\"es\",\"@id\":\"https:\\\/\\\/magyarpenclub.hu\\\/es\\\/#\\\/schema\\\/logo\\\/image\\\/\",\"url\":\"https:\\\/\\\/magyarpenclub.hu\\\/wp-content\\\/uploads\\\/2022\\\/08\\\/magyar-pen-club-logo.png\",\"contentUrl\":\"https:\\\/\\\/magyarpenclub.hu\\\/wp-content\\\/uploads\\\/2022\\\/08\\\/magyar-pen-club-logo.png\",\"width\":195,\"height\":195,\"caption\":\"Magyar P.E.N. Club\"},\"image\":{\"@id\":\"https:\\\/\\\/magyarpenclub.hu\\\/es\\\/#\\\/schema\\\/logo\\\/image\\\/\"},\"sameAs\":[\"https:\\\/\\\/www.facebook.com\\\/magyarpenclub\",\"https:\\\/\\\/www.youtube.com\\\/channel\\\/UC8bw1YALHZZJCJ-7bqvlR6Q\"]},{\"@type\":\"Person\",\"@id\":\"https:\\\/\\\/magyarpenclub.hu\\\/es\\\/#\\\/schema\\\/person\\\/9d0e9bdcfa14a17e3af44ee46f4f047e\",\"name\":\"admin\",\"image\":{\"@type\":\"ImageObject\",\"inLanguage\":\"es\",\"@id\":\"https:\\\/\\\/secure.gravatar.com\\\/avatar\\\/56608a5ae1d60c555b558b0cda110391ad52d81e37b79808b2f59eaf60ba9e43?s=96&d=mm&r=g\",\"url\":\"https:\\\/\\\/secure.gravatar.com\\\/avatar\\\/56608a5ae1d60c555b558b0cda110391ad52d81e37b79808b2f59eaf60ba9e43?s=96&d=mm&r=g\",\"contentUrl\":\"https:\\\/\\\/secure.gravatar.com\\\/avatar\\\/56608a5ae1d60c555b558b0cda110391ad52d81e37b79808b2f59eaf60ba9e43?s=96&d=mm&r=g\",\"caption\":\"admin\"},\"sameAs\":[\"https:\\\/\\\/magyarpenclub.hu\"],\"url\":\"https:\\\/\\\/magyarpenclub.hu\\\/es\\\/author\\\/admin\\\/\"}]}<\/script>\n<!-- \/ Yoast SEO plugin. -->","yoast_head_json":{"title":"Fallecimiento de \u00c1d\u00e1m Makkai - Magyar PEN Club","robots":{"index":"index","follow":"follow","max-snippet":"max-snippet:-1","max-image-preview":"max-image-preview:large","max-video-preview":"max-video-preview:-1"},"canonical":"https:\/\/magyarpenclub.hu\/es\/2020\/01\/19\/fallecimiento-de-adam-makkai\/","og_locale":"es_ES","og_type":"article","og_title":"Fallecimiento de \u00c1d\u00e1m Makkai - Magyar PEN Club","og_description":"\u00c1d\u00e1m Makkai era un profesor jubilado de la Universidad de Illinois en Chicago que hizo mucho por promover el reconocimiento internacional de la literatura h\u00fangara. La MMA considera a \u00c1d\u00e1m Makkai como su propio muerto.","og_url":"https:\/\/magyarpenclub.hu\/es\/2020\/01\/19\/fallecimiento-de-adam-makkai\/","og_site_name":"Magyar PEN Club","article_publisher":"https:\/\/www.facebook.com\/magyarpenclub","article_published_time":"2020-01-19T06:13:00+00:00","article_modified_time":"2024-02-14T01:51:00+00:00","og_image":[{"width":2560,"height":2079,"url":"https:\/\/magyarpenclub.hu\/wp-content\/uploads\/2022\/05\/makkai-adam-scaled.jpg","type":"image\/jpeg"}],"author":"admin","twitter_card":"summary_large_image","twitter_misc":{"Escrito por":"admin","Tiempo de lectura":"3 minutos"},"schema":{"@context":"https:\/\/schema.org","@graph":[{"@type":"Article","@id":"https:\/\/magyarpenclub.hu\/es\/2020\/01\/19\/fallecimiento-de-adam-makkai\/#article","isPartOf":{"@id":"https:\/\/magyarpenclub.hu\/es\/2020\/01\/19\/fallecimiento-de-adam-makkai\/"},"author":{"name":"admin","@id":"https:\/\/magyarpenclub.hu\/es\/#\/schema\/person\/9d0e9bdcfa14a17e3af44ee46f4f047e"},"headline":"Fallecimiento de \u00c1d\u00e1m Makkai","datePublished":"2020-01-19T06:13:00+00:00","dateModified":"2024-02-14T01:51:00+00:00","mainEntityOfPage":{"@id":"https:\/\/magyarpenclub.hu\/es\/2020\/01\/19\/fallecimiento-de-adam-makkai\/"},"wordCount":526,"publisher":{"@id":"https:\/\/magyarpenclub.hu\/es\/#organization"},"image":{"@id":"https:\/\/magyarpenclub.hu\/es\/2020\/01\/19\/fallecimiento-de-adam-makkai\/#primaryimage"},"thumbnailUrl":"https:\/\/magyarpenclub.hu\/wp-content\/uploads\/2022\/05\/makkai-adam-scaled.jpg","articleSection":["In memoriam"],"inLanguage":"es"},{"@type":"WebPage","@id":"https:\/\/magyarpenclub.hu\/es\/2020\/01\/19\/fallecimiento-de-adam-makkai\/","url":"https:\/\/magyarpenclub.hu\/es\/2020\/01\/19\/fallecimiento-de-adam-makkai\/","name":"Fallecimiento de \u00c1d\u00e1m Makkai - Magyar PEN Club","isPartOf":{"@id":"https:\/\/magyarpenclub.hu\/es\/#website"},"primaryImageOfPage":{"@id":"https:\/\/magyarpenclub.hu\/es\/2020\/01\/19\/fallecimiento-de-adam-makkai\/#primaryimage"},"image":{"@id":"https:\/\/magyarpenclub.hu\/es\/2020\/01\/19\/fallecimiento-de-adam-makkai\/#primaryimage"},"thumbnailUrl":"https:\/\/magyarpenclub.hu\/wp-content\/uploads\/2022\/05\/makkai-adam-scaled.jpg","datePublished":"2020-01-19T06:13:00+00:00","dateModified":"2024-02-14T01:51:00+00:00","breadcrumb":{"@id":"https:\/\/magyarpenclub.hu\/es\/2020\/01\/19\/fallecimiento-de-adam-makkai\/#breadcrumb"},"inLanguage":"es","potentialAction":[{"@type":"ReadAction","target":["https:\/\/magyarpenclub.hu\/es\/2020\/01\/19\/fallecimiento-de-adam-makkai\/"]}]},{"@type":"ImageObject","inLanguage":"es","@id":"https:\/\/magyarpenclub.hu\/es\/2020\/01\/19\/fallecimiento-de-adam-makkai\/#primaryimage","url":"https:\/\/magyarpenclub.hu\/wp-content\/uploads\/2022\/05\/makkai-adam-scaled.jpg","contentUrl":"https:\/\/magyarpenclub.hu\/wp-content\/uploads\/2022\/05\/makkai-adam-scaled.jpg","width":2048,"height":1663,"caption":"K\u00e9p\u00fcnk a 2015-\u00f6s d\u00edj\u00e1tad\u00f3n k\u00e9sz\u00fclt. Makkai \u00c1d\u00e1m \u00e9s Giseppe Conte az OSZK-ban."},{"@type":"BreadcrumbList","@id":"https:\/\/magyarpenclub.hu\/es\/2020\/01\/19\/fallecimiento-de-adam-makkai\/#breadcrumb","itemListElement":[{"@type":"ListItem","position":1,"name":"Kezd\u0151lap","item":"https:\/\/magyarpenclub.hu\/es\/"},{"@type":"ListItem","position":2,"name":"Fallecimiento de \u00c1d\u00e1m Makkai"}]},{"@type":"WebSite","@id":"https:\/\/magyarpenclub.hu\/es\/#website","url":"https:\/\/magyarpenclub.hu\/es\/","name":"Magyar PEN Club","description":"H\u00edrek, k\u00f6zlem\u00e9nyek, \u00edr\u00e1sok","publisher":{"@id":"https:\/\/magyarpenclub.hu\/es\/#organization"},"potentialAction":[{"@type":"SearchAction","target":{"@type":"EntryPoint","urlTemplate":"https:\/\/magyarpenclub.hu\/es\/?s={search_term_string}"},"query-input":{"@type":"PropertyValueSpecification","valueRequired":true,"valueName":"search_term_string"}}],"inLanguage":"es"},{"@type":"Organization","@id":"https:\/\/magyarpenclub.hu\/es\/#organization","name":"Magyar P.E.N. Club","url":"https:\/\/magyarpenclub.hu\/es\/","logo":{"@type":"ImageObject","inLanguage":"es","@id":"https:\/\/magyarpenclub.hu\/es\/#\/schema\/logo\/image\/","url":"https:\/\/magyarpenclub.hu\/wp-content\/uploads\/2022\/08\/magyar-pen-club-logo.png","contentUrl":"https:\/\/magyarpenclub.hu\/wp-content\/uploads\/2022\/08\/magyar-pen-club-logo.png","width":195,"height":195,"caption":"Magyar P.E.N. Club"},"image":{"@id":"https:\/\/magyarpenclub.hu\/es\/#\/schema\/logo\/image\/"},"sameAs":["https:\/\/www.facebook.com\/magyarpenclub","https:\/\/www.youtube.com\/channel\/UC8bw1YALHZZJCJ-7bqvlR6Q"]},{"@type":"Person","@id":"https:\/\/magyarpenclub.hu\/es\/#\/schema\/person\/9d0e9bdcfa14a17e3af44ee46f4f047e","name":"admin","image":{"@type":"ImageObject","inLanguage":"es","@id":"https:\/\/secure.gravatar.com\/avatar\/56608a5ae1d60c555b558b0cda110391ad52d81e37b79808b2f59eaf60ba9e43?s=96&d=mm&r=g","url":"https:\/\/secure.gravatar.com\/avatar\/56608a5ae1d60c555b558b0cda110391ad52d81e37b79808b2f59eaf60ba9e43?s=96&d=mm&r=g","contentUrl":"https:\/\/secure.gravatar.com\/avatar\/56608a5ae1d60c555b558b0cda110391ad52d81e37b79808b2f59eaf60ba9e43?s=96&d=mm&r=g","caption":"admin"},"sameAs":["https:\/\/magyarpenclub.hu"],"url":"https:\/\/magyarpenclub.hu\/es\/author\/admin\/"}]}},"_links":{"self":[{"href":"https:\/\/magyarpenclub.hu\/es\/wp-json\/wp\/v2\/posts\/8284","targetHints":{"allow":["GET"]}}],"collection":[{"href":"https:\/\/magyarpenclub.hu\/es\/wp-json\/wp\/v2\/posts"}],"about":[{"href":"https:\/\/magyarpenclub.hu\/es\/wp-json\/wp\/v2\/types\/post"}],"author":[{"embeddable":true,"href":"https:\/\/magyarpenclub.hu\/es\/wp-json\/wp\/v2\/users\/1"}],"replies":[{"embeddable":true,"href":"https:\/\/magyarpenclub.hu\/es\/wp-json\/wp\/v2\/comments?post=8284"}],"version-history":[{"count":0,"href":"https:\/\/magyarpenclub.hu\/es\/wp-json\/wp\/v2\/posts\/8284\/revisions"}],"wp:featuredmedia":[{"embeddable":true,"href":"https:\/\/magyarpenclub.hu\/es\/wp-json\/wp\/v2\/media\/8286"}],"wp:attachment":[{"href":"https:\/\/magyarpenclub.hu\/es\/wp-json\/wp\/v2\/media?parent=8284"}],"wp:term":[{"taxonomy":"category","embeddable":true,"href":"https:\/\/magyarpenclub.hu\/es\/wp-json\/wp\/v2\/categories?post=8284"},{"taxonomy":"post_tag","embeddable":true,"href":"https:\/\/magyarpenclub.hu\/es\/wp-json\/wp\/v2\/tags?post=8284"}],"curies":[{"name":"wp","href":"https:\/\/api.w.org\/{rel}","templated":true}]}}