{"id":8313,"date":"2019-06-03T14:13:00","date_gmt":"2019-06-03T14:13:00","guid":{"rendered":"https:\/\/magyarpenclub.hu\/2019\/06\/03\/adios-janos-terey\/"},"modified":"2024-02-14T01:51:02","modified_gmt":"2024-02-14T01:51:02","slug":"adios-janos-terey","status":"publish","type":"post","link":"https:\/\/magyarpenclub.hu\/es\/2019\/06\/03\/adios-janos-terey\/","title":{"rendered":"\u00a1Adi\u00f3s, J\u00e1nos T\u00e9rey!"},"content":{"rendered":"\t\t<div data-elementor-type=\"wp-post\" data-elementor-id=\"8313\" class=\"elementor elementor-8313 elementor-4012\" data-elementor-post-type=\"post\">\n\t\t\t\t\t\t<section class=\"elementor-section elementor-top-section elementor-element elementor-element-75216b2 elementor-section-boxed elementor-section-height-default elementor-section-height-default\" data-id=\"75216b2\" data-element_type=\"section\" data-e-type=\"section\">\n\t\t\t\t\t\t<div class=\"elementor-container elementor-column-gap-wide\">\n\t\t\t\t\t<div class=\"elementor-column elementor-col-100 elementor-top-column elementor-element elementor-element-a9e5a7f\" data-id=\"a9e5a7f\" data-element_type=\"column\" data-e-type=\"column\">\n\t\t\t<div class=\"elementor-widget-wrap elementor-element-populated\">\n\t\t\t\t\t\t<div class=\"elementor-element elementor-element-729dfd8 elementor-widget elementor-widget-heading\" data-id=\"729dfd8\" data-element_type=\"widget\" data-e-type=\"widget\" data-widget_type=\"heading.default\">\n\t\t\t\t<div class=\"elementor-widget-container\">\n\t\t\t\t\t<h4 class=\"elementor-heading-title elementor-size-default\">\u00a1Uy!<\/h4>\t\t\t\t<\/div>\n\t\t\t\t<\/div>\n\t\t\t\t<div class=\"elementor-element elementor-element-af7fe76 elementor-widget elementor-widget-spacer\" data-id=\"af7fe76\" data-element_type=\"widget\" data-e-type=\"widget\" data-widget_type=\"spacer.default\">\n\t\t\t\t<div class=\"elementor-widget-container\">\n\t\t\t\t\t\t\t<div class=\"elementor-spacer\">\n\t\t\t<div class=\"elementor-spacer-inner\"><\/div>\n\t\t<\/div>\n\t\t\t\t\t\t<\/div>\n\t\t\t\t<\/div>\n\t\t\t\t<div class=\"elementor-element elementor-element-a447652 elementor-widget elementor-widget-text-editor\" data-id=\"a447652\" data-element_type=\"widget\" data-e-type=\"widget\" data-widget_type=\"text-editor.default\">\n\t\t\t\t<div class=\"elementor-widget-container\">\n\t\t\t\t\t\t\t\t\t<p><span style=\"color: var(--the7-base-color); letter-spacing: var(--the7-base-letter-spacing); text-transform: var(--the7-base-text-transform); word-spacing: normal;\">\u00a1Uy, pap\u00e1! &#8211; as\u00ed nos salud\u00e1bamos la mayor\u00eda de las veces, parodiando y al mismo tiempo evocando a nuestro amigo com\u00fan, el bueno de Norbert Haklik, con voz profunda y chispeante, antes de sentarnos una vez al mes a la mesa de pensadores de la calle de la Luna. Las \u00faltimas reuniones se cancelaron, pero est\u00e1bamos organizando una nueva. Deb\u00edamos reunirnos el 27 de mayo, pero no conseguimos coordinarnos con todos.<\/span><\/p>\n<p><span style=\"color: var(--the7-base-color); letter-spacing: var(--the7-base-letter-spacing); text-transform: var(--the7-base-text-transform); word-spacing: normal;\">Para los interesados, se trataba de una sociedad literaria semisecreta que se reun\u00eda desde hac\u00eda casi 20 a\u00f1os, y en la \u00faltima alineaci\u00f3n, adem\u00e1s de T\u00e9rey, figuraban Zsolt Kopp\u00e1ny Nagy, B\u00e1lint Dobai, M\u00e1ty\u00e1s Sz\u00f6ll\u0151si y Oliv\u00e9r S\u00e1ndor Mur\u00e1nyi.<\/span><\/p>\n<p><span style=\"color: var(--the7-base-color); letter-spacing: var(--the7-base-letter-spacing); text-transform: var(--the7-base-text-transform); word-spacing: normal;\">La cuesti\u00f3n es que algunas de estas personas, si es que las hay, han aparecido por aqu\u00ed, y hemos tra\u00eddo nuestro mejor yo a estas reuniones. \u00bfY de qu\u00e9 se trataba? Todo: la actualidad pol\u00edtica y literaria, la vida privada y, por \u00faltimo, los textos literarios. \u00c9ramos una sociedad en la que pod\u00edamos elevarnos por encima de los l\u00edos de actualidad, la guerra cultural, el bando de la secta, las estrategias del sindicato de escritores, pr\u00e1cticamente cualquier cosa que pudiera mantener a la gente separada. Por eso era importante para todos nosotros, porque siempre que sent\u00edamos que el mundo estaba a punto de acabarse, reun\u00edamos al equipo y tomando una copa ten\u00edamos una charla tranquilizadora.<\/span><\/p>\n<p><span style=\"color: var(--the7-base-color); letter-spacing: var(--the7-base-letter-spacing); text-transform: var(--the7-base-text-transform); word-spacing: normal;\">John fue sin duda la fuerza motriz, el miembro m\u00e1s veterano del equipo y el organizador m\u00e1s activo hasta el \u00faltimo minuto. Y aqu\u00ed es donde deber\u00eda empezar este escrito, \u00bfpor qu\u00e9 era tan importante para \u00e9l? Sin duda le conoc\u00edamos como ese hombre, el amigo que vigila con preocupaci\u00f3n, nos mantiene a todos informados, est\u00e1 al d\u00eda de todos nuestros escritos, nunca le faltan ideas, optimismo y fe. Siempre se mantuvo alejado de los diletantes, pero al mismo tiempo cre\u00eda que en todo el mundo hab\u00eda capacidad para la bondad y la superaci\u00f3n, y a menudo nos advert\u00eda de que tuvi\u00e9ramos cuidado si nos apresur\u00e1bamos demasiado a aprovecharnos de alguien o de algo.<\/span><\/p>\n<p><span style=\"color: var(--the7-base-color); letter-spacing: var(--the7-base-letter-spacing); text-transform: var(--the7-base-text-transform); word-spacing: normal;\">Pero ahora tenemos un motivo para rebelarnos. Se ha ido el mejor de la generaci\u00f3n intermedia de nuestra literatura, uno de los m\u00e1s grandes de todos los tiempos. Lleno de vida, lleno de planes, dejando atr\u00e1s a la familia, los hijos, los amigos y, por \u00faltimo, pero no por ello menos importante, la literatura. Pero no hay nadie contra quien rebelarse, la humildad permanece, como \u00e9l habr\u00eda ense\u00f1ado. Pero lamento que no recibiera el Premio Kossuth, lamento que no recibiera el reconocimiento que merec\u00eda. Ni la mitad de grande. Pero quiz\u00e1 deber\u00edamos dejarlo estar.<\/span><\/p>\n<p><span style=\"color: var(--the7-base-color); letter-spacing: var(--the7-base-letter-spacing); text-transform: var(--the7-base-text-transform); word-spacing: normal;\">Los que lo conocemos, sabemos desde hace veinticinco a\u00f1os por lo menos qui\u00e9n es. Pero ahora me despido de mi amigo, el compa\u00f1ero pensador de la calle Hold, con el que sol\u00edamos caminar desde la plaza V\u00f6r\u00f6smarty, detr\u00e1s de la Bas\u00edlica, hasta el local de la calle Hold al final de cada a\u00f1o, en el \u00faltimo encuentro del a\u00f1o, llenos de amor navide\u00f1o y de fe, como hac\u00edamos anta\u00f1o de ni\u00f1os. Siempre leemos un poema en V\u00f6r\u00f6smarty o en la Bas\u00edlica. \u00a1Somos la Miku! &#8211; dijo John, encabezando la fila con cara radiante. Luego llegaron las Navidades, el a\u00f1o nuevo, la nueva reuni\u00f3n. Hasta ahora, sab\u00edamos que siempre ser\u00eda as\u00ed. Ahora sabemos que no es as\u00ed.<\/span><\/p>\n<p><span style=\"color: var(--the7-base-color); letter-spacing: var(--the7-base-letter-spacing); text-transform: var(--the7-base-text-transform); word-spacing: normal;\">\u00a1Uy! \u00a1Adi\u00f3s, John!<\/span><\/p>\n\t\t\t\t\t\t\t\t<\/div>\n\t\t\t\t<\/div>\n\t\t\t\t\t<\/div>\n\t\t<\/div>\n\t\t\t\t\t<\/div>\n\t\t<\/section>\n\t\t\t\t<\/div>\n\t\t","protected":false},"excerpt":{"rendered":"<p>Nos entristece profundamente saber que nuestro compa\u00f1ero, J\u00e1nos T\u00e9rey 2019. muri\u00f3 tr\u00e1gicamente el 3 de junio. Vivi\u00f3 48 a\u00f1os. Los arreglos para su funeral se har\u00e1n m\u00e1s adelante.<\/p>\n","protected":false},"author":1,"featured_media":8318,"comment_status":"closed","ping_status":"open","sticky":false,"template":"","format":"standard","meta":{"_acf_changed":false,"footnotes":""},"categories":[486],"tags":[],"class_list":["post-8313","post","type-post","status-publish","format-standard","has-post-thumbnail","hentry","category-in-memoriam-es"],"acf":[],"yoast_head":"<!-- This site is optimized with the Yoast SEO plugin v27.5 - https:\/\/yoast.com\/product\/yoast-seo-wordpress\/ -->\n<title>\u00a1Adi\u00f3s, J\u00e1nos T\u00e9rey! - Magyar PEN Club<\/title>\n<meta name=\"robots\" content=\"index, follow, max-snippet:-1, max-image-preview:large, max-video-preview:-1\" \/>\n<link rel=\"canonical\" href=\"https:\/\/magyarpenclub.hu\/es\/2019\/06\/03\/adios-janos-terey\/\" \/>\n<meta property=\"og:locale\" content=\"es_ES\" \/>\n<meta property=\"og:type\" content=\"article\" \/>\n<meta property=\"og:title\" content=\"\u00a1Adi\u00f3s, J\u00e1nos T\u00e9rey! - Magyar PEN Club\" \/>\n<meta property=\"og:description\" content=\"Nos entristece profundamente saber que nuestro compa\u00f1ero, J\u00e1nos T\u00e9rey 2019. muri\u00f3 tr\u00e1gicamente el 3 de junio. Vivi\u00f3 48 a\u00f1os. Los arreglos para su funeral se har\u00e1n m\u00e1s adelante.\" \/>\n<meta property=\"og:url\" content=\"https:\/\/magyarpenclub.hu\/es\/2019\/06\/03\/adios-janos-terey\/\" \/>\n<meta property=\"og:site_name\" content=\"Magyar PEN Club\" \/>\n<meta property=\"article:publisher\" content=\"https:\/\/www.facebook.com\/magyarpenclub\" \/>\n<meta property=\"article:published_time\" content=\"2019-06-03T14:13:00+00:00\" \/>\n<meta property=\"article:modified_time\" content=\"2024-02-14T01:51:02+00:00\" \/>\n<meta property=\"og:image\" content=\"https:\/\/magyarpenclub.hu\/wp-content\/uploads\/2022\/05\/terey-janos.jpg\" \/>\n\t<meta property=\"og:image:width\" content=\"1108\" \/>\n\t<meta property=\"og:image:height\" content=\"623\" \/>\n\t<meta property=\"og:image:type\" content=\"image\/jpeg\" \/>\n<meta name=\"author\" content=\"admin\" \/>\n<meta name=\"twitter:card\" content=\"summary_large_image\" \/>\n<meta name=\"twitter:label1\" content=\"Escrito por\" \/>\n\t<meta name=\"twitter:data1\" content=\"admin\" \/>\n\t<meta name=\"twitter:label2\" content=\"Tiempo de lectura\" \/>\n\t<meta name=\"twitter:data2\" content=\"3 minutos\" \/>\n<script type=\"application\/ld+json\" class=\"yoast-schema-graph\">{\"@context\":\"https:\\\/\\\/schema.org\",\"@graph\":[{\"@type\":\"Article\",\"@id\":\"https:\\\/\\\/magyarpenclub.hu\\\/es\\\/2019\\\/06\\\/03\\\/adios-janos-terey\\\/#article\",\"isPartOf\":{\"@id\":\"https:\\\/\\\/magyarpenclub.hu\\\/es\\\/2019\\\/06\\\/03\\\/adios-janos-terey\\\/\"},\"author\":{\"name\":\"admin\",\"@id\":\"https:\\\/\\\/magyarpenclub.hu\\\/es\\\/#\\\/schema\\\/person\\\/9d0e9bdcfa14a17e3af44ee46f4f047e\"},\"headline\":\"\u00a1Adi\u00f3s, J\u00e1nos T\u00e9rey!\",\"datePublished\":\"2019-06-03T14:13:00+00:00\",\"dateModified\":\"2024-02-14T01:51:02+00:00\",\"mainEntityOfPage\":{\"@id\":\"https:\\\/\\\/magyarpenclub.hu\\\/es\\\/2019\\\/06\\\/03\\\/adios-janos-terey\\\/\"},\"wordCount\":626,\"publisher\":{\"@id\":\"https:\\\/\\\/magyarpenclub.hu\\\/es\\\/#organization\"},\"image\":{\"@id\":\"https:\\\/\\\/magyarpenclub.hu\\\/es\\\/2019\\\/06\\\/03\\\/adios-janos-terey\\\/#primaryimage\"},\"thumbnailUrl\":\"https:\\\/\\\/magyarpenclub.hu\\\/wp-content\\\/uploads\\\/2022\\\/05\\\/terey-janos.jpg\",\"articleSection\":[\"In memoriam\"],\"inLanguage\":\"es\"},{\"@type\":\"WebPage\",\"@id\":\"https:\\\/\\\/magyarpenclub.hu\\\/es\\\/2019\\\/06\\\/03\\\/adios-janos-terey\\\/\",\"url\":\"https:\\\/\\\/magyarpenclub.hu\\\/es\\\/2019\\\/06\\\/03\\\/adios-janos-terey\\\/\",\"name\":\"\u00a1Adi\u00f3s, J\u00e1nos T\u00e9rey! - Magyar PEN Club\",\"isPartOf\":{\"@id\":\"https:\\\/\\\/magyarpenclub.hu\\\/es\\\/#website\"},\"primaryImageOfPage\":{\"@id\":\"https:\\\/\\\/magyarpenclub.hu\\\/es\\\/2019\\\/06\\\/03\\\/adios-janos-terey\\\/#primaryimage\"},\"image\":{\"@id\":\"https:\\\/\\\/magyarpenclub.hu\\\/es\\\/2019\\\/06\\\/03\\\/adios-janos-terey\\\/#primaryimage\"},\"thumbnailUrl\":\"https:\\\/\\\/magyarpenclub.hu\\\/wp-content\\\/uploads\\\/2022\\\/05\\\/terey-janos.jpg\",\"datePublished\":\"2019-06-03T14:13:00+00:00\",\"dateModified\":\"2024-02-14T01:51:02+00:00\",\"breadcrumb\":{\"@id\":\"https:\\\/\\\/magyarpenclub.hu\\\/es\\\/2019\\\/06\\\/03\\\/adios-janos-terey\\\/#breadcrumb\"},\"inLanguage\":\"es\",\"potentialAction\":[{\"@type\":\"ReadAction\",\"target\":[\"https:\\\/\\\/magyarpenclub.hu\\\/es\\\/2019\\\/06\\\/03\\\/adios-janos-terey\\\/\"]}]},{\"@type\":\"ImageObject\",\"inLanguage\":\"es\",\"@id\":\"https:\\\/\\\/magyarpenclub.hu\\\/es\\\/2019\\\/06\\\/03\\\/adios-janos-terey\\\/#primaryimage\",\"url\":\"https:\\\/\\\/magyarpenclub.hu\\\/wp-content\\\/uploads\\\/2022\\\/05\\\/terey-janos.jpg\",\"contentUrl\":\"https:\\\/\\\/magyarpenclub.hu\\\/wp-content\\\/uploads\\\/2022\\\/05\\\/terey-janos.jpg\",\"width\":1108,\"height\":623,\"caption\":\"T\u00e9rey J\u00e1nos\"},{\"@type\":\"BreadcrumbList\",\"@id\":\"https:\\\/\\\/magyarpenclub.hu\\\/es\\\/2019\\\/06\\\/03\\\/adios-janos-terey\\\/#breadcrumb\",\"itemListElement\":[{\"@type\":\"ListItem\",\"position\":1,\"name\":\"Kezd\u0151lap\",\"item\":\"https:\\\/\\\/magyarpenclub.hu\\\/es\\\/\"},{\"@type\":\"ListItem\",\"position\":2,\"name\":\"\u00a1Adi\u00f3s, J\u00e1nos T\u00e9rey!\"}]},{\"@type\":\"WebSite\",\"@id\":\"https:\\\/\\\/magyarpenclub.hu\\\/es\\\/#website\",\"url\":\"https:\\\/\\\/magyarpenclub.hu\\\/es\\\/\",\"name\":\"Magyar PEN Club\",\"description\":\"H\u00edrek, k\u00f6zlem\u00e9nyek, \u00edr\u00e1sok\",\"publisher\":{\"@id\":\"https:\\\/\\\/magyarpenclub.hu\\\/es\\\/#organization\"},\"potentialAction\":[{\"@type\":\"SearchAction\",\"target\":{\"@type\":\"EntryPoint\",\"urlTemplate\":\"https:\\\/\\\/magyarpenclub.hu\\\/es\\\/?s={search_term_string}\"},\"query-input\":{\"@type\":\"PropertyValueSpecification\",\"valueRequired\":true,\"valueName\":\"search_term_string\"}}],\"inLanguage\":\"es\"},{\"@type\":\"Organization\",\"@id\":\"https:\\\/\\\/magyarpenclub.hu\\\/es\\\/#organization\",\"name\":\"Magyar P.E.N. Club\",\"url\":\"https:\\\/\\\/magyarpenclub.hu\\\/es\\\/\",\"logo\":{\"@type\":\"ImageObject\",\"inLanguage\":\"es\",\"@id\":\"https:\\\/\\\/magyarpenclub.hu\\\/es\\\/#\\\/schema\\\/logo\\\/image\\\/\",\"url\":\"https:\\\/\\\/magyarpenclub.hu\\\/wp-content\\\/uploads\\\/2022\\\/08\\\/magyar-pen-club-logo.png\",\"contentUrl\":\"https:\\\/\\\/magyarpenclub.hu\\\/wp-content\\\/uploads\\\/2022\\\/08\\\/magyar-pen-club-logo.png\",\"width\":195,\"height\":195,\"caption\":\"Magyar P.E.N. Club\"},\"image\":{\"@id\":\"https:\\\/\\\/magyarpenclub.hu\\\/es\\\/#\\\/schema\\\/logo\\\/image\\\/\"},\"sameAs\":[\"https:\\\/\\\/www.facebook.com\\\/magyarpenclub\",\"https:\\\/\\\/www.youtube.com\\\/channel\\\/UC8bw1YALHZZJCJ-7bqvlR6Q\"]},{\"@type\":\"Person\",\"@id\":\"https:\\\/\\\/magyarpenclub.hu\\\/es\\\/#\\\/schema\\\/person\\\/9d0e9bdcfa14a17e3af44ee46f4f047e\",\"name\":\"admin\",\"image\":{\"@type\":\"ImageObject\",\"inLanguage\":\"es\",\"@id\":\"https:\\\/\\\/secure.gravatar.com\\\/avatar\\\/56608a5ae1d60c555b558b0cda110391ad52d81e37b79808b2f59eaf60ba9e43?s=96&d=mm&r=g\",\"url\":\"https:\\\/\\\/secure.gravatar.com\\\/avatar\\\/56608a5ae1d60c555b558b0cda110391ad52d81e37b79808b2f59eaf60ba9e43?s=96&d=mm&r=g\",\"contentUrl\":\"https:\\\/\\\/secure.gravatar.com\\\/avatar\\\/56608a5ae1d60c555b558b0cda110391ad52d81e37b79808b2f59eaf60ba9e43?s=96&d=mm&r=g\",\"caption\":\"admin\"},\"sameAs\":[\"https:\\\/\\\/magyarpenclub.hu\"],\"url\":\"https:\\\/\\\/magyarpenclub.hu\\\/es\\\/author\\\/admin\\\/\"}]}<\/script>\n<!-- \/ Yoast SEO plugin. -->","yoast_head_json":{"title":"\u00a1Adi\u00f3s, J\u00e1nos T\u00e9rey! - Magyar PEN Club","robots":{"index":"index","follow":"follow","max-snippet":"max-snippet:-1","max-image-preview":"max-image-preview:large","max-video-preview":"max-video-preview:-1"},"canonical":"https:\/\/magyarpenclub.hu\/es\/2019\/06\/03\/adios-janos-terey\/","og_locale":"es_ES","og_type":"article","og_title":"\u00a1Adi\u00f3s, J\u00e1nos T\u00e9rey! - Magyar PEN Club","og_description":"Nos entristece profundamente saber que nuestro compa\u00f1ero, J\u00e1nos T\u00e9rey 2019. muri\u00f3 tr\u00e1gicamente el 3 de junio. Vivi\u00f3 48 a\u00f1os. Los arreglos para su funeral se har\u00e1n m\u00e1s adelante.","og_url":"https:\/\/magyarpenclub.hu\/es\/2019\/06\/03\/adios-janos-terey\/","og_site_name":"Magyar PEN Club","article_publisher":"https:\/\/www.facebook.com\/magyarpenclub","article_published_time":"2019-06-03T14:13:00+00:00","article_modified_time":"2024-02-14T01:51:02+00:00","og_image":[{"width":1108,"height":623,"url":"https:\/\/magyarpenclub.hu\/wp-content\/uploads\/2022\/05\/terey-janos.jpg","type":"image\/jpeg"}],"author":"admin","twitter_card":"summary_large_image","twitter_misc":{"Escrito por":"admin","Tiempo de lectura":"3 minutos"},"schema":{"@context":"https:\/\/schema.org","@graph":[{"@type":"Article","@id":"https:\/\/magyarpenclub.hu\/es\/2019\/06\/03\/adios-janos-terey\/#article","isPartOf":{"@id":"https:\/\/magyarpenclub.hu\/es\/2019\/06\/03\/adios-janos-terey\/"},"author":{"name":"admin","@id":"https:\/\/magyarpenclub.hu\/es\/#\/schema\/person\/9d0e9bdcfa14a17e3af44ee46f4f047e"},"headline":"\u00a1Adi\u00f3s, J\u00e1nos T\u00e9rey!","datePublished":"2019-06-03T14:13:00+00:00","dateModified":"2024-02-14T01:51:02+00:00","mainEntityOfPage":{"@id":"https:\/\/magyarpenclub.hu\/es\/2019\/06\/03\/adios-janos-terey\/"},"wordCount":626,"publisher":{"@id":"https:\/\/magyarpenclub.hu\/es\/#organization"},"image":{"@id":"https:\/\/magyarpenclub.hu\/es\/2019\/06\/03\/adios-janos-terey\/#primaryimage"},"thumbnailUrl":"https:\/\/magyarpenclub.hu\/wp-content\/uploads\/2022\/05\/terey-janos.jpg","articleSection":["In memoriam"],"inLanguage":"es"},{"@type":"WebPage","@id":"https:\/\/magyarpenclub.hu\/es\/2019\/06\/03\/adios-janos-terey\/","url":"https:\/\/magyarpenclub.hu\/es\/2019\/06\/03\/adios-janos-terey\/","name":"\u00a1Adi\u00f3s, J\u00e1nos T\u00e9rey! - Magyar PEN Club","isPartOf":{"@id":"https:\/\/magyarpenclub.hu\/es\/#website"},"primaryImageOfPage":{"@id":"https:\/\/magyarpenclub.hu\/es\/2019\/06\/03\/adios-janos-terey\/#primaryimage"},"image":{"@id":"https:\/\/magyarpenclub.hu\/es\/2019\/06\/03\/adios-janos-terey\/#primaryimage"},"thumbnailUrl":"https:\/\/magyarpenclub.hu\/wp-content\/uploads\/2022\/05\/terey-janos.jpg","datePublished":"2019-06-03T14:13:00+00:00","dateModified":"2024-02-14T01:51:02+00:00","breadcrumb":{"@id":"https:\/\/magyarpenclub.hu\/es\/2019\/06\/03\/adios-janos-terey\/#breadcrumb"},"inLanguage":"es","potentialAction":[{"@type":"ReadAction","target":["https:\/\/magyarpenclub.hu\/es\/2019\/06\/03\/adios-janos-terey\/"]}]},{"@type":"ImageObject","inLanguage":"es","@id":"https:\/\/magyarpenclub.hu\/es\/2019\/06\/03\/adios-janos-terey\/#primaryimage","url":"https:\/\/magyarpenclub.hu\/wp-content\/uploads\/2022\/05\/terey-janos.jpg","contentUrl":"https:\/\/magyarpenclub.hu\/wp-content\/uploads\/2022\/05\/terey-janos.jpg","width":1108,"height":623,"caption":"T\u00e9rey J\u00e1nos"},{"@type":"BreadcrumbList","@id":"https:\/\/magyarpenclub.hu\/es\/2019\/06\/03\/adios-janos-terey\/#breadcrumb","itemListElement":[{"@type":"ListItem","position":1,"name":"Kezd\u0151lap","item":"https:\/\/magyarpenclub.hu\/es\/"},{"@type":"ListItem","position":2,"name":"\u00a1Adi\u00f3s, J\u00e1nos T\u00e9rey!"}]},{"@type":"WebSite","@id":"https:\/\/magyarpenclub.hu\/es\/#website","url":"https:\/\/magyarpenclub.hu\/es\/","name":"Magyar PEN Club","description":"H\u00edrek, k\u00f6zlem\u00e9nyek, \u00edr\u00e1sok","publisher":{"@id":"https:\/\/magyarpenclub.hu\/es\/#organization"},"potentialAction":[{"@type":"SearchAction","target":{"@type":"EntryPoint","urlTemplate":"https:\/\/magyarpenclub.hu\/es\/?s={search_term_string}"},"query-input":{"@type":"PropertyValueSpecification","valueRequired":true,"valueName":"search_term_string"}}],"inLanguage":"es"},{"@type":"Organization","@id":"https:\/\/magyarpenclub.hu\/es\/#organization","name":"Magyar P.E.N. Club","url":"https:\/\/magyarpenclub.hu\/es\/","logo":{"@type":"ImageObject","inLanguage":"es","@id":"https:\/\/magyarpenclub.hu\/es\/#\/schema\/logo\/image\/","url":"https:\/\/magyarpenclub.hu\/wp-content\/uploads\/2022\/08\/magyar-pen-club-logo.png","contentUrl":"https:\/\/magyarpenclub.hu\/wp-content\/uploads\/2022\/08\/magyar-pen-club-logo.png","width":195,"height":195,"caption":"Magyar P.E.N. Club"},"image":{"@id":"https:\/\/magyarpenclub.hu\/es\/#\/schema\/logo\/image\/"},"sameAs":["https:\/\/www.facebook.com\/magyarpenclub","https:\/\/www.youtube.com\/channel\/UC8bw1YALHZZJCJ-7bqvlR6Q"]},{"@type":"Person","@id":"https:\/\/magyarpenclub.hu\/es\/#\/schema\/person\/9d0e9bdcfa14a17e3af44ee46f4f047e","name":"admin","image":{"@type":"ImageObject","inLanguage":"es","@id":"https:\/\/secure.gravatar.com\/avatar\/56608a5ae1d60c555b558b0cda110391ad52d81e37b79808b2f59eaf60ba9e43?s=96&d=mm&r=g","url":"https:\/\/secure.gravatar.com\/avatar\/56608a5ae1d60c555b558b0cda110391ad52d81e37b79808b2f59eaf60ba9e43?s=96&d=mm&r=g","contentUrl":"https:\/\/secure.gravatar.com\/avatar\/56608a5ae1d60c555b558b0cda110391ad52d81e37b79808b2f59eaf60ba9e43?s=96&d=mm&r=g","caption":"admin"},"sameAs":["https:\/\/magyarpenclub.hu"],"url":"https:\/\/magyarpenclub.hu\/es\/author\/admin\/"}]}},"_links":{"self":[{"href":"https:\/\/magyarpenclub.hu\/es\/wp-json\/wp\/v2\/posts\/8313","targetHints":{"allow":["GET"]}}],"collection":[{"href":"https:\/\/magyarpenclub.hu\/es\/wp-json\/wp\/v2\/posts"}],"about":[{"href":"https:\/\/magyarpenclub.hu\/es\/wp-json\/wp\/v2\/types\/post"}],"author":[{"embeddable":true,"href":"https:\/\/magyarpenclub.hu\/es\/wp-json\/wp\/v2\/users\/1"}],"replies":[{"embeddable":true,"href":"https:\/\/magyarpenclub.hu\/es\/wp-json\/wp\/v2\/comments?post=8313"}],"version-history":[{"count":0,"href":"https:\/\/magyarpenclub.hu\/es\/wp-json\/wp\/v2\/posts\/8313\/revisions"}],"wp:featuredmedia":[{"embeddable":true,"href":"https:\/\/magyarpenclub.hu\/es\/wp-json\/wp\/v2\/media\/8318"}],"wp:attachment":[{"href":"https:\/\/magyarpenclub.hu\/es\/wp-json\/wp\/v2\/media?parent=8313"}],"wp:term":[{"taxonomy":"category","embeddable":true,"href":"https:\/\/magyarpenclub.hu\/es\/wp-json\/wp\/v2\/categories?post=8313"},{"taxonomy":"post_tag","embeddable":true,"href":"https:\/\/magyarpenclub.hu\/es\/wp-json\/wp\/v2\/tags?post=8313"}],"curies":[{"name":"wp","href":"https:\/\/api.w.org\/{rel}","templated":true}]}}