{"id":8328,"date":"2019-02-14T04:27:00","date_gmt":"2019-02-14T04:27:00","guid":{"rendered":"https:\/\/magyarpenclub.hu\/2019\/02\/14\/fallecido-dezso-tandori\/"},"modified":"2024-02-14T01:51:02","modified_gmt":"2024-02-14T01:51:02","slug":"fallecido-dezso-tandori","status":"publish","type":"post","link":"https:\/\/magyarpenclub.hu\/es\/2019\/02\/14\/fallecido-dezso-tandori\/","title":{"rendered":"Fallecido Dezs\u0151 Tandori"},"content":{"rendered":"\t\t<div data-elementor-type=\"wp-post\" data-elementor-id=\"8328\" class=\"elementor elementor-8328 elementor-4013\" data-elementor-post-type=\"post\">\n\t\t\t\t\t\t<section class=\"elementor-section elementor-top-section elementor-element elementor-element-75216b2 elementor-section-boxed elementor-section-height-default elementor-section-height-default\" data-id=\"75216b2\" data-element_type=\"section\" data-e-type=\"section\">\n\t\t\t\t\t\t<div class=\"elementor-container elementor-column-gap-wide\">\n\t\t\t\t\t<div class=\"elementor-column elementor-col-100 elementor-top-column elementor-element elementor-element-a9e5a7f\" data-id=\"a9e5a7f\" data-element_type=\"column\" data-e-type=\"column\">\n\t\t\t<div class=\"elementor-widget-wrap elementor-element-populated\">\n\t\t\t\t\t\t<div class=\"elementor-element elementor-element-a447652 elementor-widget elementor-widget-text-editor\" data-id=\"a447652\" data-element_type=\"widget\" data-e-type=\"widget\" data-widget_type=\"text-editor.default\">\n\t\t\t\t<div class=\"elementor-widget-container\">\n\t\t\t\t\t\t\t\t\t<p style=\"font-weight: 400;\">Dezs\u0151 Tandori 1938. naci\u00f3 el 8 de diciembre en Budapest. Estudi\u00f3 h\u00fangaro y alem\u00e1n, trabaj\u00f3 brevemente como profesor y, a partir de 1971, como escritor y traductor independiente. Muy joven, entr\u00f3 en el c\u00edrculo de amigos de \u00c1gnes Nemes Nagy, cuyo esp\u00edritu defini\u00f3 su carrera. Su primer libro de poes\u00eda se public\u00f3 en 1968<em>(Fragmentos para Hamlet<\/em>), pero llevaba publicando poes\u00eda con regularidad desde mediados de los sesenta. Su poes\u00eda siempre se ha caracterizado por la diversidad, el juego combinado con la profundidad filos\u00f3fica, y una constante necesidad de renovaci\u00f3n. Vivi\u00f3 recluido la mayor parte de su vida, pero public\u00f3 una sucesi\u00f3n de libros de poes\u00eda, novelas y ensayos, aunque tambi\u00e9n escribi\u00f3 obras de teatro, un manual de cr\u00eda de aves y una novela polic\u00edaca bajo el seud\u00f3nimo de Nat Roid, Hc. Y una novela fant\u00e1stica bajo el nombre de G. S. Solenard. En total, ha publicado m\u00e1s de cien vol\u00famenes individuales. Generaciones han crecido con sus poemas y novelas infantiles; su obra literaria s\u00f3lo es comparable a la de los m\u00e1s grandes. Entre otros, ha traducido al h\u00fangaro obras de Sylvia Plath, Virginia Woolf, Mark Twain, Thomas Bernhard, Egon Erwin Kisch, Franz Kafka, Oscar Wilde, George Byron, Johann Wolfgang von Goethe, Samuel Beckett y muchos otros. Entre sus galardones y distinciones m\u00e1s importantes figuran: el Premio Internacional del Club P.E.N. (1966); el Premio Attila J\u00f3zsef (1978); el Premio Tibor D\u00e9ry (1989); el Laurel de la Rep\u00fablica de Hungr\u00eda (1996); el Premio Kossuth (1998); el Premio Prima Primissima (2007); la Orden al M\u00e9rito de la Rep\u00fablica de Hungr\u00eda (categor\u00eda civil; 2009); el Premio Artista Nacional de la Naci\u00f3n (2014).<\/p>\n<p style=\"font-weight: 400;\"><strong>Su memoria ser\u00e1 muy apreciada.<\/strong><\/p>\n<p style=\"font-weight: 400;\"><em>(Uni\u00f3n de Escritores H\u00fangaros)<\/em><\/p>\n\t\t\t\t\t\t\t\t<\/div>\n\t\t\t\t<\/div>\n\t\t\t\t\t<\/div>\n\t\t<\/div>\n\t\t\t\t\t<\/div>\n\t\t<\/section>\n\t\t\t\t<section class=\"elementor-section elementor-top-section elementor-element elementor-element-77974e3 elementor-section-boxed elementor-section-height-default elementor-section-height-default\" data-id=\"77974e3\" data-element_type=\"section\" data-e-type=\"section\">\n\t\t\t\t\t\t<div class=\"elementor-container elementor-column-gap-wide\">\n\t\t\t\t\t<div class=\"elementor-column elementor-col-100 elementor-top-column elementor-element elementor-element-8a34a63\" data-id=\"8a34a63\" data-element_type=\"column\" data-e-type=\"column\">\n\t\t\t<div class=\"elementor-widget-wrap elementor-element-populated\">\n\t\t\t\t\t\t<div class=\"elementor-element elementor-element-255d7ea elementor-widget elementor-widget-image\" data-id=\"255d7ea\" data-element_type=\"widget\" data-e-type=\"widget\" data-widget_type=\"image.default\">\n\t\t\t\t<div class=\"elementor-widget-container\">\n\t\t\t\t\t\t\t\t\t\t\t\t\t\t\t<img decoding=\"async\" width=\"733\" height=\"436\" src=\"https:\/\/magyarpenclub.hu\/wp-content\/uploads\/2019\/02\/tandori-1.jpg\" class=\"attachment-large size-large wp-image-8332\" alt=\"\" srcset=\"https:\/\/magyarpenclub.hu\/wp-content\/uploads\/2019\/02\/tandori-1.jpg 733w, https:\/\/magyarpenclub.hu\/wp-content\/uploads\/2019\/02\/tandori-1-300x178.jpg 300w\" sizes=\"(max-width: 733px) 100vw, 733px\" \/>\t\t\t\t\t\t\t\t\t\t\t\t\t\t\t<\/div>\n\t\t\t\t<\/div>\n\t\t\t\t\t<\/div>\n\t\t<\/div>\n\t\t\t\t\t<\/div>\n\t\t<\/section>\n\t\t\t\t<\/div>\n\t\t","protected":false},"excerpt":{"rendered":"<p>La Uni\u00f3n H\u00fangara de Escritores lamenta anunciar que 2019. Dezs\u0151 Tandori falleci\u00f3 el 13 de febrero.<\/p>\n","protected":false},"author":1,"featured_media":8331,"comment_status":"closed","ping_status":"open","sticky":false,"template":"","format":"standard","meta":{"_acf_changed":false,"footnotes":""},"categories":[486],"tags":[],"class_list":["post-8328","post","type-post","status-publish","format-standard","has-post-thumbnail","hentry","category-in-memoriam-es"],"acf":[],"yoast_head":"<!-- This site is optimized with the Yoast SEO plugin v27.5 - https:\/\/yoast.com\/product\/yoast-seo-wordpress\/ -->\n<title>Fallecido Dezs\u0151 Tandori - Magyar PEN Club<\/title>\n<meta name=\"robots\" content=\"index, follow, max-snippet:-1, max-image-preview:large, max-video-preview:-1\" \/>\n<link rel=\"canonical\" href=\"https:\/\/magyarpenclub.hu\/es\/2019\/02\/14\/fallecido-dezso-tandori\/\" \/>\n<meta property=\"og:locale\" content=\"es_ES\" \/>\n<meta property=\"og:type\" content=\"article\" \/>\n<meta property=\"og:title\" content=\"Fallecido Dezs\u0151 Tandori - Magyar PEN Club\" \/>\n<meta property=\"og:description\" content=\"La Uni\u00f3n H\u00fangara de Escritores lamenta anunciar que 2019. Dezs\u0151 Tandori falleci\u00f3 el 13 de febrero.\" \/>\n<meta property=\"og:url\" content=\"https:\/\/magyarpenclub.hu\/es\/2019\/02\/14\/fallecido-dezso-tandori\/\" \/>\n<meta property=\"og:site_name\" content=\"Magyar PEN Club\" \/>\n<meta property=\"article:publisher\" content=\"https:\/\/www.facebook.com\/magyarpenclub\" \/>\n<meta property=\"article:published_time\" content=\"2019-02-14T04:27:00+00:00\" \/>\n<meta property=\"article:modified_time\" content=\"2024-02-14T01:51:02+00:00\" \/>\n<meta property=\"og:image\" content=\"https:\/\/magyarpenclub.hu\/wp-content\/uploads\/2022\/05\/tandori-dezso.jpg\" \/>\n\t<meta property=\"og:image:width\" content=\"800\" \/>\n\t<meta property=\"og:image:height\" content=\"500\" \/>\n\t<meta property=\"og:image:type\" content=\"image\/jpeg\" \/>\n<meta name=\"author\" content=\"admin\" \/>\n<meta name=\"twitter:card\" content=\"summary_large_image\" \/>\n<meta name=\"twitter:label1\" content=\"Escrito por\" \/>\n\t<meta name=\"twitter:data1\" content=\"admin\" \/>\n\t<meta name=\"twitter:label2\" content=\"Tiempo de lectura\" \/>\n\t<meta name=\"twitter:data2\" content=\"2 minutos\" \/>\n<script type=\"application\/ld+json\" class=\"yoast-schema-graph\">{\"@context\":\"https:\\\/\\\/schema.org\",\"@graph\":[{\"@type\":\"Article\",\"@id\":\"https:\\\/\\\/magyarpenclub.hu\\\/es\\\/2019\\\/02\\\/14\\\/fallecido-dezso-tandori\\\/#article\",\"isPartOf\":{\"@id\":\"https:\\\/\\\/magyarpenclub.hu\\\/es\\\/2019\\\/02\\\/14\\\/fallecido-dezso-tandori\\\/\"},\"author\":{\"name\":\"admin\",\"@id\":\"https:\\\/\\\/magyarpenclub.hu\\\/es\\\/#\\\/schema\\\/person\\\/9d0e9bdcfa14a17e3af44ee46f4f047e\"},\"headline\":\"Fallecido Dezs\u0151 Tandori\",\"datePublished\":\"2019-02-14T04:27:00+00:00\",\"dateModified\":\"2024-02-14T01:51:02+00:00\",\"mainEntityOfPage\":{\"@id\":\"https:\\\/\\\/magyarpenclub.hu\\\/es\\\/2019\\\/02\\\/14\\\/fallecido-dezso-tandori\\\/\"},\"wordCount\":304,\"publisher\":{\"@id\":\"https:\\\/\\\/magyarpenclub.hu\\\/es\\\/#organization\"},\"image\":{\"@id\":\"https:\\\/\\\/magyarpenclub.hu\\\/es\\\/2019\\\/02\\\/14\\\/fallecido-dezso-tandori\\\/#primaryimage\"},\"thumbnailUrl\":\"https:\\\/\\\/magyarpenclub.hu\\\/wp-content\\\/uploads\\\/2022\\\/05\\\/tandori-dezso.jpg\",\"articleSection\":[\"In memoriam\"],\"inLanguage\":\"es\"},{\"@type\":\"WebPage\",\"@id\":\"https:\\\/\\\/magyarpenclub.hu\\\/es\\\/2019\\\/02\\\/14\\\/fallecido-dezso-tandori\\\/\",\"url\":\"https:\\\/\\\/magyarpenclub.hu\\\/es\\\/2019\\\/02\\\/14\\\/fallecido-dezso-tandori\\\/\",\"name\":\"Fallecido Dezs\u0151 Tandori - Magyar PEN Club\",\"isPartOf\":{\"@id\":\"https:\\\/\\\/magyarpenclub.hu\\\/es\\\/#website\"},\"primaryImageOfPage\":{\"@id\":\"https:\\\/\\\/magyarpenclub.hu\\\/es\\\/2019\\\/02\\\/14\\\/fallecido-dezso-tandori\\\/#primaryimage\"},\"image\":{\"@id\":\"https:\\\/\\\/magyarpenclub.hu\\\/es\\\/2019\\\/02\\\/14\\\/fallecido-dezso-tandori\\\/#primaryimage\"},\"thumbnailUrl\":\"https:\\\/\\\/magyarpenclub.hu\\\/wp-content\\\/uploads\\\/2022\\\/05\\\/tandori-dezso.jpg\",\"datePublished\":\"2019-02-14T04:27:00+00:00\",\"dateModified\":\"2024-02-14T01:51:02+00:00\",\"breadcrumb\":{\"@id\":\"https:\\\/\\\/magyarpenclub.hu\\\/es\\\/2019\\\/02\\\/14\\\/fallecido-dezso-tandori\\\/#breadcrumb\"},\"inLanguage\":\"es\",\"potentialAction\":[{\"@type\":\"ReadAction\",\"target\":[\"https:\\\/\\\/magyarpenclub.hu\\\/es\\\/2019\\\/02\\\/14\\\/fallecido-dezso-tandori\\\/\"]}]},{\"@type\":\"ImageObject\",\"inLanguage\":\"es\",\"@id\":\"https:\\\/\\\/magyarpenclub.hu\\\/es\\\/2019\\\/02\\\/14\\\/fallecido-dezso-tandori\\\/#primaryimage\",\"url\":\"https:\\\/\\\/magyarpenclub.hu\\\/wp-content\\\/uploads\\\/2022\\\/05\\\/tandori-dezso.jpg\",\"contentUrl\":\"https:\\\/\\\/magyarpenclub.hu\\\/wp-content\\\/uploads\\\/2022\\\/05\\\/tandori-dezso.jpg\",\"width\":800,\"height\":500,\"caption\":\"Tandori Dezs\u0151\"},{\"@type\":\"BreadcrumbList\",\"@id\":\"https:\\\/\\\/magyarpenclub.hu\\\/es\\\/2019\\\/02\\\/14\\\/fallecido-dezso-tandori\\\/#breadcrumb\",\"itemListElement\":[{\"@type\":\"ListItem\",\"position\":1,\"name\":\"Kezd\u0151lap\",\"item\":\"https:\\\/\\\/magyarpenclub.hu\\\/es\\\/\"},{\"@type\":\"ListItem\",\"position\":2,\"name\":\"Fallecido Dezs\u0151 Tandori\"}]},{\"@type\":\"WebSite\",\"@id\":\"https:\\\/\\\/magyarpenclub.hu\\\/es\\\/#website\",\"url\":\"https:\\\/\\\/magyarpenclub.hu\\\/es\\\/\",\"name\":\"Magyar PEN Club\",\"description\":\"H\u00edrek, k\u00f6zlem\u00e9nyek, \u00edr\u00e1sok\",\"publisher\":{\"@id\":\"https:\\\/\\\/magyarpenclub.hu\\\/es\\\/#organization\"},\"potentialAction\":[{\"@type\":\"SearchAction\",\"target\":{\"@type\":\"EntryPoint\",\"urlTemplate\":\"https:\\\/\\\/magyarpenclub.hu\\\/es\\\/?s={search_term_string}\"},\"query-input\":{\"@type\":\"PropertyValueSpecification\",\"valueRequired\":true,\"valueName\":\"search_term_string\"}}],\"inLanguage\":\"es\"},{\"@type\":\"Organization\",\"@id\":\"https:\\\/\\\/magyarpenclub.hu\\\/es\\\/#organization\",\"name\":\"Magyar P.E.N. Club\",\"url\":\"https:\\\/\\\/magyarpenclub.hu\\\/es\\\/\",\"logo\":{\"@type\":\"ImageObject\",\"inLanguage\":\"es\",\"@id\":\"https:\\\/\\\/magyarpenclub.hu\\\/es\\\/#\\\/schema\\\/logo\\\/image\\\/\",\"url\":\"https:\\\/\\\/magyarpenclub.hu\\\/wp-content\\\/uploads\\\/2022\\\/08\\\/magyar-pen-club-logo.png\",\"contentUrl\":\"https:\\\/\\\/magyarpenclub.hu\\\/wp-content\\\/uploads\\\/2022\\\/08\\\/magyar-pen-club-logo.png\",\"width\":195,\"height\":195,\"caption\":\"Magyar P.E.N. Club\"},\"image\":{\"@id\":\"https:\\\/\\\/magyarpenclub.hu\\\/es\\\/#\\\/schema\\\/logo\\\/image\\\/\"},\"sameAs\":[\"https:\\\/\\\/www.facebook.com\\\/magyarpenclub\",\"https:\\\/\\\/www.youtube.com\\\/channel\\\/UC8bw1YALHZZJCJ-7bqvlR6Q\"]},{\"@type\":\"Person\",\"@id\":\"https:\\\/\\\/magyarpenclub.hu\\\/es\\\/#\\\/schema\\\/person\\\/9d0e9bdcfa14a17e3af44ee46f4f047e\",\"name\":\"admin\",\"image\":{\"@type\":\"ImageObject\",\"inLanguage\":\"es\",\"@id\":\"https:\\\/\\\/secure.gravatar.com\\\/avatar\\\/56608a5ae1d60c555b558b0cda110391ad52d81e37b79808b2f59eaf60ba9e43?s=96&d=mm&r=g\",\"url\":\"https:\\\/\\\/secure.gravatar.com\\\/avatar\\\/56608a5ae1d60c555b558b0cda110391ad52d81e37b79808b2f59eaf60ba9e43?s=96&d=mm&r=g\",\"contentUrl\":\"https:\\\/\\\/secure.gravatar.com\\\/avatar\\\/56608a5ae1d60c555b558b0cda110391ad52d81e37b79808b2f59eaf60ba9e43?s=96&d=mm&r=g\",\"caption\":\"admin\"},\"sameAs\":[\"https:\\\/\\\/magyarpenclub.hu\"],\"url\":\"https:\\\/\\\/magyarpenclub.hu\\\/es\\\/author\\\/admin\\\/\"}]}<\/script>\n<!-- \/ Yoast SEO plugin. -->","yoast_head_json":{"title":"Fallecido Dezs\u0151 Tandori - Magyar PEN Club","robots":{"index":"index","follow":"follow","max-snippet":"max-snippet:-1","max-image-preview":"max-image-preview:large","max-video-preview":"max-video-preview:-1"},"canonical":"https:\/\/magyarpenclub.hu\/es\/2019\/02\/14\/fallecido-dezso-tandori\/","og_locale":"es_ES","og_type":"article","og_title":"Fallecido Dezs\u0151 Tandori - Magyar PEN Club","og_description":"La Uni\u00f3n H\u00fangara de Escritores lamenta anunciar que 2019. Dezs\u0151 Tandori falleci\u00f3 el 13 de febrero.","og_url":"https:\/\/magyarpenclub.hu\/es\/2019\/02\/14\/fallecido-dezso-tandori\/","og_site_name":"Magyar PEN Club","article_publisher":"https:\/\/www.facebook.com\/magyarpenclub","article_published_time":"2019-02-14T04:27:00+00:00","article_modified_time":"2024-02-14T01:51:02+00:00","og_image":[{"width":800,"height":500,"url":"https:\/\/magyarpenclub.hu\/wp-content\/uploads\/2022\/05\/tandori-dezso.jpg","type":"image\/jpeg"}],"author":"admin","twitter_card":"summary_large_image","twitter_misc":{"Escrito por":"admin","Tiempo de lectura":"2 minutos"},"schema":{"@context":"https:\/\/schema.org","@graph":[{"@type":"Article","@id":"https:\/\/magyarpenclub.hu\/es\/2019\/02\/14\/fallecido-dezso-tandori\/#article","isPartOf":{"@id":"https:\/\/magyarpenclub.hu\/es\/2019\/02\/14\/fallecido-dezso-tandori\/"},"author":{"name":"admin","@id":"https:\/\/magyarpenclub.hu\/es\/#\/schema\/person\/9d0e9bdcfa14a17e3af44ee46f4f047e"},"headline":"Fallecido Dezs\u0151 Tandori","datePublished":"2019-02-14T04:27:00+00:00","dateModified":"2024-02-14T01:51:02+00:00","mainEntityOfPage":{"@id":"https:\/\/magyarpenclub.hu\/es\/2019\/02\/14\/fallecido-dezso-tandori\/"},"wordCount":304,"publisher":{"@id":"https:\/\/magyarpenclub.hu\/es\/#organization"},"image":{"@id":"https:\/\/magyarpenclub.hu\/es\/2019\/02\/14\/fallecido-dezso-tandori\/#primaryimage"},"thumbnailUrl":"https:\/\/magyarpenclub.hu\/wp-content\/uploads\/2022\/05\/tandori-dezso.jpg","articleSection":["In memoriam"],"inLanguage":"es"},{"@type":"WebPage","@id":"https:\/\/magyarpenclub.hu\/es\/2019\/02\/14\/fallecido-dezso-tandori\/","url":"https:\/\/magyarpenclub.hu\/es\/2019\/02\/14\/fallecido-dezso-tandori\/","name":"Fallecido Dezs\u0151 Tandori - Magyar PEN Club","isPartOf":{"@id":"https:\/\/magyarpenclub.hu\/es\/#website"},"primaryImageOfPage":{"@id":"https:\/\/magyarpenclub.hu\/es\/2019\/02\/14\/fallecido-dezso-tandori\/#primaryimage"},"image":{"@id":"https:\/\/magyarpenclub.hu\/es\/2019\/02\/14\/fallecido-dezso-tandori\/#primaryimage"},"thumbnailUrl":"https:\/\/magyarpenclub.hu\/wp-content\/uploads\/2022\/05\/tandori-dezso.jpg","datePublished":"2019-02-14T04:27:00+00:00","dateModified":"2024-02-14T01:51:02+00:00","breadcrumb":{"@id":"https:\/\/magyarpenclub.hu\/es\/2019\/02\/14\/fallecido-dezso-tandori\/#breadcrumb"},"inLanguage":"es","potentialAction":[{"@type":"ReadAction","target":["https:\/\/magyarpenclub.hu\/es\/2019\/02\/14\/fallecido-dezso-tandori\/"]}]},{"@type":"ImageObject","inLanguage":"es","@id":"https:\/\/magyarpenclub.hu\/es\/2019\/02\/14\/fallecido-dezso-tandori\/#primaryimage","url":"https:\/\/magyarpenclub.hu\/wp-content\/uploads\/2022\/05\/tandori-dezso.jpg","contentUrl":"https:\/\/magyarpenclub.hu\/wp-content\/uploads\/2022\/05\/tandori-dezso.jpg","width":800,"height":500,"caption":"Tandori Dezs\u0151"},{"@type":"BreadcrumbList","@id":"https:\/\/magyarpenclub.hu\/es\/2019\/02\/14\/fallecido-dezso-tandori\/#breadcrumb","itemListElement":[{"@type":"ListItem","position":1,"name":"Kezd\u0151lap","item":"https:\/\/magyarpenclub.hu\/es\/"},{"@type":"ListItem","position":2,"name":"Fallecido Dezs\u0151 Tandori"}]},{"@type":"WebSite","@id":"https:\/\/magyarpenclub.hu\/es\/#website","url":"https:\/\/magyarpenclub.hu\/es\/","name":"Magyar PEN Club","description":"H\u00edrek, k\u00f6zlem\u00e9nyek, \u00edr\u00e1sok","publisher":{"@id":"https:\/\/magyarpenclub.hu\/es\/#organization"},"potentialAction":[{"@type":"SearchAction","target":{"@type":"EntryPoint","urlTemplate":"https:\/\/magyarpenclub.hu\/es\/?s={search_term_string}"},"query-input":{"@type":"PropertyValueSpecification","valueRequired":true,"valueName":"search_term_string"}}],"inLanguage":"es"},{"@type":"Organization","@id":"https:\/\/magyarpenclub.hu\/es\/#organization","name":"Magyar P.E.N. Club","url":"https:\/\/magyarpenclub.hu\/es\/","logo":{"@type":"ImageObject","inLanguage":"es","@id":"https:\/\/magyarpenclub.hu\/es\/#\/schema\/logo\/image\/","url":"https:\/\/magyarpenclub.hu\/wp-content\/uploads\/2022\/08\/magyar-pen-club-logo.png","contentUrl":"https:\/\/magyarpenclub.hu\/wp-content\/uploads\/2022\/08\/magyar-pen-club-logo.png","width":195,"height":195,"caption":"Magyar P.E.N. Club"},"image":{"@id":"https:\/\/magyarpenclub.hu\/es\/#\/schema\/logo\/image\/"},"sameAs":["https:\/\/www.facebook.com\/magyarpenclub","https:\/\/www.youtube.com\/channel\/UC8bw1YALHZZJCJ-7bqvlR6Q"]},{"@type":"Person","@id":"https:\/\/magyarpenclub.hu\/es\/#\/schema\/person\/9d0e9bdcfa14a17e3af44ee46f4f047e","name":"admin","image":{"@type":"ImageObject","inLanguage":"es","@id":"https:\/\/secure.gravatar.com\/avatar\/56608a5ae1d60c555b558b0cda110391ad52d81e37b79808b2f59eaf60ba9e43?s=96&d=mm&r=g","url":"https:\/\/secure.gravatar.com\/avatar\/56608a5ae1d60c555b558b0cda110391ad52d81e37b79808b2f59eaf60ba9e43?s=96&d=mm&r=g","contentUrl":"https:\/\/secure.gravatar.com\/avatar\/56608a5ae1d60c555b558b0cda110391ad52d81e37b79808b2f59eaf60ba9e43?s=96&d=mm&r=g","caption":"admin"},"sameAs":["https:\/\/magyarpenclub.hu"],"url":"https:\/\/magyarpenclub.hu\/es\/author\/admin\/"}]}},"_links":{"self":[{"href":"https:\/\/magyarpenclub.hu\/es\/wp-json\/wp\/v2\/posts\/8328","targetHints":{"allow":["GET"]}}],"collection":[{"href":"https:\/\/magyarpenclub.hu\/es\/wp-json\/wp\/v2\/posts"}],"about":[{"href":"https:\/\/magyarpenclub.hu\/es\/wp-json\/wp\/v2\/types\/post"}],"author":[{"embeddable":true,"href":"https:\/\/magyarpenclub.hu\/es\/wp-json\/wp\/v2\/users\/1"}],"replies":[{"embeddable":true,"href":"https:\/\/magyarpenclub.hu\/es\/wp-json\/wp\/v2\/comments?post=8328"}],"version-history":[{"count":0,"href":"https:\/\/magyarpenclub.hu\/es\/wp-json\/wp\/v2\/posts\/8328\/revisions"}],"wp:featuredmedia":[{"embeddable":true,"href":"https:\/\/magyarpenclub.hu\/es\/wp-json\/wp\/v2\/media\/8331"}],"wp:attachment":[{"href":"https:\/\/magyarpenclub.hu\/es\/wp-json\/wp\/v2\/media?parent=8328"}],"wp:term":[{"taxonomy":"category","embeddable":true,"href":"https:\/\/magyarpenclub.hu\/es\/wp-json\/wp\/v2\/categories?post=8328"},{"taxonomy":"post_tag","embeddable":true,"href":"https:\/\/magyarpenclub.hu\/es\/wp-json\/wp\/v2\/tags?post=8328"}],"curies":[{"name":"wp","href":"https:\/\/api.w.org\/{rel}","templated":true}]}}