{"id":7106,"date":"2021-02-12T16:54:00","date_gmt":"2021-02-12T16:54:00","guid":{"rendered":"https:\/\/magyarpenclub.hu\/2021\/02\/12\/itamar-jaoz-keszt-meurt\/"},"modified":"2023-11-02T09:50:00","modified_gmt":"2023-11-02T09:50:00","slug":"itamar-jaoz-keszt-meurt","status":"publish","type":"post","link":"https:\/\/magyarpenclub.hu\/fr\/2021\/02\/12\/itamar-jaoz-keszt-meurt\/","title":{"rendered":"Itamar J\u00e1oz-Keszt meurt"},"content":{"rendered":"\t\t<div data-elementor-type=\"wp-post\" data-elementor-id=\"7106\" class=\"elementor elementor-7106 elementor-222\" data-elementor-post-type=\"post\">\n\t\t\t\t\t\t<section class=\"elementor-section elementor-top-section elementor-element elementor-element-75216b2 elementor-section-boxed elementor-section-height-default elementor-section-height-default\" data-id=\"75216b2\" data-element_type=\"section\" data-e-type=\"section\">\n\t\t\t\t\t\t<div class=\"elementor-container elementor-column-gap-wide\">\n\t\t\t\t\t<div class=\"elementor-column elementor-col-50 elementor-top-column elementor-element elementor-element-cca8375\" data-id=\"cca8375\" data-element_type=\"column\" data-e-type=\"column\">\n\t\t\t<div class=\"elementor-widget-wrap elementor-element-populated\">\n\t\t\t\t\t\t<div class=\"elementor-element elementor-element-9d65604 elementor-widget elementor-widget-heading\" data-id=\"9d65604\" data-element_type=\"widget\" data-e-type=\"widget\" data-widget_type=\"heading.default\">\n\t\t\t\t<div class=\"elementor-widget-container\">\n\t\t\t\t\t<h3 class=\"elementor-heading-title elementor-size-default\">Peu de personnes ont fait autant pour promouvoir la litt\u00e9rature hongroise \u00e0 l'\u00e9tranger<\/h3>\t\t\t\t<\/div>\n\t\t\t\t<\/div>\n\t\t\t\t\t<\/div>\n\t\t<\/div>\n\t\t\t\t<div class=\"elementor-column elementor-col-50 elementor-top-column elementor-element elementor-element-a9e5a7f\" data-id=\"a9e5a7f\" data-element_type=\"column\" data-e-type=\"column\">\n\t\t\t<div class=\"elementor-widget-wrap elementor-element-populated\">\n\t\t\t\t\t\t<div class=\"elementor-element elementor-element-a447652 elementor-widget elementor-widget-text-editor\" data-id=\"a447652\" data-element_type=\"widget\" data-e-type=\"widget\" data-widget_type=\"text-editor.default\">\n\t\t\t\t<div class=\"elementor-widget-container\">\n\t\t\t\t\t\t\t\t\tPeu de gens ont fait plus que lui pour promouvoir la litt\u00e9rature hongroise \u00e0 l&rsquo;\u00e9tranger ; dans l&rsquo;anthologie en trois volumes Csodaszarvas (Cvi Haplaot), qu&rsquo;il a traduite, il a pr\u00e9sent\u00e9 le meilleur de la po\u00e9sie hongroise de B\u00e1lin Balassi \u00e0 nos jours. Outre le prix Pro Cultura Hungarica, il a \u00e9galement re\u00e7u le Janus Pannonius Literary Translator&rsquo;s Lifetime Achievement Award du PEN Club hongrois. Cette photo a \u00e9t\u00e9 prise \u00e0 Tel Aviv en 2011, avant le lancement du livret de po\u00e9sie h\u00e9breu-hongrois The Night Porter. Il a traduit tout le livre en h\u00e9breu, et j&rsquo;en suis tr\u00e8s fier depuis. Merci pour tout, cher Itamar !\n\n<strong>Istv\u00e1n Turczi<\/strong>\nSecr\u00e9taire g\u00e9n\u00e9ral\t\t\t\t\t\t\t\t<\/div>\n\t\t\t\t<\/div>\n\t\t\t\t\t<\/div>\n\t\t<\/div>\n\t\t\t\t\t<\/div>\n\t\t<\/section>\n\t\t\t\t<section class=\"elementor-section elementor-top-section elementor-element elementor-element-8ee5a47 elementor-section-boxed elementor-section-height-default elementor-section-height-default\" data-id=\"8ee5a47\" data-element_type=\"section\" data-e-type=\"section\">\n\t\t\t\t\t\t<div class=\"elementor-container elementor-column-gap-wide\">\n\t\t\t\t\t<div class=\"elementor-column elementor-col-100 elementor-top-column elementor-element elementor-element-72fa2dd\" data-id=\"72fa2dd\" data-element_type=\"column\" data-e-type=\"column\">\n\t\t\t<div class=\"elementor-widget-wrap elementor-element-populated\">\n\t\t\t\t\t\t<div class=\"elementor-element elementor-element-38b2c77 elementor-widget elementor-widget-image\" data-id=\"38b2c77\" data-element_type=\"widget\" data-e-type=\"widget\" data-widget_type=\"image.default\">\n\t\t\t\t<div class=\"elementor-widget-container\">\n\t\t\t\t\t\t\t\t\t\t\t\t<figure class=\"wp-caption\">\n\t\t\t\t\t\t\t\t\t\t<img decoding=\"async\" width=\"800\" height=\"532\" src=\"https:\/\/magyarpenclub.hu\/wp-content\/uploads\/2021\/02\/kreszt-1024x681.jpg\" class=\"attachment-large size-large wp-image-6466\" alt=\"\" srcset=\"https:\/\/magyarpenclub.hu\/wp-content\/uploads\/2021\/02\/kreszt-1024x681.jpg 1024w, https:\/\/magyarpenclub.hu\/wp-content\/uploads\/2021\/02\/kreszt-1000x665.jpg 1000w, https:\/\/magyarpenclub.hu\/wp-content\/uploads\/2021\/02\/kreszt-300x200.jpg 300w, https:\/\/magyarpenclub.hu\/wp-content\/uploads\/2021\/02\/kreszt-768x511.jpg 768w, https:\/\/magyarpenclub.hu\/wp-content\/uploads\/2021\/02\/kreszt.jpg 1512w\" sizes=\"(max-width: 800px) 100vw, 800px\" \/>\t\t\t\t\t\t\t\t\t\t\t<figcaption class=\"widget-image-caption wp-caption-text\">Turczi Istv\u00e1n \u00e9s Itam\u00e1r J\u00e1oz-Keszt<\/figcaption>\n\t\t\t\t\t\t\t\t\t\t<\/figure>\n\t\t\t\t\t\t\t\t\t<\/div>\n\t\t\t\t<\/div>\n\t\t\t\t\t<\/div>\n\t\t<\/div>\n\t\t\t\t\t<\/div>\n\t\t<\/section>\n\t\t\t\t<\/div>\n\t\t","protected":false},"excerpt":{"rendered":"<p>Une fois de plus, l&rsquo;un des plus grands s&rsquo;en va. ITAMAR J\u00c1OZ-KESZT, po\u00e8te et traducteur litt\u00e9raire de renomm\u00e9e mondiale, n\u00e9 \u00e0 Sarva, en Isra\u00ebl, et vivant en Isra\u00ebl depuis 1951, est d\u00e9c\u00e9d\u00e9 le 11 f\u00e9vrier, le 29 du mois de Swat, le 87e jour de sa vie. est d\u00e9c\u00e9d\u00e9 au cours de l&rsquo;ann\u00e9e.<\/p>\n","protected":false},"author":1,"featured_media":6463,"comment_status":"closed","ping_status":"open","sticky":false,"template":"","format":"standard","meta":{"_acf_changed":false,"footnotes":""},"categories":[172],"tags":[],"class_list":["post-7106","post","type-post","status-publish","format-standard","has-post-thumbnail","hentry","category-in-memoriam-fr"],"acf":[],"yoast_head":"<!-- This site is optimized with the Yoast SEO plugin v27.5 - https:\/\/yoast.com\/product\/yoast-seo-wordpress\/ -->\n<title>Itamar J\u00e1oz-Keszt meurt - Magyar PEN Club<\/title>\n<meta name=\"robots\" content=\"index, follow, max-snippet:-1, max-image-preview:large, max-video-preview:-1\" \/>\n<link rel=\"canonical\" href=\"https:\/\/magyarpenclub.hu\/fr\/2021\/02\/12\/itamar-jaoz-keszt-meurt\/\" \/>\n<meta property=\"og:locale\" content=\"fr_FR\" \/>\n<meta property=\"og:type\" content=\"article\" \/>\n<meta property=\"og:title\" content=\"Itamar J\u00e1oz-Keszt meurt - Magyar PEN Club\" \/>\n<meta property=\"og:description\" content=\"Une fois de plus, l&#039;un des plus grands s&#039;en va. ITAMAR J\u00c1OZ-KESZT, po\u00e8te et traducteur litt\u00e9raire de renomm\u00e9e mondiale, n\u00e9 \u00e0 Sarva, en Isra\u00ebl, et vivant en Isra\u00ebl depuis 1951, est d\u00e9c\u00e9d\u00e9 le 11 f\u00e9vrier, le 29 du mois de Swat, le 87e jour de sa vie. est d\u00e9c\u00e9d\u00e9 au cours de l&#039;ann\u00e9e.\" \/>\n<meta property=\"og:url\" content=\"https:\/\/magyarpenclub.hu\/fr\/2021\/02\/12\/itamar-jaoz-keszt-meurt\/\" \/>\n<meta property=\"og:site_name\" content=\"Magyar PEN Club\" \/>\n<meta property=\"article:publisher\" content=\"https:\/\/www.facebook.com\/magyarpenclub\" \/>\n<meta property=\"article:published_time\" content=\"2021-02-12T16:54:00+00:00\" \/>\n<meta property=\"article:modified_time\" content=\"2023-11-02T09:50:00+00:00\" \/>\n<meta property=\"og:image\" content=\"https:\/\/magyarpenclub.hu\/wp-content\/uploads\/2021\/05\/kreszt2.jpg\" \/>\n\t<meta property=\"og:image:width\" content=\"1482\" \/>\n\t<meta property=\"og:image:height\" content=\"1064\" \/>\n\t<meta property=\"og:image:type\" content=\"image\/jpeg\" \/>\n<meta name=\"author\" content=\"admin\" \/>\n<meta name=\"twitter:card\" content=\"summary_large_image\" \/>\n<meta name=\"twitter:label1\" content=\"\u00c9crit par\" \/>\n\t<meta name=\"twitter:data1\" content=\"admin\" \/>\n\t<meta name=\"twitter:label2\" content=\"Dur\u00e9e de lecture estim\u00e9e\" \/>\n\t<meta name=\"twitter:data2\" content=\"1 minute\" \/>\n<script type=\"application\/ld+json\" class=\"yoast-schema-graph\">{\"@context\":\"https:\\\/\\\/schema.org\",\"@graph\":[{\"@type\":\"Article\",\"@id\":\"https:\\\/\\\/magyarpenclub.hu\\\/fr\\\/2021\\\/02\\\/12\\\/itamar-jaoz-keszt-meurt\\\/#article\",\"isPartOf\":{\"@id\":\"https:\\\/\\\/magyarpenclub.hu\\\/fr\\\/2021\\\/02\\\/12\\\/itamar-jaoz-keszt-meurt\\\/\"},\"author\":{\"name\":\"admin\",\"@id\":\"https:\\\/\\\/magyarpenclub.hu\\\/fr\\\/#\\\/schema\\\/person\\\/9d0e9bdcfa14a17e3af44ee46f4f047e\"},\"headline\":\"Itamar J\u00e1oz-Keszt meurt\",\"datePublished\":\"2021-02-12T16:54:00+00:00\",\"dateModified\":\"2023-11-02T09:50:00+00:00\",\"mainEntityOfPage\":{\"@id\":\"https:\\\/\\\/magyarpenclub.hu\\\/fr\\\/2021\\\/02\\\/12\\\/itamar-jaoz-keszt-meurt\\\/\"},\"wordCount\":147,\"publisher\":{\"@id\":\"https:\\\/\\\/magyarpenclub.hu\\\/fr\\\/#organization\"},\"image\":{\"@id\":\"https:\\\/\\\/magyarpenclub.hu\\\/fr\\\/2021\\\/02\\\/12\\\/itamar-jaoz-keszt-meurt\\\/#primaryimage\"},\"thumbnailUrl\":\"https:\\\/\\\/magyarpenclub.hu\\\/wp-content\\\/uploads\\\/2021\\\/05\\\/kreszt2.jpg\",\"articleSection\":[\"In memoriam\"],\"inLanguage\":\"fr-FR\"},{\"@type\":\"WebPage\",\"@id\":\"https:\\\/\\\/magyarpenclub.hu\\\/fr\\\/2021\\\/02\\\/12\\\/itamar-jaoz-keszt-meurt\\\/\",\"url\":\"https:\\\/\\\/magyarpenclub.hu\\\/fr\\\/2021\\\/02\\\/12\\\/itamar-jaoz-keszt-meurt\\\/\",\"name\":\"Itamar J\u00e1oz-Keszt meurt - Magyar PEN Club\",\"isPartOf\":{\"@id\":\"https:\\\/\\\/magyarpenclub.hu\\\/fr\\\/#website\"},\"primaryImageOfPage\":{\"@id\":\"https:\\\/\\\/magyarpenclub.hu\\\/fr\\\/2021\\\/02\\\/12\\\/itamar-jaoz-keszt-meurt\\\/#primaryimage\"},\"image\":{\"@id\":\"https:\\\/\\\/magyarpenclub.hu\\\/fr\\\/2021\\\/02\\\/12\\\/itamar-jaoz-keszt-meurt\\\/#primaryimage\"},\"thumbnailUrl\":\"https:\\\/\\\/magyarpenclub.hu\\\/wp-content\\\/uploads\\\/2021\\\/05\\\/kreszt2.jpg\",\"datePublished\":\"2021-02-12T16:54:00+00:00\",\"dateModified\":\"2023-11-02T09:50:00+00:00\",\"breadcrumb\":{\"@id\":\"https:\\\/\\\/magyarpenclub.hu\\\/fr\\\/2021\\\/02\\\/12\\\/itamar-jaoz-keszt-meurt\\\/#breadcrumb\"},\"inLanguage\":\"fr-FR\",\"potentialAction\":[{\"@type\":\"ReadAction\",\"target\":[\"https:\\\/\\\/magyarpenclub.hu\\\/fr\\\/2021\\\/02\\\/12\\\/itamar-jaoz-keszt-meurt\\\/\"]}]},{\"@type\":\"ImageObject\",\"inLanguage\":\"fr-FR\",\"@id\":\"https:\\\/\\\/magyarpenclub.hu\\\/fr\\\/2021\\\/02\\\/12\\\/itamar-jaoz-keszt-meurt\\\/#primaryimage\",\"url\":\"https:\\\/\\\/magyarpenclub.hu\\\/wp-content\\\/uploads\\\/2021\\\/05\\\/kreszt2.jpg\",\"contentUrl\":\"https:\\\/\\\/magyarpenclub.hu\\\/wp-content\\\/uploads\\\/2021\\\/05\\\/kreszt2.jpg\",\"width\":1482,\"height\":1064,\"caption\":\"Itam\u00e1r J\u00e1oz-Keszt\"},{\"@type\":\"BreadcrumbList\",\"@id\":\"https:\\\/\\\/magyarpenclub.hu\\\/fr\\\/2021\\\/02\\\/12\\\/itamar-jaoz-keszt-meurt\\\/#breadcrumb\",\"itemListElement\":[{\"@type\":\"ListItem\",\"position\":1,\"name\":\"Kezd\u0151lap\",\"item\":\"https:\\\/\\\/magyarpenclub.hu\\\/fr\\\/\"},{\"@type\":\"ListItem\",\"position\":2,\"name\":\"Itamar J\u00e1oz-Keszt meurt\"}]},{\"@type\":\"WebSite\",\"@id\":\"https:\\\/\\\/magyarpenclub.hu\\\/fr\\\/#website\",\"url\":\"https:\\\/\\\/magyarpenclub.hu\\\/fr\\\/\",\"name\":\"Magyar PEN Club\",\"description\":\"H\u00edrek, k\u00f6zlem\u00e9nyek, \u00edr\u00e1sok\",\"publisher\":{\"@id\":\"https:\\\/\\\/magyarpenclub.hu\\\/fr\\\/#organization\"},\"potentialAction\":[{\"@type\":\"SearchAction\",\"target\":{\"@type\":\"EntryPoint\",\"urlTemplate\":\"https:\\\/\\\/magyarpenclub.hu\\\/fr\\\/?s={search_term_string}\"},\"query-input\":{\"@type\":\"PropertyValueSpecification\",\"valueRequired\":true,\"valueName\":\"search_term_string\"}}],\"inLanguage\":\"fr-FR\"},{\"@type\":\"Organization\",\"@id\":\"https:\\\/\\\/magyarpenclub.hu\\\/fr\\\/#organization\",\"name\":\"Magyar P.E.N. Club\",\"url\":\"https:\\\/\\\/magyarpenclub.hu\\\/fr\\\/\",\"logo\":{\"@type\":\"ImageObject\",\"inLanguage\":\"fr-FR\",\"@id\":\"https:\\\/\\\/magyarpenclub.hu\\\/fr\\\/#\\\/schema\\\/logo\\\/image\\\/\",\"url\":\"https:\\\/\\\/magyarpenclub.hu\\\/wp-content\\\/uploads\\\/2022\\\/08\\\/magyar-pen-club-logo.png\",\"contentUrl\":\"https:\\\/\\\/magyarpenclub.hu\\\/wp-content\\\/uploads\\\/2022\\\/08\\\/magyar-pen-club-logo.png\",\"width\":195,\"height\":195,\"caption\":\"Magyar P.E.N. Club\"},\"image\":{\"@id\":\"https:\\\/\\\/magyarpenclub.hu\\\/fr\\\/#\\\/schema\\\/logo\\\/image\\\/\"},\"sameAs\":[\"https:\\\/\\\/www.facebook.com\\\/magyarpenclub\",\"https:\\\/\\\/www.youtube.com\\\/channel\\\/UC8bw1YALHZZJCJ-7bqvlR6Q\"]},{\"@type\":\"Person\",\"@id\":\"https:\\\/\\\/magyarpenclub.hu\\\/fr\\\/#\\\/schema\\\/person\\\/9d0e9bdcfa14a17e3af44ee46f4f047e\",\"name\":\"admin\",\"image\":{\"@type\":\"ImageObject\",\"inLanguage\":\"fr-FR\",\"@id\":\"https:\\\/\\\/secure.gravatar.com\\\/avatar\\\/56608a5ae1d60c555b558b0cda110391ad52d81e37b79808b2f59eaf60ba9e43?s=96&d=mm&r=g\",\"url\":\"https:\\\/\\\/secure.gravatar.com\\\/avatar\\\/56608a5ae1d60c555b558b0cda110391ad52d81e37b79808b2f59eaf60ba9e43?s=96&d=mm&r=g\",\"contentUrl\":\"https:\\\/\\\/secure.gravatar.com\\\/avatar\\\/56608a5ae1d60c555b558b0cda110391ad52d81e37b79808b2f59eaf60ba9e43?s=96&d=mm&r=g\",\"caption\":\"admin\"},\"sameAs\":[\"https:\\\/\\\/magyarpenclub.hu\"],\"url\":\"https:\\\/\\\/magyarpenclub.hu\\\/fr\\\/author\\\/admin\\\/\"}]}<\/script>\n<!-- \/ Yoast SEO plugin. -->","yoast_head_json":{"title":"Itamar J\u00e1oz-Keszt meurt - Magyar PEN Club","robots":{"index":"index","follow":"follow","max-snippet":"max-snippet:-1","max-image-preview":"max-image-preview:large","max-video-preview":"max-video-preview:-1"},"canonical":"https:\/\/magyarpenclub.hu\/fr\/2021\/02\/12\/itamar-jaoz-keszt-meurt\/","og_locale":"fr_FR","og_type":"article","og_title":"Itamar J\u00e1oz-Keszt meurt - Magyar PEN Club","og_description":"Une fois de plus, l'un des plus grands s'en va. ITAMAR J\u00c1OZ-KESZT, po\u00e8te et traducteur litt\u00e9raire de renomm\u00e9e mondiale, n\u00e9 \u00e0 Sarva, en Isra\u00ebl, et vivant en Isra\u00ebl depuis 1951, est d\u00e9c\u00e9d\u00e9 le 11 f\u00e9vrier, le 29 du mois de Swat, le 87e jour de sa vie. est d\u00e9c\u00e9d\u00e9 au cours de l'ann\u00e9e.","og_url":"https:\/\/magyarpenclub.hu\/fr\/2021\/02\/12\/itamar-jaoz-keszt-meurt\/","og_site_name":"Magyar PEN Club","article_publisher":"https:\/\/www.facebook.com\/magyarpenclub","article_published_time":"2021-02-12T16:54:00+00:00","article_modified_time":"2023-11-02T09:50:00+00:00","og_image":[{"width":1482,"height":1064,"url":"https:\/\/magyarpenclub.hu\/wp-content\/uploads\/2021\/05\/kreszt2.jpg","type":"image\/jpeg"}],"author":"admin","twitter_card":"summary_large_image","twitter_misc":{"\u00c9crit par":"admin","Dur\u00e9e de lecture estim\u00e9e":"1 minute"},"schema":{"@context":"https:\/\/schema.org","@graph":[{"@type":"Article","@id":"https:\/\/magyarpenclub.hu\/fr\/2021\/02\/12\/itamar-jaoz-keszt-meurt\/#article","isPartOf":{"@id":"https:\/\/magyarpenclub.hu\/fr\/2021\/02\/12\/itamar-jaoz-keszt-meurt\/"},"author":{"name":"admin","@id":"https:\/\/magyarpenclub.hu\/fr\/#\/schema\/person\/9d0e9bdcfa14a17e3af44ee46f4f047e"},"headline":"Itamar J\u00e1oz-Keszt meurt","datePublished":"2021-02-12T16:54:00+00:00","dateModified":"2023-11-02T09:50:00+00:00","mainEntityOfPage":{"@id":"https:\/\/magyarpenclub.hu\/fr\/2021\/02\/12\/itamar-jaoz-keszt-meurt\/"},"wordCount":147,"publisher":{"@id":"https:\/\/magyarpenclub.hu\/fr\/#organization"},"image":{"@id":"https:\/\/magyarpenclub.hu\/fr\/2021\/02\/12\/itamar-jaoz-keszt-meurt\/#primaryimage"},"thumbnailUrl":"https:\/\/magyarpenclub.hu\/wp-content\/uploads\/2021\/05\/kreszt2.jpg","articleSection":["In memoriam"],"inLanguage":"fr-FR"},{"@type":"WebPage","@id":"https:\/\/magyarpenclub.hu\/fr\/2021\/02\/12\/itamar-jaoz-keszt-meurt\/","url":"https:\/\/magyarpenclub.hu\/fr\/2021\/02\/12\/itamar-jaoz-keszt-meurt\/","name":"Itamar J\u00e1oz-Keszt meurt - Magyar PEN Club","isPartOf":{"@id":"https:\/\/magyarpenclub.hu\/fr\/#website"},"primaryImageOfPage":{"@id":"https:\/\/magyarpenclub.hu\/fr\/2021\/02\/12\/itamar-jaoz-keszt-meurt\/#primaryimage"},"image":{"@id":"https:\/\/magyarpenclub.hu\/fr\/2021\/02\/12\/itamar-jaoz-keszt-meurt\/#primaryimage"},"thumbnailUrl":"https:\/\/magyarpenclub.hu\/wp-content\/uploads\/2021\/05\/kreszt2.jpg","datePublished":"2021-02-12T16:54:00+00:00","dateModified":"2023-11-02T09:50:00+00:00","breadcrumb":{"@id":"https:\/\/magyarpenclub.hu\/fr\/2021\/02\/12\/itamar-jaoz-keszt-meurt\/#breadcrumb"},"inLanguage":"fr-FR","potentialAction":[{"@type":"ReadAction","target":["https:\/\/magyarpenclub.hu\/fr\/2021\/02\/12\/itamar-jaoz-keszt-meurt\/"]}]},{"@type":"ImageObject","inLanguage":"fr-FR","@id":"https:\/\/magyarpenclub.hu\/fr\/2021\/02\/12\/itamar-jaoz-keszt-meurt\/#primaryimage","url":"https:\/\/magyarpenclub.hu\/wp-content\/uploads\/2021\/05\/kreszt2.jpg","contentUrl":"https:\/\/magyarpenclub.hu\/wp-content\/uploads\/2021\/05\/kreszt2.jpg","width":1482,"height":1064,"caption":"Itam\u00e1r J\u00e1oz-Keszt"},{"@type":"BreadcrumbList","@id":"https:\/\/magyarpenclub.hu\/fr\/2021\/02\/12\/itamar-jaoz-keszt-meurt\/#breadcrumb","itemListElement":[{"@type":"ListItem","position":1,"name":"Kezd\u0151lap","item":"https:\/\/magyarpenclub.hu\/fr\/"},{"@type":"ListItem","position":2,"name":"Itamar J\u00e1oz-Keszt meurt"}]},{"@type":"WebSite","@id":"https:\/\/magyarpenclub.hu\/fr\/#website","url":"https:\/\/magyarpenclub.hu\/fr\/","name":"Magyar PEN Club","description":"H\u00edrek, k\u00f6zlem\u00e9nyek, \u00edr\u00e1sok","publisher":{"@id":"https:\/\/magyarpenclub.hu\/fr\/#organization"},"potentialAction":[{"@type":"SearchAction","target":{"@type":"EntryPoint","urlTemplate":"https:\/\/magyarpenclub.hu\/fr\/?s={search_term_string}"},"query-input":{"@type":"PropertyValueSpecification","valueRequired":true,"valueName":"search_term_string"}}],"inLanguage":"fr-FR"},{"@type":"Organization","@id":"https:\/\/magyarpenclub.hu\/fr\/#organization","name":"Magyar P.E.N. Club","url":"https:\/\/magyarpenclub.hu\/fr\/","logo":{"@type":"ImageObject","inLanguage":"fr-FR","@id":"https:\/\/magyarpenclub.hu\/fr\/#\/schema\/logo\/image\/","url":"https:\/\/magyarpenclub.hu\/wp-content\/uploads\/2022\/08\/magyar-pen-club-logo.png","contentUrl":"https:\/\/magyarpenclub.hu\/wp-content\/uploads\/2022\/08\/magyar-pen-club-logo.png","width":195,"height":195,"caption":"Magyar P.E.N. Club"},"image":{"@id":"https:\/\/magyarpenclub.hu\/fr\/#\/schema\/logo\/image\/"},"sameAs":["https:\/\/www.facebook.com\/magyarpenclub","https:\/\/www.youtube.com\/channel\/UC8bw1YALHZZJCJ-7bqvlR6Q"]},{"@type":"Person","@id":"https:\/\/magyarpenclub.hu\/fr\/#\/schema\/person\/9d0e9bdcfa14a17e3af44ee46f4f047e","name":"admin","image":{"@type":"ImageObject","inLanguage":"fr-FR","@id":"https:\/\/secure.gravatar.com\/avatar\/56608a5ae1d60c555b558b0cda110391ad52d81e37b79808b2f59eaf60ba9e43?s=96&d=mm&r=g","url":"https:\/\/secure.gravatar.com\/avatar\/56608a5ae1d60c555b558b0cda110391ad52d81e37b79808b2f59eaf60ba9e43?s=96&d=mm&r=g","contentUrl":"https:\/\/secure.gravatar.com\/avatar\/56608a5ae1d60c555b558b0cda110391ad52d81e37b79808b2f59eaf60ba9e43?s=96&d=mm&r=g","caption":"admin"},"sameAs":["https:\/\/magyarpenclub.hu"],"url":"https:\/\/magyarpenclub.hu\/fr\/author\/admin\/"}]}},"_links":{"self":[{"href":"https:\/\/magyarpenclub.hu\/fr\/wp-json\/wp\/v2\/posts\/7106","targetHints":{"allow":["GET"]}}],"collection":[{"href":"https:\/\/magyarpenclub.hu\/fr\/wp-json\/wp\/v2\/posts"}],"about":[{"href":"https:\/\/magyarpenclub.hu\/fr\/wp-json\/wp\/v2\/types\/post"}],"author":[{"embeddable":true,"href":"https:\/\/magyarpenclub.hu\/fr\/wp-json\/wp\/v2\/users\/1"}],"replies":[{"embeddable":true,"href":"https:\/\/magyarpenclub.hu\/fr\/wp-json\/wp\/v2\/comments?post=7106"}],"version-history":[{"count":0,"href":"https:\/\/magyarpenclub.hu\/fr\/wp-json\/wp\/v2\/posts\/7106\/revisions"}],"wp:featuredmedia":[{"embeddable":true,"href":"https:\/\/magyarpenclub.hu\/fr\/wp-json\/wp\/v2\/media\/6463"}],"wp:attachment":[{"href":"https:\/\/magyarpenclub.hu\/fr\/wp-json\/wp\/v2\/media?parent=7106"}],"wp:term":[{"taxonomy":"category","embeddable":true,"href":"https:\/\/magyarpenclub.hu\/fr\/wp-json\/wp\/v2\/categories?post=7106"},{"taxonomy":"post_tag","embeddable":true,"href":"https:\/\/magyarpenclub.hu\/fr\/wp-json\/wp\/v2\/tags?post=7106"}],"curies":[{"name":"wp","href":"https:\/\/api.w.org\/{rel}","templated":true}]}}