{"id":7122,"date":"2021-03-22T05:59:00","date_gmt":"2021-03-22T05:59:00","guid":{"rendered":"https:\/\/magyarpenclub.hu\/2021\/03\/22\/deces-du-poete-polonais-adam-zagajewski-laureat-du-grand-prix-janus-pannonius\/"},"modified":"2023-11-02T09:53:23","modified_gmt":"2023-11-02T09:53:23","slug":"deces-du-poete-polonais-adam-zagajewski-laureat-du-grand-prix-janus-pannonius","status":"publish","type":"post","link":"https:\/\/magyarpenclub.hu\/fr\/2021\/03\/22\/deces-du-poete-polonais-adam-zagajewski-laureat-du-grand-prix-janus-pannonius\/","title":{"rendered":"D\u00e9c\u00e8s du po\u00e8te polonais Adam Zagajewski, laur\u00e9at du Grand Prix Janus Pannonius"},"content":{"rendered":"\t\t<div data-elementor-type=\"wp-post\" data-elementor-id=\"7122\" class=\"elementor elementor-7122 elementor-225\" data-elementor-post-type=\"post\">\n\t\t\t\t\t\t<section class=\"elementor-section elementor-top-section elementor-element elementor-element-02137d0 elementor-section-boxed elementor-section-height-default elementor-section-height-default\" data-id=\"02137d0\" data-element_type=\"section\" data-e-type=\"section\">\n\t\t\t\t\t\t<div class=\"elementor-container elementor-column-gap-wide\">\n\t\t\t\t\t<div class=\"elementor-column elementor-col-100 elementor-top-column elementor-element elementor-element-d1519bd\" data-id=\"d1519bd\" data-element_type=\"column\" data-e-type=\"column\">\n\t\t\t<div class=\"elementor-widget-wrap elementor-element-populated\">\n\t\t\t\t\t\t<div class=\"elementor-element elementor-element-816ab7d elementor-widget elementor-widget-text-editor\" data-id=\"816ab7d\" data-element_type=\"widget\" data-e-type=\"widget\" data-widget_type=\"text-editor.default\">\n\t\t\t\t<div class=\"elementor-widget-container\">\n\t\t\t\t\t\t\t\t\t<p>Adam Zagajewski est n\u00e9 \u00e0 Lviv en 1945, a pass\u00e9 son enfance \u00e0 Gliwice, en Sil\u00e9sie, et a \u00e9tudi\u00e9 la psychologie et la philosophie \u00e0 l&rsquo;universit\u00e9 Jagiellonian de Cracovie.<\/p>\n<p>Son premier recueil de po\u00e8mes a \u00e9t\u00e9 publi\u00e9 en 1968. Avec son coll\u00e8gue Julian Kornhauser (beau-p\u00e8re de l&rsquo;actuel pr\u00e9sident polonais Andrzej Duda), il a d\u00e9velopp\u00e9 le programme po\u00e9tique de la nouvelle vague polonaise, rejetant la po\u00e9tique hautement m\u00e9taphorique de la litt\u00e9rature polonaise d&rsquo;apr\u00e8s la Seconde Guerre mondiale, et pr\u00f4nant la repr\u00e9sentation et la culturalisation de la r\u00e9alit\u00e9 quotidienne.<\/p>\n<p>En tant qu&rsquo;intellectuel associ\u00e9 \u00e0 l&rsquo;opposition d\u00e9mocratique de gauche, il a \u00e9t\u00e9 plac\u00e9 sur la liste des auteurs interdits en 1975, a dirig\u00e9 le journal ind\u00e9pendant Zapis \u00e0 partir de 1976 et a \u00e9migr\u00e9 \u00e0 Paris en 1982, o\u00f9 il est devenu collaborateur des l\u00e9gendaires magazines litt\u00e9raires polonais Kultura et Zeszyty Literackie.<\/p>\n<p>Dans les \u0153uvres qu&rsquo;il a \u00e9crites pendant son \u00e9migration, il a rejet\u00e9 le r\u00f4le de martyr et de proph\u00e8te.<\/p>\n<p>Il est retourn\u00e9 \u00e0 Cracovie en 2002 et, dans les volumes publi\u00e9s depuis lors, il a dress\u00e9 une carte intellectuelle de l&rsquo;artiste d&rsquo;Europe centrale, en \u00e9crivant sur les lieux de son enfance et sur ses influences id\u00e9ologiques. Il a \u00e9galement tent\u00e9 d&rsquo;identifier les menaces que la civilisation fait peser sur la vie spirituelle. Ses po\u00e8mes, au style disciplin\u00e9 et aux vers sans fioritures, sont impr\u00e9gn\u00e9s de questions sur l&rsquo;entrelacement du temps, de l&rsquo;histoire et de l&rsquo;infini.<\/p>\n<p>Depuis 1988, il enseigne la cr\u00e9ation litt\u00e9raire \u00e0 l&rsquo;universit\u00e9 de Houston et donne des conf\u00e9rences \u00e0 l&rsquo;universit\u00e9 de Chicago. Aux \u00c9tats-Unis, la loi de 2001. 11 septembre. mais publi\u00e9e dans le New Yorker seulement apr\u00e8s les attaques terroristes de l&rsquo;\u00e9poque, sa traduction du po\u00e8me Try to Prise the Mutilated World, publi\u00e9e dans le New Yorker, est devenue la plus connue.<\/p>\n<p>Ces derni\u00e8res ann\u00e9es, il a \u00e9t\u00e9 cit\u00e9 parmi les po\u00e8tes nomin\u00e9s pour le prix Nobel et a remport\u00e9 plusieurs prix en Pologne et \u00e0 l&rsquo;\u00e9tranger.<\/p>\n\t\t\t\t\t\t\t\t<\/div>\n\t\t\t\t<\/div>\n\t\t\t\t\t<\/div>\n\t\t<\/div>\n\t\t\t\t\t<\/div>\n\t\t<\/section>\n\t\t\t\t<section class=\"elementor-section elementor-top-section elementor-element elementor-element-fed0a33 elementor-section-boxed elementor-section-height-default elementor-section-height-default\" data-id=\"fed0a33\" data-element_type=\"section\" data-e-type=\"section\">\n\t\t\t\t\t\t<div class=\"elementor-container elementor-column-gap-wide\">\n\t\t\t\t\t<div class=\"elementor-column elementor-col-100 elementor-top-column elementor-element elementor-element-b61b732\" data-id=\"b61b732\" data-element_type=\"column\" data-e-type=\"column\">\n\t\t\t<div class=\"elementor-widget-wrap elementor-element-populated\">\n\t\t\t\t\t\t<section class=\"elementor-section elementor-inner-section elementor-element elementor-element-7c78630 elementor-section-boxed elementor-section-height-default elementor-section-height-default\" data-id=\"7c78630\" data-element_type=\"section\" data-e-type=\"section\">\n\t\t\t\t\t\t<div class=\"elementor-container elementor-column-gap-default\">\n\t\t\t\t\t<div class=\"elementor-column elementor-col-50 elementor-inner-column elementor-element elementor-element-7f6fd1d\" data-id=\"7f6fd1d\" data-element_type=\"column\" data-e-type=\"column\">\n\t\t\t<div class=\"elementor-widget-wrap elementor-element-populated\">\n\t\t\t\t\t\t<div class=\"elementor-element elementor-element-e3d7afb elementor-widget elementor-widget-image\" data-id=\"e3d7afb\" data-element_type=\"widget\" data-e-type=\"widget\" data-widget_type=\"image.default\">\n\t\t\t\t<div class=\"elementor-widget-container\">\n\t\t\t\t\t\t\t\t\t\t\t\t<figure class=\"wp-caption\">\n\t\t\t\t\t\t\t\t\t\t<img decoding=\"async\" width=\"767\" height=\"1024\" src=\"https:\/\/magyarpenclub.hu\/wp-content\/uploads\/2021\/03\/b_janpan_2016_070-767x1024.jpg\" class=\"attachment-large size-large wp-image-6457\" alt=\"\" srcset=\"https:\/\/magyarpenclub.hu\/wp-content\/uploads\/2021\/03\/b_janpan_2016_070-767x1024.jpg 767w, https:\/\/magyarpenclub.hu\/wp-content\/uploads\/2021\/03\/b_janpan_2016_070-225x300.jpg 225w, https:\/\/magyarpenclub.hu\/wp-content\/uploads\/2021\/03\/b_janpan_2016_070-768x1026.jpg 768w, https:\/\/magyarpenclub.hu\/wp-content\/uploads\/2021\/03\/b_janpan_2016_070.jpg 780w\" sizes=\"(max-width: 767px) 100vw, 767px\" \/>\t\t\t\t\t\t\t\t\t\t\t<figcaption class=\"widget-image-caption wp-caption-text\">Adam Zagajewski \u00e9s a Janus Pannonius-nagyd\u00edj. P\u00e9cs, 2016.<\/figcaption>\n\t\t\t\t\t\t\t\t\t\t<\/figure>\n\t\t\t\t\t\t\t\t\t<\/div>\n\t\t\t\t<\/div>\n\t\t\t\t\t<\/div>\n\t\t<\/div>\n\t\t\t\t<div class=\"elementor-column elementor-col-50 elementor-inner-column elementor-element elementor-element-0901041\" data-id=\"0901041\" data-element_type=\"column\" data-e-type=\"column\">\n\t\t\t<div class=\"elementor-widget-wrap elementor-element-populated\">\n\t\t\t\t\t\t<div class=\"elementor-element elementor-element-1925059 elementor-widget elementor-widget-image\" data-id=\"1925059\" data-element_type=\"widget\" data-e-type=\"widget\" data-widget_type=\"image.default\">\n\t\t\t\t<div class=\"elementor-widget-container\">\n\t\t\t\t\t\t\t\t\t\t\t\t<figure class=\"wp-caption\">\n\t\t\t\t\t\t\t\t\t\t<img decoding=\"async\" width=\"767\" height=\"1024\" src=\"https:\/\/magyarpenclub.hu\/wp-content\/uploads\/2021\/03\/adam-zagajewski-szocs-geza-767x1024.jpg\" class=\"attachment-large size-large wp-image-6460\" alt=\"\" srcset=\"https:\/\/magyarpenclub.hu\/wp-content\/uploads\/2021\/03\/adam-zagajewski-szocs-geza-767x1024.jpg 767w, https:\/\/magyarpenclub.hu\/wp-content\/uploads\/2021\/03\/adam-zagajewski-szocs-geza-800x1067.jpg 800w, https:\/\/magyarpenclub.hu\/wp-content\/uploads\/2021\/03\/adam-zagajewski-szocs-geza-1000x1336.jpg 1000w, https:\/\/magyarpenclub.hu\/wp-content\/uploads\/2021\/03\/adam-zagajewski-szocs-geza-225x300.jpg 225w, https:\/\/magyarpenclub.hu\/wp-content\/uploads\/2021\/03\/adam-zagajewski-szocs-geza-768x1026.jpg 768w, https:\/\/magyarpenclub.hu\/wp-content\/uploads\/2021\/03\/adam-zagajewski-szocs-geza-1150x1536.jpg 1150w, https:\/\/magyarpenclub.hu\/wp-content\/uploads\/2021\/03\/adam-zagajewski-szocs-geza-scaled.jpg 1533w\" sizes=\"(max-width: 767px) 100vw, 767px\" \/>\t\t\t\t\t\t\t\t\t\t\t<figcaption class=\"widget-image-caption wp-caption-text\">Adam Zagajewski \u00e1tveszi Sz\u0151cs G\u00e9za eln\u00f6kt\u0151l a Janus Pannonius-nagyd\u00edjat. P\u00e9cs, 2016.<\/figcaption>\n\t\t\t\t\t\t\t\t\t\t<\/figure>\n\t\t\t\t\t\t\t\t\t<\/div>\n\t\t\t\t<\/div>\n\t\t\t\t\t<\/div>\n\t\t<\/div>\n\t\t\t\t\t<\/div>\n\t\t<\/section>\n\t\t\t\t\t<\/div>\n\t\t<\/div>\n\t\t\t\t\t<\/div>\n\t\t<\/section>\n\t\t\t\t<section class=\"elementor-section elementor-top-section elementor-element elementor-element-4812fe1 elementor-section-boxed elementor-section-height-default elementor-section-height-default\" data-id=\"4812fe1\" data-element_type=\"section\" data-e-type=\"section\">\n\t\t\t\t\t\t<div class=\"elementor-container elementor-column-gap-wide\">\n\t\t\t\t\t<div class=\"elementor-column elementor-col-100 elementor-top-column elementor-element elementor-element-0f6ebdf\" data-id=\"0f6ebdf\" data-element_type=\"column\" data-e-type=\"column\">\n\t\t\t<div class=\"elementor-widget-wrap elementor-element-populated\">\n\t\t\t\t\t\t<div class=\"elementor-element elementor-element-c7a3087 elementor-widget elementor-widget-text-editor\" data-id=\"c7a3087\" data-element_type=\"widget\" data-e-type=\"widget\" data-widget_type=\"text-editor.default\">\n\t\t\t\t<div class=\"elementor-widget-container\">\n\t\t\t\t\t\t\t\t\t<p>Ses \u0153uvres ont \u00e9galement \u00e9t\u00e9 publi\u00e9es dans des traductions hongroises, le premier volume de Zagajewski en langue hongroise &#8211; contenant 80 po\u00e8mes &#8211; a \u00e9t\u00e9 publi\u00e9 en 2004, et une s\u00e9lection de 100 po\u00e8mes intitul\u00e9e Music Listened to with You a \u00e9t\u00e9 publi\u00e9e en 2016 par le PEN Club hongrois, qui a d\u00e9cern\u00e9 la m\u00eame ann\u00e9e le Grand prix Janus Pannonius de po\u00e9sie \u00e0 Zagajewski, d\u00e9crit dans la citation comme \u00ab\u00a0l&rsquo;une des personnalit\u00e9s po\u00e9tiques les plus significatives de notre \u00e9poque\u00a0\u00bb.<\/p>\n<p>Dans un message sur Twitter, le pr\u00e9sident Andrzej Duda a qualifi\u00e9 le d\u00e9c\u00e8s d&rsquo;Adam Zagajewski de grande perte pour la litt\u00e9rature polonaise.<\/p>\n<p>(helyorseg.ma)<\/p>\n\t\t\t\t\t\t\t\t<\/div>\n\t\t\t\t<\/div>\n\t\t\t\t\t<\/div>\n\t\t<\/div>\n\t\t\t\t\t<\/div>\n\t\t<\/section>\n\t\t\t\t<\/div>\n\t\t","protected":false},"excerpt":{"rendered":"<p>Le po\u00e8te et essayiste Adam Zagajewski, cr\u00e9ateur de la nouvelle vague polonaise et laur\u00e9at du grand prix de po\u00e9sie Janus Pannonius 2016, est d\u00e9c\u00e9d\u00e9 dimanche soir \u00e0 Cracovie \u00e0 l&rsquo;\u00e2ge de 75 ans.<\/p>\n","protected":false},"author":1,"featured_media":6454,"comment_status":"open","ping_status":"open","sticky":false,"template":"","format":"standard","meta":{"_acf_changed":false,"footnotes":""},"categories":[172],"tags":[],"class_list":["post-7122","post","type-post","status-publish","format-standard","has-post-thumbnail","hentry","category-in-memoriam-fr"],"acf":[],"yoast_head":"<!-- This site is optimized with the Yoast SEO plugin v27.5 - https:\/\/yoast.com\/product\/yoast-seo-wordpress\/ -->\n<title>D\u00e9c\u00e8s du po\u00e8te polonais Adam Zagajewski, laur\u00e9at du Grand Prix Janus Pannonius - Magyar PEN Club<\/title>\n<meta name=\"robots\" content=\"index, follow, max-snippet:-1, max-image-preview:large, max-video-preview:-1\" \/>\n<link rel=\"canonical\" href=\"https:\/\/magyarpenclub.hu\/fr\/2021\/03\/22\/deces-du-poete-polonais-adam-zagajewski-laureat-du-grand-prix-janus-pannonius\/\" \/>\n<meta property=\"og:locale\" content=\"fr_FR\" \/>\n<meta property=\"og:type\" content=\"article\" \/>\n<meta property=\"og:title\" content=\"D\u00e9c\u00e8s du po\u00e8te polonais Adam Zagajewski, laur\u00e9at du Grand Prix Janus Pannonius - Magyar PEN Club\" \/>\n<meta property=\"og:description\" content=\"Le po\u00e8te et essayiste Adam Zagajewski, cr\u00e9ateur de la nouvelle vague polonaise et laur\u00e9at du grand prix de po\u00e9sie Janus Pannonius 2016, est d\u00e9c\u00e9d\u00e9 dimanche soir \u00e0 Cracovie \u00e0 l&#039;\u00e2ge de 75 ans.\" \/>\n<meta property=\"og:url\" content=\"https:\/\/magyarpenclub.hu\/fr\/2021\/03\/22\/deces-du-poete-polonais-adam-zagajewski-laureat-du-grand-prix-janus-pannonius\/\" \/>\n<meta property=\"og:site_name\" content=\"Magyar PEN Club\" \/>\n<meta property=\"article:publisher\" content=\"https:\/\/www.facebook.com\/magyarpenclub\" \/>\n<meta property=\"article:published_time\" content=\"2021-03-22T05:59:00+00:00\" \/>\n<meta property=\"article:modified_time\" content=\"2023-11-02T09:53:23+00:00\" \/>\n<meta property=\"og:image\" content=\"https:\/\/magyarpenclub.hu\/wp-content\/uploads\/2021\/05\/adam-zagajewski2.jpg\" \/>\n\t<meta property=\"og:image:width\" content=\"1430\" \/>\n\t<meta property=\"og:image:height\" content=\"1094\" \/>\n\t<meta property=\"og:image:type\" content=\"image\/jpeg\" \/>\n<meta name=\"author\" content=\"admin\" \/>\n<meta name=\"twitter:card\" content=\"summary_large_image\" \/>\n<meta name=\"twitter:label1\" content=\"\u00c9crit par\" \/>\n\t<meta name=\"twitter:data1\" content=\"admin\" \/>\n\t<meta name=\"twitter:label2\" content=\"Dur\u00e9e de lecture estim\u00e9e\" \/>\n\t<meta name=\"twitter:data2\" content=\"2 minutes\" \/>\n<script type=\"application\/ld+json\" class=\"yoast-schema-graph\">{\"@context\":\"https:\\\/\\\/schema.org\",\"@graph\":[{\"@type\":\"Article\",\"@id\":\"https:\\\/\\\/magyarpenclub.hu\\\/fr\\\/2021\\\/03\\\/22\\\/deces-du-poete-polonais-adam-zagajewski-laureat-du-grand-prix-janus-pannonius\\\/#article\",\"isPartOf\":{\"@id\":\"https:\\\/\\\/magyarpenclub.hu\\\/fr\\\/2021\\\/03\\\/22\\\/deces-du-poete-polonais-adam-zagajewski-laureat-du-grand-prix-janus-pannonius\\\/\"},\"author\":{\"name\":\"admin\",\"@id\":\"https:\\\/\\\/magyarpenclub.hu\\\/fr\\\/#\\\/schema\\\/person\\\/9d0e9bdcfa14a17e3af44ee46f4f047e\"},\"headline\":\"D\u00e9c\u00e8s du po\u00e8te polonais Adam Zagajewski, laur\u00e9at du Grand Prix Janus Pannonius\",\"datePublished\":\"2021-03-22T05:59:00+00:00\",\"dateModified\":\"2023-11-02T09:53:23+00:00\",\"mainEntityOfPage\":{\"@id\":\"https:\\\/\\\/magyarpenclub.hu\\\/fr\\\/2021\\\/03\\\/22\\\/deces-du-poete-polonais-adam-zagajewski-laureat-du-grand-prix-janus-pannonius\\\/\"},\"wordCount\":511,\"commentCount\":0,\"publisher\":{\"@id\":\"https:\\\/\\\/magyarpenclub.hu\\\/fr\\\/#organization\"},\"image\":{\"@id\":\"https:\\\/\\\/magyarpenclub.hu\\\/fr\\\/2021\\\/03\\\/22\\\/deces-du-poete-polonais-adam-zagajewski-laureat-du-grand-prix-janus-pannonius\\\/#primaryimage\"},\"thumbnailUrl\":\"https:\\\/\\\/magyarpenclub.hu\\\/wp-content\\\/uploads\\\/2021\\\/05\\\/adam-zagajewski2.jpg\",\"articleSection\":[\"In memoriam\"],\"inLanguage\":\"fr-FR\",\"potentialAction\":[{\"@type\":\"CommentAction\",\"name\":\"Comment\",\"target\":[\"https:\\\/\\\/magyarpenclub.hu\\\/fr\\\/2021\\\/03\\\/22\\\/deces-du-poete-polonais-adam-zagajewski-laureat-du-grand-prix-janus-pannonius\\\/#respond\"]}]},{\"@type\":\"WebPage\",\"@id\":\"https:\\\/\\\/magyarpenclub.hu\\\/fr\\\/2021\\\/03\\\/22\\\/deces-du-poete-polonais-adam-zagajewski-laureat-du-grand-prix-janus-pannonius\\\/\",\"url\":\"https:\\\/\\\/magyarpenclub.hu\\\/fr\\\/2021\\\/03\\\/22\\\/deces-du-poete-polonais-adam-zagajewski-laureat-du-grand-prix-janus-pannonius\\\/\",\"name\":\"D\u00e9c\u00e8s du po\u00e8te polonais Adam Zagajewski, laur\u00e9at du Grand Prix Janus Pannonius - Magyar PEN Club\",\"isPartOf\":{\"@id\":\"https:\\\/\\\/magyarpenclub.hu\\\/fr\\\/#website\"},\"primaryImageOfPage\":{\"@id\":\"https:\\\/\\\/magyarpenclub.hu\\\/fr\\\/2021\\\/03\\\/22\\\/deces-du-poete-polonais-adam-zagajewski-laureat-du-grand-prix-janus-pannonius\\\/#primaryimage\"},\"image\":{\"@id\":\"https:\\\/\\\/magyarpenclub.hu\\\/fr\\\/2021\\\/03\\\/22\\\/deces-du-poete-polonais-adam-zagajewski-laureat-du-grand-prix-janus-pannonius\\\/#primaryimage\"},\"thumbnailUrl\":\"https:\\\/\\\/magyarpenclub.hu\\\/wp-content\\\/uploads\\\/2021\\\/05\\\/adam-zagajewski2.jpg\",\"datePublished\":\"2021-03-22T05:59:00+00:00\",\"dateModified\":\"2023-11-02T09:53:23+00:00\",\"breadcrumb\":{\"@id\":\"https:\\\/\\\/magyarpenclub.hu\\\/fr\\\/2021\\\/03\\\/22\\\/deces-du-poete-polonais-adam-zagajewski-laureat-du-grand-prix-janus-pannonius\\\/#breadcrumb\"},\"inLanguage\":\"fr-FR\",\"potentialAction\":[{\"@type\":\"ReadAction\",\"target\":[\"https:\\\/\\\/magyarpenclub.hu\\\/fr\\\/2021\\\/03\\\/22\\\/deces-du-poete-polonais-adam-zagajewski-laureat-du-grand-prix-janus-pannonius\\\/\"]}]},{\"@type\":\"ImageObject\",\"inLanguage\":\"fr-FR\",\"@id\":\"https:\\\/\\\/magyarpenclub.hu\\\/fr\\\/2021\\\/03\\\/22\\\/deces-du-poete-polonais-adam-zagajewski-laureat-du-grand-prix-janus-pannonius\\\/#primaryimage\",\"url\":\"https:\\\/\\\/magyarpenclub.hu\\\/wp-content\\\/uploads\\\/2021\\\/05\\\/adam-zagajewski2.jpg\",\"contentUrl\":\"https:\\\/\\\/magyarpenclub.hu\\\/wp-content\\\/uploads\\\/2021\\\/05\\\/adam-zagajewski2.jpg\",\"width\":1430,\"height\":1094,\"caption\":\"Adam Zagajewski\"},{\"@type\":\"BreadcrumbList\",\"@id\":\"https:\\\/\\\/magyarpenclub.hu\\\/fr\\\/2021\\\/03\\\/22\\\/deces-du-poete-polonais-adam-zagajewski-laureat-du-grand-prix-janus-pannonius\\\/#breadcrumb\",\"itemListElement\":[{\"@type\":\"ListItem\",\"position\":1,\"name\":\"Kezd\u0151lap\",\"item\":\"https:\\\/\\\/magyarpenclub.hu\\\/fr\\\/\"},{\"@type\":\"ListItem\",\"position\":2,\"name\":\"D\u00e9c\u00e8s du po\u00e8te polonais Adam Zagajewski, laur\u00e9at du Grand Prix Janus Pannonius\"}]},{\"@type\":\"WebSite\",\"@id\":\"https:\\\/\\\/magyarpenclub.hu\\\/fr\\\/#website\",\"url\":\"https:\\\/\\\/magyarpenclub.hu\\\/fr\\\/\",\"name\":\"Magyar PEN Club\",\"description\":\"H\u00edrek, k\u00f6zlem\u00e9nyek, \u00edr\u00e1sok\",\"publisher\":{\"@id\":\"https:\\\/\\\/magyarpenclub.hu\\\/fr\\\/#organization\"},\"potentialAction\":[{\"@type\":\"SearchAction\",\"target\":{\"@type\":\"EntryPoint\",\"urlTemplate\":\"https:\\\/\\\/magyarpenclub.hu\\\/fr\\\/?s={search_term_string}\"},\"query-input\":{\"@type\":\"PropertyValueSpecification\",\"valueRequired\":true,\"valueName\":\"search_term_string\"}}],\"inLanguage\":\"fr-FR\"},{\"@type\":\"Organization\",\"@id\":\"https:\\\/\\\/magyarpenclub.hu\\\/fr\\\/#organization\",\"name\":\"Magyar P.E.N. Club\",\"url\":\"https:\\\/\\\/magyarpenclub.hu\\\/fr\\\/\",\"logo\":{\"@type\":\"ImageObject\",\"inLanguage\":\"fr-FR\",\"@id\":\"https:\\\/\\\/magyarpenclub.hu\\\/fr\\\/#\\\/schema\\\/logo\\\/image\\\/\",\"url\":\"https:\\\/\\\/magyarpenclub.hu\\\/wp-content\\\/uploads\\\/2022\\\/08\\\/magyar-pen-club-logo.png\",\"contentUrl\":\"https:\\\/\\\/magyarpenclub.hu\\\/wp-content\\\/uploads\\\/2022\\\/08\\\/magyar-pen-club-logo.png\",\"width\":195,\"height\":195,\"caption\":\"Magyar P.E.N. Club\"},\"image\":{\"@id\":\"https:\\\/\\\/magyarpenclub.hu\\\/fr\\\/#\\\/schema\\\/logo\\\/image\\\/\"},\"sameAs\":[\"https:\\\/\\\/www.facebook.com\\\/magyarpenclub\",\"https:\\\/\\\/www.youtube.com\\\/channel\\\/UC8bw1YALHZZJCJ-7bqvlR6Q\"]},{\"@type\":\"Person\",\"@id\":\"https:\\\/\\\/magyarpenclub.hu\\\/fr\\\/#\\\/schema\\\/person\\\/9d0e9bdcfa14a17e3af44ee46f4f047e\",\"name\":\"admin\",\"image\":{\"@type\":\"ImageObject\",\"inLanguage\":\"fr-FR\",\"@id\":\"https:\\\/\\\/secure.gravatar.com\\\/avatar\\\/56608a5ae1d60c555b558b0cda110391ad52d81e37b79808b2f59eaf60ba9e43?s=96&d=mm&r=g\",\"url\":\"https:\\\/\\\/secure.gravatar.com\\\/avatar\\\/56608a5ae1d60c555b558b0cda110391ad52d81e37b79808b2f59eaf60ba9e43?s=96&d=mm&r=g\",\"contentUrl\":\"https:\\\/\\\/secure.gravatar.com\\\/avatar\\\/56608a5ae1d60c555b558b0cda110391ad52d81e37b79808b2f59eaf60ba9e43?s=96&d=mm&r=g\",\"caption\":\"admin\"},\"sameAs\":[\"https:\\\/\\\/magyarpenclub.hu\"],\"url\":\"https:\\\/\\\/magyarpenclub.hu\\\/fr\\\/author\\\/admin\\\/\"}]}<\/script>\n<!-- \/ Yoast SEO plugin. -->","yoast_head_json":{"title":"D\u00e9c\u00e8s du po\u00e8te polonais Adam Zagajewski, laur\u00e9at du Grand Prix Janus Pannonius - Magyar PEN Club","robots":{"index":"index","follow":"follow","max-snippet":"max-snippet:-1","max-image-preview":"max-image-preview:large","max-video-preview":"max-video-preview:-1"},"canonical":"https:\/\/magyarpenclub.hu\/fr\/2021\/03\/22\/deces-du-poete-polonais-adam-zagajewski-laureat-du-grand-prix-janus-pannonius\/","og_locale":"fr_FR","og_type":"article","og_title":"D\u00e9c\u00e8s du po\u00e8te polonais Adam Zagajewski, laur\u00e9at du Grand Prix Janus Pannonius - Magyar PEN Club","og_description":"Le po\u00e8te et essayiste Adam Zagajewski, cr\u00e9ateur de la nouvelle vague polonaise et laur\u00e9at du grand prix de po\u00e9sie Janus Pannonius 2016, est d\u00e9c\u00e9d\u00e9 dimanche soir \u00e0 Cracovie \u00e0 l'\u00e2ge de 75 ans.","og_url":"https:\/\/magyarpenclub.hu\/fr\/2021\/03\/22\/deces-du-poete-polonais-adam-zagajewski-laureat-du-grand-prix-janus-pannonius\/","og_site_name":"Magyar PEN Club","article_publisher":"https:\/\/www.facebook.com\/magyarpenclub","article_published_time":"2021-03-22T05:59:00+00:00","article_modified_time":"2023-11-02T09:53:23+00:00","og_image":[{"width":1430,"height":1094,"url":"https:\/\/magyarpenclub.hu\/wp-content\/uploads\/2021\/05\/adam-zagajewski2.jpg","type":"image\/jpeg"}],"author":"admin","twitter_card":"summary_large_image","twitter_misc":{"\u00c9crit par":"admin","Dur\u00e9e de lecture estim\u00e9e":"2 minutes"},"schema":{"@context":"https:\/\/schema.org","@graph":[{"@type":"Article","@id":"https:\/\/magyarpenclub.hu\/fr\/2021\/03\/22\/deces-du-poete-polonais-adam-zagajewski-laureat-du-grand-prix-janus-pannonius\/#article","isPartOf":{"@id":"https:\/\/magyarpenclub.hu\/fr\/2021\/03\/22\/deces-du-poete-polonais-adam-zagajewski-laureat-du-grand-prix-janus-pannonius\/"},"author":{"name":"admin","@id":"https:\/\/magyarpenclub.hu\/fr\/#\/schema\/person\/9d0e9bdcfa14a17e3af44ee46f4f047e"},"headline":"D\u00e9c\u00e8s du po\u00e8te polonais Adam Zagajewski, laur\u00e9at du Grand Prix Janus Pannonius","datePublished":"2021-03-22T05:59:00+00:00","dateModified":"2023-11-02T09:53:23+00:00","mainEntityOfPage":{"@id":"https:\/\/magyarpenclub.hu\/fr\/2021\/03\/22\/deces-du-poete-polonais-adam-zagajewski-laureat-du-grand-prix-janus-pannonius\/"},"wordCount":511,"commentCount":0,"publisher":{"@id":"https:\/\/magyarpenclub.hu\/fr\/#organization"},"image":{"@id":"https:\/\/magyarpenclub.hu\/fr\/2021\/03\/22\/deces-du-poete-polonais-adam-zagajewski-laureat-du-grand-prix-janus-pannonius\/#primaryimage"},"thumbnailUrl":"https:\/\/magyarpenclub.hu\/wp-content\/uploads\/2021\/05\/adam-zagajewski2.jpg","articleSection":["In memoriam"],"inLanguage":"fr-FR","potentialAction":[{"@type":"CommentAction","name":"Comment","target":["https:\/\/magyarpenclub.hu\/fr\/2021\/03\/22\/deces-du-poete-polonais-adam-zagajewski-laureat-du-grand-prix-janus-pannonius\/#respond"]}]},{"@type":"WebPage","@id":"https:\/\/magyarpenclub.hu\/fr\/2021\/03\/22\/deces-du-poete-polonais-adam-zagajewski-laureat-du-grand-prix-janus-pannonius\/","url":"https:\/\/magyarpenclub.hu\/fr\/2021\/03\/22\/deces-du-poete-polonais-adam-zagajewski-laureat-du-grand-prix-janus-pannonius\/","name":"D\u00e9c\u00e8s du po\u00e8te polonais Adam Zagajewski, laur\u00e9at du Grand Prix Janus Pannonius - Magyar PEN Club","isPartOf":{"@id":"https:\/\/magyarpenclub.hu\/fr\/#website"},"primaryImageOfPage":{"@id":"https:\/\/magyarpenclub.hu\/fr\/2021\/03\/22\/deces-du-poete-polonais-adam-zagajewski-laureat-du-grand-prix-janus-pannonius\/#primaryimage"},"image":{"@id":"https:\/\/magyarpenclub.hu\/fr\/2021\/03\/22\/deces-du-poete-polonais-adam-zagajewski-laureat-du-grand-prix-janus-pannonius\/#primaryimage"},"thumbnailUrl":"https:\/\/magyarpenclub.hu\/wp-content\/uploads\/2021\/05\/adam-zagajewski2.jpg","datePublished":"2021-03-22T05:59:00+00:00","dateModified":"2023-11-02T09:53:23+00:00","breadcrumb":{"@id":"https:\/\/magyarpenclub.hu\/fr\/2021\/03\/22\/deces-du-poete-polonais-adam-zagajewski-laureat-du-grand-prix-janus-pannonius\/#breadcrumb"},"inLanguage":"fr-FR","potentialAction":[{"@type":"ReadAction","target":["https:\/\/magyarpenclub.hu\/fr\/2021\/03\/22\/deces-du-poete-polonais-adam-zagajewski-laureat-du-grand-prix-janus-pannonius\/"]}]},{"@type":"ImageObject","inLanguage":"fr-FR","@id":"https:\/\/magyarpenclub.hu\/fr\/2021\/03\/22\/deces-du-poete-polonais-adam-zagajewski-laureat-du-grand-prix-janus-pannonius\/#primaryimage","url":"https:\/\/magyarpenclub.hu\/wp-content\/uploads\/2021\/05\/adam-zagajewski2.jpg","contentUrl":"https:\/\/magyarpenclub.hu\/wp-content\/uploads\/2021\/05\/adam-zagajewski2.jpg","width":1430,"height":1094,"caption":"Adam Zagajewski"},{"@type":"BreadcrumbList","@id":"https:\/\/magyarpenclub.hu\/fr\/2021\/03\/22\/deces-du-poete-polonais-adam-zagajewski-laureat-du-grand-prix-janus-pannonius\/#breadcrumb","itemListElement":[{"@type":"ListItem","position":1,"name":"Kezd\u0151lap","item":"https:\/\/magyarpenclub.hu\/fr\/"},{"@type":"ListItem","position":2,"name":"D\u00e9c\u00e8s du po\u00e8te polonais Adam Zagajewski, laur\u00e9at du Grand Prix Janus Pannonius"}]},{"@type":"WebSite","@id":"https:\/\/magyarpenclub.hu\/fr\/#website","url":"https:\/\/magyarpenclub.hu\/fr\/","name":"Magyar PEN Club","description":"H\u00edrek, k\u00f6zlem\u00e9nyek, \u00edr\u00e1sok","publisher":{"@id":"https:\/\/magyarpenclub.hu\/fr\/#organization"},"potentialAction":[{"@type":"SearchAction","target":{"@type":"EntryPoint","urlTemplate":"https:\/\/magyarpenclub.hu\/fr\/?s={search_term_string}"},"query-input":{"@type":"PropertyValueSpecification","valueRequired":true,"valueName":"search_term_string"}}],"inLanguage":"fr-FR"},{"@type":"Organization","@id":"https:\/\/magyarpenclub.hu\/fr\/#organization","name":"Magyar P.E.N. Club","url":"https:\/\/magyarpenclub.hu\/fr\/","logo":{"@type":"ImageObject","inLanguage":"fr-FR","@id":"https:\/\/magyarpenclub.hu\/fr\/#\/schema\/logo\/image\/","url":"https:\/\/magyarpenclub.hu\/wp-content\/uploads\/2022\/08\/magyar-pen-club-logo.png","contentUrl":"https:\/\/magyarpenclub.hu\/wp-content\/uploads\/2022\/08\/magyar-pen-club-logo.png","width":195,"height":195,"caption":"Magyar P.E.N. Club"},"image":{"@id":"https:\/\/magyarpenclub.hu\/fr\/#\/schema\/logo\/image\/"},"sameAs":["https:\/\/www.facebook.com\/magyarpenclub","https:\/\/www.youtube.com\/channel\/UC8bw1YALHZZJCJ-7bqvlR6Q"]},{"@type":"Person","@id":"https:\/\/magyarpenclub.hu\/fr\/#\/schema\/person\/9d0e9bdcfa14a17e3af44ee46f4f047e","name":"admin","image":{"@type":"ImageObject","inLanguage":"fr-FR","@id":"https:\/\/secure.gravatar.com\/avatar\/56608a5ae1d60c555b558b0cda110391ad52d81e37b79808b2f59eaf60ba9e43?s=96&d=mm&r=g","url":"https:\/\/secure.gravatar.com\/avatar\/56608a5ae1d60c555b558b0cda110391ad52d81e37b79808b2f59eaf60ba9e43?s=96&d=mm&r=g","contentUrl":"https:\/\/secure.gravatar.com\/avatar\/56608a5ae1d60c555b558b0cda110391ad52d81e37b79808b2f59eaf60ba9e43?s=96&d=mm&r=g","caption":"admin"},"sameAs":["https:\/\/magyarpenclub.hu"],"url":"https:\/\/magyarpenclub.hu\/fr\/author\/admin\/"}]}},"_links":{"self":[{"href":"https:\/\/magyarpenclub.hu\/fr\/wp-json\/wp\/v2\/posts\/7122","targetHints":{"allow":["GET"]}}],"collection":[{"href":"https:\/\/magyarpenclub.hu\/fr\/wp-json\/wp\/v2\/posts"}],"about":[{"href":"https:\/\/magyarpenclub.hu\/fr\/wp-json\/wp\/v2\/types\/post"}],"author":[{"embeddable":true,"href":"https:\/\/magyarpenclub.hu\/fr\/wp-json\/wp\/v2\/users\/1"}],"replies":[{"embeddable":true,"href":"https:\/\/magyarpenclub.hu\/fr\/wp-json\/wp\/v2\/comments?post=7122"}],"version-history":[{"count":0,"href":"https:\/\/magyarpenclub.hu\/fr\/wp-json\/wp\/v2\/posts\/7122\/revisions"}],"wp:featuredmedia":[{"embeddable":true,"href":"https:\/\/magyarpenclub.hu\/fr\/wp-json\/wp\/v2\/media\/6454"}],"wp:attachment":[{"href":"https:\/\/magyarpenclub.hu\/fr\/wp-json\/wp\/v2\/media?parent=7122"}],"wp:term":[{"taxonomy":"category","embeddable":true,"href":"https:\/\/magyarpenclub.hu\/fr\/wp-json\/wp\/v2\/categories?post=7122"},{"taxonomy":"post_tag","embeddable":true,"href":"https:\/\/magyarpenclub.hu\/fr\/wp-json\/wp\/v2\/tags?post=7122"}],"curies":[{"name":"wp","href":"https:\/\/api.w.org\/{rel}","templated":true}]}}