{"id":7138,"date":"2022-04-03T16:38:00","date_gmt":"2022-04-03T16:38:00","guid":{"rendered":"https:\/\/magyarpenclub.hu\/2022\/04\/03\/gabor-gorgey-est-decede\/"},"modified":"2023-11-02T09:53:40","modified_gmt":"2023-11-02T09:53:40","slug":"gabor-gorgey-est-decede","status":"publish","type":"post","link":"https:\/\/magyarpenclub.hu\/fr\/2022\/04\/03\/gabor-gorgey-est-decede\/","title":{"rendered":"G\u00e1bor G\u00f6rgey est d\u00e9c\u00e9d\u00e9"},"content":{"rendered":"\t\t<div data-elementor-type=\"wp-post\" data-elementor-id=\"7138\" class=\"elementor elementor-7138 elementor-378\" data-elementor-post-type=\"post\">\n\t\t\t\t\t\t<section class=\"elementor-section elementor-top-section elementor-element elementor-element-c350e4f elementor-section-boxed elementor-section-height-default elementor-section-height-default\" data-id=\"c350e4f\" data-element_type=\"section\" data-e-type=\"section\">\n\t\t\t\t\t\t<div class=\"elementor-container elementor-column-gap-default\">\n\t\t\t\t\t<div class=\"elementor-column elementor-col-100 elementor-top-column elementor-element elementor-element-54982c5\" data-id=\"54982c5\" data-element_type=\"column\" data-e-type=\"column\">\n\t\t\t<div class=\"elementor-widget-wrap elementor-element-populated\">\n\t\t\t\t\t\t<div class=\"elementor-element elementor-element-44d3a7b elementor-widget elementor-widget-spacer\" data-id=\"44d3a7b\" data-element_type=\"widget\" data-e-type=\"widget\" data-widget_type=\"spacer.default\">\n\t\t\t\t<div class=\"elementor-widget-container\">\n\t\t\t\t\t\t\t<div class=\"elementor-spacer\">\n\t\t\t<div class=\"elementor-spacer-inner\"><\/div>\n\t\t<\/div>\n\t\t\t\t\t\t<\/div>\n\t\t\t\t<\/div>\n\t\t\t\t\t<\/div>\n\t\t<\/div>\n\t\t\t\t\t<\/div>\n\t\t<\/section>\n\t\t\t\t<section class=\"elementor-section elementor-top-section elementor-element elementor-element-d62a0d5 elementor-section-boxed elementor-section-height-default elementor-section-height-default\" data-id=\"d62a0d5\" data-element_type=\"section\" data-e-type=\"section\">\n\t\t\t\t\t\t<div class=\"elementor-container elementor-column-gap-default\">\n\t\t\t\t\t<div class=\"elementor-column elementor-col-66 elementor-top-column elementor-element elementor-element-6690b77\" data-id=\"6690b77\" data-element_type=\"column\" data-e-type=\"column\">\n\t\t\t<div class=\"elementor-widget-wrap elementor-element-populated\">\n\t\t\t\t\t\t<div class=\"elementor-element elementor-element-80381f2 elementor-widget elementor-widget-heading\" data-id=\"80381f2\" data-element_type=\"widget\" data-e-type=\"widget\" data-widget_type=\"heading.default\">\n\t\t\t\t<div class=\"elementor-widget-container\">\n\t\t\t\t\t<h3 class=\"elementor-heading-title elementor-size-default\">\"...\u00e0 l'aube, dans le style du Jour de la Po\u00e9sie, Athur \u00e9tait parti...\"<\/h3>\t\t\t\t<\/div>\n\t\t\t\t<\/div>\n\t\t\t\t<div class=\"elementor-element elementor-element-aaa302e elementor-widget elementor-widget-spacer\" data-id=\"aaa302e\" data-element_type=\"widget\" data-e-type=\"widget\" data-widget_type=\"spacer.default\">\n\t\t\t\t<div class=\"elementor-widget-container\">\n\t\t\t\t\t\t\t<div class=\"elementor-spacer\">\n\t\t\t<div class=\"elementor-spacer-inner\"><\/div>\n\t\t<\/div>\n\t\t\t\t\t\t<\/div>\n\t\t\t\t<\/div>\n\t\t\t\t<div class=\"elementor-element elementor-element-fea2577 elementor-widget elementor-widget-text-editor\" data-id=\"fea2577\" data-element_type=\"widget\" data-e-type=\"widget\" data-widget_type=\"text-editor.default\">\n\t\t\t\t<div class=\"elementor-widget-container\">\n\t\t\t\t\t\t\t\t\t<p style=\"text-align: justify;\">Ce matin, \u00e0 7h34, j&rsquo;ai re\u00e7u ce SMS. J&rsquo;ai alors pens\u00e9 qu&rsquo;il pourrait \u00eatre \u00e0 nouveau assis \u00e0 la table d&rsquo;Istv\u00e1n Vas, \u00e0 c\u00f4t\u00e9 de Ferenc Juh\u00e1sz et d&rsquo;Istv\u00e1n Kormos, comme je les ai vus ensemble pour la premi\u00e8re fois au printemps 1960. Mais n&rsquo;aurait-il pas \u00e9t\u00e9 <em>\u00e9l\u00e9gant, <\/em>le jour de l&rsquo;anniversaire d&rsquo;Attila J\u00f3zsef, d&rsquo;avoir G\u00e1bor G\u00f6rgey (nom d&rsquo;origine et Arthur pour ses amis), Kossuth, Attila J\u00f3zsef et Prima Primissima, po\u00e8te, \u00e9crivain, dramaturge, pr\u00e9sident honoraire du PEN Club hongrois, 93 ans. ann\u00e9e, il monte sur un podium et r\u00e9cite son po\u00e8me <em>\u00ab\u00a0Eskimo Summer\u00a0\u00bb<\/em>? Le po\u00e8me qui d\u00e9crit avec pr\u00e9cision la \u00ab\u00a0minute\u00a0\u00bb d&rsquo;octobre 1956, alors que le jeune universitaire, d\u00e9port\u00e9 en 1951 en raison de ses origines (neveu du g\u00e9n\u00e9ral Arthur G\u00f6rgey), vivait avec nostalgie \u00ab\u00a0l&rsquo;\u00e9t\u00e9\u00a0\u00bb d&rsquo;apr\u00e8s la r\u00e9volution :<\/p>\n<\/p>\n<blockquote>\n<p><em>Ils ont une dur\u00e9e de vie de trois cent soixante-quatre jours.<\/em><\/p>\n<p><em>la boule d&rsquo;opale scintillante dans le ciel,<\/em><\/p>\n<p><em>un \u00e9t\u00e9 chaud comme la braise<\/em><\/p>\n<p><em>frissonnant sur les genoux de la cabane \u00e0 glace,  <\/em><\/p>\n<\/p>\n<p><em>et soudain, il est l\u00e0, \u00e9clatant \u00e0 travers nous<\/em><\/p>\n<p><em>un rayon de soleil sur le mur de glace du ciel.  <\/em><\/p>\n<p><em>Cela prend une minute. Et nous nous r\u00e9jouissons de l&rsquo;hiver :<\/em><\/p>\n<p><em>\u00ab\u00a0Quel \u00e9t\u00e9 ! Oh, quel \u00e9t\u00e9 !\u00a0\u00bb<\/em><\/p>\n<\/blockquote>\n<p>Adieu mon fr\u00e8re, mon ami !<\/p>\n<p>Zolt\u00e1n Sumonyi<\/p>\n<p>Pr\u00e9sident honoraire du PEN Club hongrois<\/p>\n\t\t\t\t\t\t\t\t<\/div>\n\t\t\t\t<\/div>\n\t\t\t\t\t<\/div>\n\t\t<\/div>\n\t\t\t\t<div class=\"elementor-column elementor-col-33 elementor-top-column elementor-element elementor-element-5065b7c\" data-id=\"5065b7c\" data-element_type=\"column\" data-e-type=\"column\">\n\t\t\t<div class=\"elementor-widget-wrap elementor-element-populated\">\n\t\t\t\t\t\t<div class=\"elementor-element elementor-element-78e7e1e elementor-widget elementor-widget-image\" data-id=\"78e7e1e\" data-element_type=\"widget\" data-e-type=\"widget\" data-widget_type=\"image.default\">\n\t\t\t\t<div class=\"elementor-widget-container\">\n\t\t\t\t\t\t\t\t\t\t\t\t\t\t\t<img decoding=\"async\" width=\"800\" height=\"450\" src=\"https:\/\/magyarpenclub.hu\/wp-content\/uploads\/2022\/04\/gorgei-gabor-fortepan-01-1024x576.jpg\" class=\"attachment-large size-large wp-image-6433\" alt=\"\" srcset=\"https:\/\/magyarpenclub.hu\/wp-content\/uploads\/2022\/04\/gorgei-gabor-fortepan-01-1024x576.jpg 1024w, https:\/\/magyarpenclub.hu\/wp-content\/uploads\/2022\/04\/gorgei-gabor-fortepan-01-1000x563.jpg 1000w, https:\/\/magyarpenclub.hu\/wp-content\/uploads\/2022\/04\/gorgei-gabor-fortepan-01-300x169.jpg 300w, https:\/\/magyarpenclub.hu\/wp-content\/uploads\/2022\/04\/gorgei-gabor-fortepan-01-768x432.jpg 768w, https:\/\/magyarpenclub.hu\/wp-content\/uploads\/2022\/04\/gorgei-gabor-fortepan-01-1536x864.jpg 1536w, https:\/\/magyarpenclub.hu\/wp-content\/uploads\/2022\/04\/gorgei-gabor-fortepan-01.jpg 1920w\" sizes=\"(max-width: 800px) 100vw, 800px\" \/>\t\t\t\t\t\t\t\t\t\t\t\t\t\t\t<\/div>\n\t\t\t\t<\/div>\n\t\t\t\t<div class=\"elementor-element elementor-element-3a47707 elementor-widget__width-initial elementor-widget elementor-widget-image\" data-id=\"3a47707\" data-element_type=\"widget\" data-e-type=\"widget\" data-widget_type=\"image.default\">\n\t\t\t\t<div class=\"elementor-widget-container\">\n\t\t\t\t\t\t\t\t\t\t\t\t\t\t\t<img decoding=\"async\" width=\"538\" height=\"768\" src=\"https:\/\/magyarpenclub.hu\/wp-content\/uploads\/2022\/04\/gorgey-gabor-02.jpg\" class=\"attachment-large size-large wp-image-6436\" alt=\"\" srcset=\"https:\/\/magyarpenclub.hu\/wp-content\/uploads\/2022\/04\/gorgey-gabor-02.jpg 538w, https:\/\/magyarpenclub.hu\/wp-content\/uploads\/2022\/04\/gorgey-gabor-02-210x300.jpg 210w\" sizes=\"(max-width: 538px) 100vw, 538px\" \/>\t\t\t\t\t\t\t\t\t\t\t\t\t\t\t<\/div>\n\t\t\t\t<\/div>\n\t\t\t\t<div class=\"elementor-element elementor-element-3a7af05 elementor-widget__width-initial elementor-widget elementor-widget-image\" data-id=\"3a7af05\" data-element_type=\"widget\" data-e-type=\"widget\" data-widget_type=\"image.default\">\n\t\t\t\t<div class=\"elementor-widget-container\">\n\t\t\t\t\t\t\t\t\t\t\t\t\t\t\t<img decoding=\"async\" width=\"800\" height=\"838\" src=\"https:\/\/magyarpenclub.hu\/wp-content\/uploads\/2022\/04\/gorgey-gabor-ij-977x1024.jpg\" class=\"attachment-large size-large wp-image-6439\" alt=\"\" srcset=\"https:\/\/magyarpenclub.hu\/wp-content\/uploads\/2022\/04\/gorgey-gabor-ij-977x1024.jpg 977w, https:\/\/magyarpenclub.hu\/wp-content\/uploads\/2022\/04\/gorgey-gabor-ij-1000x1048.jpg 1000w, https:\/\/magyarpenclub.hu\/wp-content\/uploads\/2022\/04\/gorgey-gabor-ij-286x300.jpg 286w, https:\/\/magyarpenclub.hu\/wp-content\/uploads\/2022\/04\/gorgey-gabor-ij-768x805.jpg 768w, https:\/\/magyarpenclub.hu\/wp-content\/uploads\/2022\/04\/gorgey-gabor-ij-1465x1536.jpg 1465w, https:\/\/magyarpenclub.hu\/wp-content\/uploads\/2022\/04\/gorgey-gabor-ij.jpg 1736w\" sizes=\"(max-width: 800px) 100vw, 800px\" \/>\t\t\t\t\t\t\t\t\t\t\t\t\t\t\t<\/div>\n\t\t\t\t<\/div>\n\t\t\t\t\t<\/div>\n\t\t<\/div>\n\t\t\t\t\t<\/div>\n\t\t<\/section>\n\t\t\t\t<\/div>\n\t\t","protected":false},"excerpt":{"rendered":"<p>Ce matin, \u00e0 7h34, j&rsquo;ai re\u00e7u ce SMS. J&rsquo;ai alors pens\u00e9 qu&rsquo;il serait \u00e0 nouveau assis \u00e0 la table d&rsquo;Istv\u00e1n Vas, aux c\u00f4t\u00e9s de Ferenc Juh\u00e1sz et d&rsquo;Istv\u00e1n Kormos, comme je les avais vus ensemble pour la premi\u00e8re fois au printemps 1960.<\/p>\n","protected":false},"author":1,"featured_media":6430,"comment_status":"open","ping_status":"open","sticky":false,"template":"","format":"standard","meta":{"_acf_changed":false,"footnotes":""},"categories":[172],"tags":[],"class_list":["post-7138","post","type-post","status-publish","format-standard","has-post-thumbnail","hentry","category-in-memoriam-fr"],"acf":[],"yoast_head":"<!-- This site is optimized with the Yoast SEO plugin v27.5 - https:\/\/yoast.com\/product\/yoast-seo-wordpress\/ -->\n<title>G\u00e1bor G\u00f6rgey est d\u00e9c\u00e9d\u00e9 - Magyar PEN Club<\/title>\n<meta name=\"robots\" content=\"index, follow, max-snippet:-1, max-image-preview:large, max-video-preview:-1\" \/>\n<link rel=\"canonical\" href=\"https:\/\/magyarpenclub.hu\/fr\/2022\/04\/03\/gabor-gorgey-est-decede\/\" \/>\n<meta property=\"og:locale\" content=\"fr_FR\" \/>\n<meta property=\"og:type\" content=\"article\" \/>\n<meta property=\"og:title\" content=\"G\u00e1bor G\u00f6rgey est d\u00e9c\u00e9d\u00e9 - Magyar PEN Club\" \/>\n<meta property=\"og:description\" content=\"Ce matin, \u00e0 7h34, j&#039;ai re\u00e7u ce SMS. J&#039;ai alors pens\u00e9 qu&#039;il serait \u00e0 nouveau assis \u00e0 la table d&#039;Istv\u00e1n Vas, aux c\u00f4t\u00e9s de Ferenc Juh\u00e1sz et d&#039;Istv\u00e1n Kormos, comme je les avais vus ensemble pour la premi\u00e8re fois au printemps 1960.\" \/>\n<meta property=\"og:url\" content=\"https:\/\/magyarpenclub.hu\/fr\/2022\/04\/03\/gabor-gorgey-est-decede\/\" \/>\n<meta property=\"og:site_name\" content=\"Magyar PEN Club\" \/>\n<meta property=\"article:publisher\" content=\"https:\/\/www.facebook.com\/magyarpenclub\" \/>\n<meta property=\"article:published_time\" content=\"2022-04-03T16:38:00+00:00\" \/>\n<meta property=\"article:modified_time\" content=\"2023-11-02T09:53:40+00:00\" \/>\n<meta property=\"og:image\" content=\"https:\/\/magyarpenclub.hu\/wp-content\/uploads\/2021\/05\/gorgey-gabor-ff.jpg\" \/>\n\t<meta property=\"og:image:width\" content=\"2000\" \/>\n\t<meta property=\"og:image:height\" content=\"1330\" \/>\n\t<meta property=\"og:image:type\" content=\"image\/jpeg\" \/>\n<meta name=\"author\" content=\"admin\" \/>\n<meta name=\"twitter:card\" content=\"summary_large_image\" \/>\n<meta name=\"twitter:label1\" content=\"\u00c9crit par\" \/>\n\t<meta name=\"twitter:data1\" content=\"admin\" \/>\n\t<meta name=\"twitter:label2\" content=\"Dur\u00e9e de lecture estim\u00e9e\" \/>\n\t<meta name=\"twitter:data2\" content=\"1 minute\" \/>\n<script type=\"application\/ld+json\" class=\"yoast-schema-graph\">{\"@context\":\"https:\\\/\\\/schema.org\",\"@graph\":[{\"@type\":\"Article\",\"@id\":\"https:\\\/\\\/magyarpenclub.hu\\\/fr\\\/2022\\\/04\\\/03\\\/gabor-gorgey-est-decede\\\/#article\",\"isPartOf\":{\"@id\":\"https:\\\/\\\/magyarpenclub.hu\\\/fr\\\/2022\\\/04\\\/03\\\/gabor-gorgey-est-decede\\\/\"},\"author\":{\"name\":\"admin\",\"@id\":\"https:\\\/\\\/magyarpenclub.hu\\\/fr\\\/#\\\/schema\\\/person\\\/9d0e9bdcfa14a17e3af44ee46f4f047e\"},\"headline\":\"G\u00e1bor G\u00f6rgey est d\u00e9c\u00e9d\u00e9\",\"datePublished\":\"2022-04-03T16:38:00+00:00\",\"dateModified\":\"2023-11-02T09:53:40+00:00\",\"mainEntityOfPage\":{\"@id\":\"https:\\\/\\\/magyarpenclub.hu\\\/fr\\\/2022\\\/04\\\/03\\\/gabor-gorgey-est-decede\\\/\"},\"wordCount\":266,\"commentCount\":0,\"publisher\":{\"@id\":\"https:\\\/\\\/magyarpenclub.hu\\\/fr\\\/#organization\"},\"image\":{\"@id\":\"https:\\\/\\\/magyarpenclub.hu\\\/fr\\\/2022\\\/04\\\/03\\\/gabor-gorgey-est-decede\\\/#primaryimage\"},\"thumbnailUrl\":\"https:\\\/\\\/magyarpenclub.hu\\\/wp-content\\\/uploads\\\/2021\\\/05\\\/gorgey-gabor-ff.jpg\",\"articleSection\":[\"In memoriam\"],\"inLanguage\":\"fr-FR\",\"potentialAction\":[{\"@type\":\"CommentAction\",\"name\":\"Comment\",\"target\":[\"https:\\\/\\\/magyarpenclub.hu\\\/fr\\\/2022\\\/04\\\/03\\\/gabor-gorgey-est-decede\\\/#respond\"]}]},{\"@type\":\"WebPage\",\"@id\":\"https:\\\/\\\/magyarpenclub.hu\\\/fr\\\/2022\\\/04\\\/03\\\/gabor-gorgey-est-decede\\\/\",\"url\":\"https:\\\/\\\/magyarpenclub.hu\\\/fr\\\/2022\\\/04\\\/03\\\/gabor-gorgey-est-decede\\\/\",\"name\":\"G\u00e1bor G\u00f6rgey est d\u00e9c\u00e9d\u00e9 - Magyar PEN Club\",\"isPartOf\":{\"@id\":\"https:\\\/\\\/magyarpenclub.hu\\\/fr\\\/#website\"},\"primaryImageOfPage\":{\"@id\":\"https:\\\/\\\/magyarpenclub.hu\\\/fr\\\/2022\\\/04\\\/03\\\/gabor-gorgey-est-decede\\\/#primaryimage\"},\"image\":{\"@id\":\"https:\\\/\\\/magyarpenclub.hu\\\/fr\\\/2022\\\/04\\\/03\\\/gabor-gorgey-est-decede\\\/#primaryimage\"},\"thumbnailUrl\":\"https:\\\/\\\/magyarpenclub.hu\\\/wp-content\\\/uploads\\\/2021\\\/05\\\/gorgey-gabor-ff.jpg\",\"datePublished\":\"2022-04-03T16:38:00+00:00\",\"dateModified\":\"2023-11-02T09:53:40+00:00\",\"breadcrumb\":{\"@id\":\"https:\\\/\\\/magyarpenclub.hu\\\/fr\\\/2022\\\/04\\\/03\\\/gabor-gorgey-est-decede\\\/#breadcrumb\"},\"inLanguage\":\"fr-FR\",\"potentialAction\":[{\"@type\":\"ReadAction\",\"target\":[\"https:\\\/\\\/magyarpenclub.hu\\\/fr\\\/2022\\\/04\\\/03\\\/gabor-gorgey-est-decede\\\/\"]}]},{\"@type\":\"ImageObject\",\"inLanguage\":\"fr-FR\",\"@id\":\"https:\\\/\\\/magyarpenclub.hu\\\/fr\\\/2022\\\/04\\\/03\\\/gabor-gorgey-est-decede\\\/#primaryimage\",\"url\":\"https:\\\/\\\/magyarpenclub.hu\\\/wp-content\\\/uploads\\\/2021\\\/05\\\/gorgey-gabor-ff.jpg\",\"contentUrl\":\"https:\\\/\\\/magyarpenclub.hu\\\/wp-content\\\/uploads\\\/2021\\\/05\\\/gorgey-gabor-ff.jpg\",\"width\":2000,\"height\":1330,\"caption\":\"G\u00f6rgey G\u00e1bor\"},{\"@type\":\"BreadcrumbList\",\"@id\":\"https:\\\/\\\/magyarpenclub.hu\\\/fr\\\/2022\\\/04\\\/03\\\/gabor-gorgey-est-decede\\\/#breadcrumb\",\"itemListElement\":[{\"@type\":\"ListItem\",\"position\":1,\"name\":\"Kezd\u0151lap\",\"item\":\"https:\\\/\\\/magyarpenclub.hu\\\/fr\\\/\"},{\"@type\":\"ListItem\",\"position\":2,\"name\":\"G\u00e1bor G\u00f6rgey est d\u00e9c\u00e9d\u00e9\"}]},{\"@type\":\"WebSite\",\"@id\":\"https:\\\/\\\/magyarpenclub.hu\\\/fr\\\/#website\",\"url\":\"https:\\\/\\\/magyarpenclub.hu\\\/fr\\\/\",\"name\":\"Magyar PEN Club\",\"description\":\"H\u00edrek, k\u00f6zlem\u00e9nyek, \u00edr\u00e1sok\",\"publisher\":{\"@id\":\"https:\\\/\\\/magyarpenclub.hu\\\/fr\\\/#organization\"},\"potentialAction\":[{\"@type\":\"SearchAction\",\"target\":{\"@type\":\"EntryPoint\",\"urlTemplate\":\"https:\\\/\\\/magyarpenclub.hu\\\/fr\\\/?s={search_term_string}\"},\"query-input\":{\"@type\":\"PropertyValueSpecification\",\"valueRequired\":true,\"valueName\":\"search_term_string\"}}],\"inLanguage\":\"fr-FR\"},{\"@type\":\"Organization\",\"@id\":\"https:\\\/\\\/magyarpenclub.hu\\\/fr\\\/#organization\",\"name\":\"Magyar P.E.N. Club\",\"url\":\"https:\\\/\\\/magyarpenclub.hu\\\/fr\\\/\",\"logo\":{\"@type\":\"ImageObject\",\"inLanguage\":\"fr-FR\",\"@id\":\"https:\\\/\\\/magyarpenclub.hu\\\/fr\\\/#\\\/schema\\\/logo\\\/image\\\/\",\"url\":\"https:\\\/\\\/magyarpenclub.hu\\\/wp-content\\\/uploads\\\/2022\\\/08\\\/magyar-pen-club-logo.png\",\"contentUrl\":\"https:\\\/\\\/magyarpenclub.hu\\\/wp-content\\\/uploads\\\/2022\\\/08\\\/magyar-pen-club-logo.png\",\"width\":195,\"height\":195,\"caption\":\"Magyar P.E.N. Club\"},\"image\":{\"@id\":\"https:\\\/\\\/magyarpenclub.hu\\\/fr\\\/#\\\/schema\\\/logo\\\/image\\\/\"},\"sameAs\":[\"https:\\\/\\\/www.facebook.com\\\/magyarpenclub\",\"https:\\\/\\\/www.youtube.com\\\/channel\\\/UC8bw1YALHZZJCJ-7bqvlR6Q\"]},{\"@type\":\"Person\",\"@id\":\"https:\\\/\\\/magyarpenclub.hu\\\/fr\\\/#\\\/schema\\\/person\\\/9d0e9bdcfa14a17e3af44ee46f4f047e\",\"name\":\"admin\",\"image\":{\"@type\":\"ImageObject\",\"inLanguage\":\"fr-FR\",\"@id\":\"https:\\\/\\\/secure.gravatar.com\\\/avatar\\\/56608a5ae1d60c555b558b0cda110391ad52d81e37b79808b2f59eaf60ba9e43?s=96&d=mm&r=g\",\"url\":\"https:\\\/\\\/secure.gravatar.com\\\/avatar\\\/56608a5ae1d60c555b558b0cda110391ad52d81e37b79808b2f59eaf60ba9e43?s=96&d=mm&r=g\",\"contentUrl\":\"https:\\\/\\\/secure.gravatar.com\\\/avatar\\\/56608a5ae1d60c555b558b0cda110391ad52d81e37b79808b2f59eaf60ba9e43?s=96&d=mm&r=g\",\"caption\":\"admin\"},\"sameAs\":[\"https:\\\/\\\/magyarpenclub.hu\"],\"url\":\"https:\\\/\\\/magyarpenclub.hu\\\/fr\\\/author\\\/admin\\\/\"}]}<\/script>\n<!-- \/ Yoast SEO plugin. -->","yoast_head_json":{"title":"G\u00e1bor G\u00f6rgey est d\u00e9c\u00e9d\u00e9 - Magyar PEN Club","robots":{"index":"index","follow":"follow","max-snippet":"max-snippet:-1","max-image-preview":"max-image-preview:large","max-video-preview":"max-video-preview:-1"},"canonical":"https:\/\/magyarpenclub.hu\/fr\/2022\/04\/03\/gabor-gorgey-est-decede\/","og_locale":"fr_FR","og_type":"article","og_title":"G\u00e1bor G\u00f6rgey est d\u00e9c\u00e9d\u00e9 - Magyar PEN Club","og_description":"Ce matin, \u00e0 7h34, j'ai re\u00e7u ce SMS. J'ai alors pens\u00e9 qu'il serait \u00e0 nouveau assis \u00e0 la table d'Istv\u00e1n Vas, aux c\u00f4t\u00e9s de Ferenc Juh\u00e1sz et d'Istv\u00e1n Kormos, comme je les avais vus ensemble pour la premi\u00e8re fois au printemps 1960.","og_url":"https:\/\/magyarpenclub.hu\/fr\/2022\/04\/03\/gabor-gorgey-est-decede\/","og_site_name":"Magyar PEN Club","article_publisher":"https:\/\/www.facebook.com\/magyarpenclub","article_published_time":"2022-04-03T16:38:00+00:00","article_modified_time":"2023-11-02T09:53:40+00:00","og_image":[{"width":2000,"height":1330,"url":"https:\/\/magyarpenclub.hu\/wp-content\/uploads\/2021\/05\/gorgey-gabor-ff.jpg","type":"image\/jpeg"}],"author":"admin","twitter_card":"summary_large_image","twitter_misc":{"\u00c9crit par":"admin","Dur\u00e9e de lecture estim\u00e9e":"1 minute"},"schema":{"@context":"https:\/\/schema.org","@graph":[{"@type":"Article","@id":"https:\/\/magyarpenclub.hu\/fr\/2022\/04\/03\/gabor-gorgey-est-decede\/#article","isPartOf":{"@id":"https:\/\/magyarpenclub.hu\/fr\/2022\/04\/03\/gabor-gorgey-est-decede\/"},"author":{"name":"admin","@id":"https:\/\/magyarpenclub.hu\/fr\/#\/schema\/person\/9d0e9bdcfa14a17e3af44ee46f4f047e"},"headline":"G\u00e1bor G\u00f6rgey est d\u00e9c\u00e9d\u00e9","datePublished":"2022-04-03T16:38:00+00:00","dateModified":"2023-11-02T09:53:40+00:00","mainEntityOfPage":{"@id":"https:\/\/magyarpenclub.hu\/fr\/2022\/04\/03\/gabor-gorgey-est-decede\/"},"wordCount":266,"commentCount":0,"publisher":{"@id":"https:\/\/magyarpenclub.hu\/fr\/#organization"},"image":{"@id":"https:\/\/magyarpenclub.hu\/fr\/2022\/04\/03\/gabor-gorgey-est-decede\/#primaryimage"},"thumbnailUrl":"https:\/\/magyarpenclub.hu\/wp-content\/uploads\/2021\/05\/gorgey-gabor-ff.jpg","articleSection":["In memoriam"],"inLanguage":"fr-FR","potentialAction":[{"@type":"CommentAction","name":"Comment","target":["https:\/\/magyarpenclub.hu\/fr\/2022\/04\/03\/gabor-gorgey-est-decede\/#respond"]}]},{"@type":"WebPage","@id":"https:\/\/magyarpenclub.hu\/fr\/2022\/04\/03\/gabor-gorgey-est-decede\/","url":"https:\/\/magyarpenclub.hu\/fr\/2022\/04\/03\/gabor-gorgey-est-decede\/","name":"G\u00e1bor G\u00f6rgey est d\u00e9c\u00e9d\u00e9 - Magyar PEN Club","isPartOf":{"@id":"https:\/\/magyarpenclub.hu\/fr\/#website"},"primaryImageOfPage":{"@id":"https:\/\/magyarpenclub.hu\/fr\/2022\/04\/03\/gabor-gorgey-est-decede\/#primaryimage"},"image":{"@id":"https:\/\/magyarpenclub.hu\/fr\/2022\/04\/03\/gabor-gorgey-est-decede\/#primaryimage"},"thumbnailUrl":"https:\/\/magyarpenclub.hu\/wp-content\/uploads\/2021\/05\/gorgey-gabor-ff.jpg","datePublished":"2022-04-03T16:38:00+00:00","dateModified":"2023-11-02T09:53:40+00:00","breadcrumb":{"@id":"https:\/\/magyarpenclub.hu\/fr\/2022\/04\/03\/gabor-gorgey-est-decede\/#breadcrumb"},"inLanguage":"fr-FR","potentialAction":[{"@type":"ReadAction","target":["https:\/\/magyarpenclub.hu\/fr\/2022\/04\/03\/gabor-gorgey-est-decede\/"]}]},{"@type":"ImageObject","inLanguage":"fr-FR","@id":"https:\/\/magyarpenclub.hu\/fr\/2022\/04\/03\/gabor-gorgey-est-decede\/#primaryimage","url":"https:\/\/magyarpenclub.hu\/wp-content\/uploads\/2021\/05\/gorgey-gabor-ff.jpg","contentUrl":"https:\/\/magyarpenclub.hu\/wp-content\/uploads\/2021\/05\/gorgey-gabor-ff.jpg","width":2000,"height":1330,"caption":"G\u00f6rgey G\u00e1bor"},{"@type":"BreadcrumbList","@id":"https:\/\/magyarpenclub.hu\/fr\/2022\/04\/03\/gabor-gorgey-est-decede\/#breadcrumb","itemListElement":[{"@type":"ListItem","position":1,"name":"Kezd\u0151lap","item":"https:\/\/magyarpenclub.hu\/fr\/"},{"@type":"ListItem","position":2,"name":"G\u00e1bor G\u00f6rgey est d\u00e9c\u00e9d\u00e9"}]},{"@type":"WebSite","@id":"https:\/\/magyarpenclub.hu\/fr\/#website","url":"https:\/\/magyarpenclub.hu\/fr\/","name":"Magyar PEN Club","description":"H\u00edrek, k\u00f6zlem\u00e9nyek, \u00edr\u00e1sok","publisher":{"@id":"https:\/\/magyarpenclub.hu\/fr\/#organization"},"potentialAction":[{"@type":"SearchAction","target":{"@type":"EntryPoint","urlTemplate":"https:\/\/magyarpenclub.hu\/fr\/?s={search_term_string}"},"query-input":{"@type":"PropertyValueSpecification","valueRequired":true,"valueName":"search_term_string"}}],"inLanguage":"fr-FR"},{"@type":"Organization","@id":"https:\/\/magyarpenclub.hu\/fr\/#organization","name":"Magyar P.E.N. Club","url":"https:\/\/magyarpenclub.hu\/fr\/","logo":{"@type":"ImageObject","inLanguage":"fr-FR","@id":"https:\/\/magyarpenclub.hu\/fr\/#\/schema\/logo\/image\/","url":"https:\/\/magyarpenclub.hu\/wp-content\/uploads\/2022\/08\/magyar-pen-club-logo.png","contentUrl":"https:\/\/magyarpenclub.hu\/wp-content\/uploads\/2022\/08\/magyar-pen-club-logo.png","width":195,"height":195,"caption":"Magyar P.E.N. Club"},"image":{"@id":"https:\/\/magyarpenclub.hu\/fr\/#\/schema\/logo\/image\/"},"sameAs":["https:\/\/www.facebook.com\/magyarpenclub","https:\/\/www.youtube.com\/channel\/UC8bw1YALHZZJCJ-7bqvlR6Q"]},{"@type":"Person","@id":"https:\/\/magyarpenclub.hu\/fr\/#\/schema\/person\/9d0e9bdcfa14a17e3af44ee46f4f047e","name":"admin","image":{"@type":"ImageObject","inLanguage":"fr-FR","@id":"https:\/\/secure.gravatar.com\/avatar\/56608a5ae1d60c555b558b0cda110391ad52d81e37b79808b2f59eaf60ba9e43?s=96&d=mm&r=g","url":"https:\/\/secure.gravatar.com\/avatar\/56608a5ae1d60c555b558b0cda110391ad52d81e37b79808b2f59eaf60ba9e43?s=96&d=mm&r=g","contentUrl":"https:\/\/secure.gravatar.com\/avatar\/56608a5ae1d60c555b558b0cda110391ad52d81e37b79808b2f59eaf60ba9e43?s=96&d=mm&r=g","caption":"admin"},"sameAs":["https:\/\/magyarpenclub.hu"],"url":"https:\/\/magyarpenclub.hu\/fr\/author\/admin\/"}]}},"_links":{"self":[{"href":"https:\/\/magyarpenclub.hu\/fr\/wp-json\/wp\/v2\/posts\/7138","targetHints":{"allow":["GET"]}}],"collection":[{"href":"https:\/\/magyarpenclub.hu\/fr\/wp-json\/wp\/v2\/posts"}],"about":[{"href":"https:\/\/magyarpenclub.hu\/fr\/wp-json\/wp\/v2\/types\/post"}],"author":[{"embeddable":true,"href":"https:\/\/magyarpenclub.hu\/fr\/wp-json\/wp\/v2\/users\/1"}],"replies":[{"embeddable":true,"href":"https:\/\/magyarpenclub.hu\/fr\/wp-json\/wp\/v2\/comments?post=7138"}],"version-history":[{"count":0,"href":"https:\/\/magyarpenclub.hu\/fr\/wp-json\/wp\/v2\/posts\/7138\/revisions"}],"wp:featuredmedia":[{"embeddable":true,"href":"https:\/\/magyarpenclub.hu\/fr\/wp-json\/wp\/v2\/media\/6430"}],"wp:attachment":[{"href":"https:\/\/magyarpenclub.hu\/fr\/wp-json\/wp\/v2\/media?parent=7138"}],"wp:term":[{"taxonomy":"category","embeddable":true,"href":"https:\/\/magyarpenclub.hu\/fr\/wp-json\/wp\/v2\/categories?post=7138"},{"taxonomy":"post_tag","embeddable":true,"href":"https:\/\/magyarpenclub.hu\/fr\/wp-json\/wp\/v2\/tags?post=7138"}],"curies":[{"name":"wp","href":"https:\/\/api.w.org\/{rel}","templated":true}]}}