{"id":7176,"date":"2019-09-14T06:06:00","date_gmt":"2019-09-14T06:06:00","guid":{"rendered":"https:\/\/magyarpenclub.hu\/2019\/09\/14\/deces-de-gyorgy-konrad\/"},"modified":"2023-11-02T09:54:28","modified_gmt":"2023-11-02T09:54:28","slug":"deces-de-gyorgy-konrad","status":"publish","type":"post","link":"https:\/\/magyarpenclub.hu\/fr\/2019\/09\/14\/deces-de-gyorgy-konrad\/","title":{"rendered":"D\u00e9c\u00e8s de Gy\u00f6rgy Konr\u00e1d"},"content":{"rendered":"\t\t<div data-elementor-type=\"wp-post\" data-elementor-id=\"7176\" class=\"elementor elementor-7176 elementor-4011\" data-elementor-post-type=\"post\">\n\t\t\t\t\t\t<section class=\"elementor-section elementor-top-section elementor-element elementor-element-75216b2 elementor-section-boxed elementor-section-height-default elementor-section-height-default\" data-id=\"75216b2\" data-element_type=\"section\" data-e-type=\"section\">\n\t\t\t\t\t\t<div class=\"elementor-container elementor-column-gap-wide\">\n\t\t\t\t\t<div class=\"elementor-column elementor-col-100 elementor-top-column elementor-element elementor-element-a9e5a7f\" data-id=\"a9e5a7f\" data-element_type=\"column\" data-e-type=\"column\">\n\t\t\t<div class=\"elementor-widget-wrap elementor-element-populated\">\n\t\t\t\t\t\t<div class=\"elementor-element elementor-element-a447652 elementor-widget elementor-widget-text-editor\" data-id=\"a447652\" data-element_type=\"widget\" data-e-type=\"widget\" data-widget_type=\"text-editor.default\">\n\t\t\t\t<div class=\"elementor-widget-container\">\n\t\t\t\t\t\t\t\t\t<p>Gy\u00f6rgy Konr\u00e1d, l&rsquo;un des fondateurs de la DIA, prosateur et essayiste laur\u00e9at du prix Kossuth, ancien pr\u00e9sident de l&rsquo;Acad\u00e9mie des arts de Berlin et du PEN Club international, est d\u00e9c\u00e9d\u00e9 \u00e0 Budapest le 13 septembre \u00e0 l&rsquo;\u00e2ge de 87 ans.<\/p>\n<p>Son souvenir restera grav\u00e9 dans nos m\u00e9moires.<\/p>\n\t\t\t\t\t\t\t\t<\/div>\n\t\t\t\t<\/div>\n\t\t\t\t\t<\/div>\n\t\t<\/div>\n\t\t\t\t\t<\/div>\n\t\t<\/section>\n\t\t\t\t<\/div>\n\t\t","protected":false},"excerpt":{"rendered":"<p>Gy\u00f6rgy Konr\u00e1d, l&rsquo;un des fondateurs de la DIA, prosateur et essayiste laur\u00e9at du prix Kossuth, ancien pr\u00e9sident de l&rsquo;Acad\u00e9mie des arts de Berlin et du PEN Club international, est d\u00e9c\u00e9d\u00e9 \u00e0 Budapest le 13 septembre \u00e0 l&rsquo;\u00e2ge de 87 ans.<\/p>\n","protected":false},"author":1,"featured_media":6316,"comment_status":"closed","ping_status":"open","sticky":false,"template":"","format":"standard","meta":{"_acf_changed":false,"footnotes":""},"categories":[172],"tags":[],"class_list":["post-7176","post","type-post","status-publish","format-standard","has-post-thumbnail","hentry","category-in-memoriam-fr"],"acf":[],"yoast_head":"<!-- This site is optimized with the Yoast SEO plugin v27.5 - https:\/\/yoast.com\/product\/yoast-seo-wordpress\/ -->\n<title>D\u00e9c\u00e8s de Gy\u00f6rgy Konr\u00e1d - Magyar PEN Club<\/title>\n<meta name=\"robots\" content=\"index, follow, max-snippet:-1, max-image-preview:large, max-video-preview:-1\" \/>\n<link rel=\"canonical\" href=\"https:\/\/magyarpenclub.hu\/fr\/2019\/09\/14\/deces-de-gyorgy-konrad\/\" \/>\n<meta property=\"og:locale\" content=\"fr_FR\" \/>\n<meta property=\"og:type\" content=\"article\" \/>\n<meta property=\"og:title\" content=\"D\u00e9c\u00e8s de Gy\u00f6rgy Konr\u00e1d - Magyar PEN Club\" \/>\n<meta property=\"og:description\" content=\"Gy\u00f6rgy Konr\u00e1d, l&#039;un des fondateurs de la DIA, prosateur et essayiste laur\u00e9at du prix Kossuth, ancien pr\u00e9sident de l&#039;Acad\u00e9mie des arts de Berlin et du PEN Club international, est d\u00e9c\u00e9d\u00e9 \u00e0 Budapest le 13 septembre \u00e0 l&#039;\u00e2ge de 87 ans.\" \/>\n<meta property=\"og:url\" content=\"https:\/\/magyarpenclub.hu\/fr\/2019\/09\/14\/deces-de-gyorgy-konrad\/\" \/>\n<meta property=\"og:site_name\" content=\"Magyar PEN Club\" \/>\n<meta property=\"article:publisher\" content=\"https:\/\/www.facebook.com\/magyarpenclub\" \/>\n<meta property=\"article:published_time\" content=\"2019-09-14T06:06:00+00:00\" \/>\n<meta property=\"article:modified_time\" content=\"2023-11-02T09:54:28+00:00\" \/>\n<meta property=\"og:image\" content=\"https:\/\/magyarpenclub.hu\/wp-content\/uploads\/2022\/05\/konrad-gyorgy.jpg\" \/>\n\t<meta property=\"og:image:width\" content=\"600\" \/>\n\t<meta property=\"og:image:height\" content=\"394\" \/>\n\t<meta property=\"og:image:type\" content=\"image\/jpeg\" \/>\n<meta name=\"author\" content=\"admin\" \/>\n<meta name=\"twitter:card\" content=\"summary_large_image\" \/>\n<meta name=\"twitter:label1\" content=\"\u00c9crit par\" \/>\n\t<meta name=\"twitter:data1\" content=\"admin\" \/>\n<script type=\"application\/ld+json\" class=\"yoast-schema-graph\">{\"@context\":\"https:\\\/\\\/schema.org\",\"@graph\":[{\"@type\":\"Article\",\"@id\":\"https:\\\/\\\/magyarpenclub.hu\\\/fr\\\/2019\\\/09\\\/14\\\/deces-de-gyorgy-konrad\\\/#article\",\"isPartOf\":{\"@id\":\"https:\\\/\\\/magyarpenclub.hu\\\/fr\\\/2019\\\/09\\\/14\\\/deces-de-gyorgy-konrad\\\/\"},\"author\":{\"name\":\"admin\",\"@id\":\"https:\\\/\\\/magyarpenclub.hu\\\/fr\\\/#\\\/schema\\\/person\\\/9d0e9bdcfa14a17e3af44ee46f4f047e\"},\"headline\":\"D\u00e9c\u00e8s de Gy\u00f6rgy Konr\u00e1d\",\"datePublished\":\"2019-09-14T06:06:00+00:00\",\"dateModified\":\"2023-11-02T09:54:28+00:00\",\"mainEntityOfPage\":{\"@id\":\"https:\\\/\\\/magyarpenclub.hu\\\/fr\\\/2019\\\/09\\\/14\\\/deces-de-gyorgy-konrad\\\/\"},\"wordCount\":62,\"publisher\":{\"@id\":\"https:\\\/\\\/magyarpenclub.hu\\\/fr\\\/#organization\"},\"image\":{\"@id\":\"https:\\\/\\\/magyarpenclub.hu\\\/fr\\\/2019\\\/09\\\/14\\\/deces-de-gyorgy-konrad\\\/#primaryimage\"},\"thumbnailUrl\":\"https:\\\/\\\/magyarpenclub.hu\\\/wp-content\\\/uploads\\\/2022\\\/05\\\/konrad-gyorgy.jpg\",\"articleSection\":[\"In memoriam\"],\"inLanguage\":\"fr-FR\"},{\"@type\":\"WebPage\",\"@id\":\"https:\\\/\\\/magyarpenclub.hu\\\/fr\\\/2019\\\/09\\\/14\\\/deces-de-gyorgy-konrad\\\/\",\"url\":\"https:\\\/\\\/magyarpenclub.hu\\\/fr\\\/2019\\\/09\\\/14\\\/deces-de-gyorgy-konrad\\\/\",\"name\":\"D\u00e9c\u00e8s de Gy\u00f6rgy Konr\u00e1d - Magyar PEN Club\",\"isPartOf\":{\"@id\":\"https:\\\/\\\/magyarpenclub.hu\\\/fr\\\/#website\"},\"primaryImageOfPage\":{\"@id\":\"https:\\\/\\\/magyarpenclub.hu\\\/fr\\\/2019\\\/09\\\/14\\\/deces-de-gyorgy-konrad\\\/#primaryimage\"},\"image\":{\"@id\":\"https:\\\/\\\/magyarpenclub.hu\\\/fr\\\/2019\\\/09\\\/14\\\/deces-de-gyorgy-konrad\\\/#primaryimage\"},\"thumbnailUrl\":\"https:\\\/\\\/magyarpenclub.hu\\\/wp-content\\\/uploads\\\/2022\\\/05\\\/konrad-gyorgy.jpg\",\"datePublished\":\"2019-09-14T06:06:00+00:00\",\"dateModified\":\"2023-11-02T09:54:28+00:00\",\"breadcrumb\":{\"@id\":\"https:\\\/\\\/magyarpenclub.hu\\\/fr\\\/2019\\\/09\\\/14\\\/deces-de-gyorgy-konrad\\\/#breadcrumb\"},\"inLanguage\":\"fr-FR\",\"potentialAction\":[{\"@type\":\"ReadAction\",\"target\":[\"https:\\\/\\\/magyarpenclub.hu\\\/fr\\\/2019\\\/09\\\/14\\\/deces-de-gyorgy-konrad\\\/\"]}]},{\"@type\":\"ImageObject\",\"inLanguage\":\"fr-FR\",\"@id\":\"https:\\\/\\\/magyarpenclub.hu\\\/fr\\\/2019\\\/09\\\/14\\\/deces-de-gyorgy-konrad\\\/#primaryimage\",\"url\":\"https:\\\/\\\/magyarpenclub.hu\\\/wp-content\\\/uploads\\\/2022\\\/05\\\/konrad-gyorgy.jpg\",\"contentUrl\":\"https:\\\/\\\/magyarpenclub.hu\\\/wp-content\\\/uploads\\\/2022\\\/05\\\/konrad-gyorgy.jpg\",\"width\":600,\"height\":394,\"caption\":\"Konr\u00e1d Gy\u00f6rgy\"},{\"@type\":\"BreadcrumbList\",\"@id\":\"https:\\\/\\\/magyarpenclub.hu\\\/fr\\\/2019\\\/09\\\/14\\\/deces-de-gyorgy-konrad\\\/#breadcrumb\",\"itemListElement\":[{\"@type\":\"ListItem\",\"position\":1,\"name\":\"Kezd\u0151lap\",\"item\":\"https:\\\/\\\/magyarpenclub.hu\\\/fr\\\/\"},{\"@type\":\"ListItem\",\"position\":2,\"name\":\"D\u00e9c\u00e8s de Gy\u00f6rgy Konr\u00e1d\"}]},{\"@type\":\"WebSite\",\"@id\":\"https:\\\/\\\/magyarpenclub.hu\\\/fr\\\/#website\",\"url\":\"https:\\\/\\\/magyarpenclub.hu\\\/fr\\\/\",\"name\":\"Magyar PEN Club\",\"description\":\"H\u00edrek, k\u00f6zlem\u00e9nyek, \u00edr\u00e1sok\",\"publisher\":{\"@id\":\"https:\\\/\\\/magyarpenclub.hu\\\/fr\\\/#organization\"},\"potentialAction\":[{\"@type\":\"SearchAction\",\"target\":{\"@type\":\"EntryPoint\",\"urlTemplate\":\"https:\\\/\\\/magyarpenclub.hu\\\/fr\\\/?s={search_term_string}\"},\"query-input\":{\"@type\":\"PropertyValueSpecification\",\"valueRequired\":true,\"valueName\":\"search_term_string\"}}],\"inLanguage\":\"fr-FR\"},{\"@type\":\"Organization\",\"@id\":\"https:\\\/\\\/magyarpenclub.hu\\\/fr\\\/#organization\",\"name\":\"Magyar P.E.N. Club\",\"url\":\"https:\\\/\\\/magyarpenclub.hu\\\/fr\\\/\",\"logo\":{\"@type\":\"ImageObject\",\"inLanguage\":\"fr-FR\",\"@id\":\"https:\\\/\\\/magyarpenclub.hu\\\/fr\\\/#\\\/schema\\\/logo\\\/image\\\/\",\"url\":\"https:\\\/\\\/magyarpenclub.hu\\\/wp-content\\\/uploads\\\/2022\\\/08\\\/magyar-pen-club-logo.png\",\"contentUrl\":\"https:\\\/\\\/magyarpenclub.hu\\\/wp-content\\\/uploads\\\/2022\\\/08\\\/magyar-pen-club-logo.png\",\"width\":195,\"height\":195,\"caption\":\"Magyar P.E.N. Club\"},\"image\":{\"@id\":\"https:\\\/\\\/magyarpenclub.hu\\\/fr\\\/#\\\/schema\\\/logo\\\/image\\\/\"},\"sameAs\":[\"https:\\\/\\\/www.facebook.com\\\/magyarpenclub\",\"https:\\\/\\\/www.youtube.com\\\/channel\\\/UC8bw1YALHZZJCJ-7bqvlR6Q\"]},{\"@type\":\"Person\",\"@id\":\"https:\\\/\\\/magyarpenclub.hu\\\/fr\\\/#\\\/schema\\\/person\\\/9d0e9bdcfa14a17e3af44ee46f4f047e\",\"name\":\"admin\",\"image\":{\"@type\":\"ImageObject\",\"inLanguage\":\"fr-FR\",\"@id\":\"https:\\\/\\\/secure.gravatar.com\\\/avatar\\\/56608a5ae1d60c555b558b0cda110391ad52d81e37b79808b2f59eaf60ba9e43?s=96&d=mm&r=g\",\"url\":\"https:\\\/\\\/secure.gravatar.com\\\/avatar\\\/56608a5ae1d60c555b558b0cda110391ad52d81e37b79808b2f59eaf60ba9e43?s=96&d=mm&r=g\",\"contentUrl\":\"https:\\\/\\\/secure.gravatar.com\\\/avatar\\\/56608a5ae1d60c555b558b0cda110391ad52d81e37b79808b2f59eaf60ba9e43?s=96&d=mm&r=g\",\"caption\":\"admin\"},\"sameAs\":[\"https:\\\/\\\/magyarpenclub.hu\"],\"url\":\"https:\\\/\\\/magyarpenclub.hu\\\/fr\\\/author\\\/admin\\\/\"}]}<\/script>\n<!-- \/ Yoast SEO plugin. -->","yoast_head_json":{"title":"D\u00e9c\u00e8s de Gy\u00f6rgy Konr\u00e1d - Magyar PEN Club","robots":{"index":"index","follow":"follow","max-snippet":"max-snippet:-1","max-image-preview":"max-image-preview:large","max-video-preview":"max-video-preview:-1"},"canonical":"https:\/\/magyarpenclub.hu\/fr\/2019\/09\/14\/deces-de-gyorgy-konrad\/","og_locale":"fr_FR","og_type":"article","og_title":"D\u00e9c\u00e8s de Gy\u00f6rgy Konr\u00e1d - Magyar PEN Club","og_description":"Gy\u00f6rgy Konr\u00e1d, l'un des fondateurs de la DIA, prosateur et essayiste laur\u00e9at du prix Kossuth, ancien pr\u00e9sident de l'Acad\u00e9mie des arts de Berlin et du PEN Club international, est d\u00e9c\u00e9d\u00e9 \u00e0 Budapest le 13 septembre \u00e0 l'\u00e2ge de 87 ans.","og_url":"https:\/\/magyarpenclub.hu\/fr\/2019\/09\/14\/deces-de-gyorgy-konrad\/","og_site_name":"Magyar PEN Club","article_publisher":"https:\/\/www.facebook.com\/magyarpenclub","article_published_time":"2019-09-14T06:06:00+00:00","article_modified_time":"2023-11-02T09:54:28+00:00","og_image":[{"width":600,"height":394,"url":"https:\/\/magyarpenclub.hu\/wp-content\/uploads\/2022\/05\/konrad-gyorgy.jpg","type":"image\/jpeg"}],"author":"admin","twitter_card":"summary_large_image","twitter_misc":{"\u00c9crit par":"admin"},"schema":{"@context":"https:\/\/schema.org","@graph":[{"@type":"Article","@id":"https:\/\/magyarpenclub.hu\/fr\/2019\/09\/14\/deces-de-gyorgy-konrad\/#article","isPartOf":{"@id":"https:\/\/magyarpenclub.hu\/fr\/2019\/09\/14\/deces-de-gyorgy-konrad\/"},"author":{"name":"admin","@id":"https:\/\/magyarpenclub.hu\/fr\/#\/schema\/person\/9d0e9bdcfa14a17e3af44ee46f4f047e"},"headline":"D\u00e9c\u00e8s de Gy\u00f6rgy Konr\u00e1d","datePublished":"2019-09-14T06:06:00+00:00","dateModified":"2023-11-02T09:54:28+00:00","mainEntityOfPage":{"@id":"https:\/\/magyarpenclub.hu\/fr\/2019\/09\/14\/deces-de-gyorgy-konrad\/"},"wordCount":62,"publisher":{"@id":"https:\/\/magyarpenclub.hu\/fr\/#organization"},"image":{"@id":"https:\/\/magyarpenclub.hu\/fr\/2019\/09\/14\/deces-de-gyorgy-konrad\/#primaryimage"},"thumbnailUrl":"https:\/\/magyarpenclub.hu\/wp-content\/uploads\/2022\/05\/konrad-gyorgy.jpg","articleSection":["In memoriam"],"inLanguage":"fr-FR"},{"@type":"WebPage","@id":"https:\/\/magyarpenclub.hu\/fr\/2019\/09\/14\/deces-de-gyorgy-konrad\/","url":"https:\/\/magyarpenclub.hu\/fr\/2019\/09\/14\/deces-de-gyorgy-konrad\/","name":"D\u00e9c\u00e8s de Gy\u00f6rgy Konr\u00e1d - Magyar PEN Club","isPartOf":{"@id":"https:\/\/magyarpenclub.hu\/fr\/#website"},"primaryImageOfPage":{"@id":"https:\/\/magyarpenclub.hu\/fr\/2019\/09\/14\/deces-de-gyorgy-konrad\/#primaryimage"},"image":{"@id":"https:\/\/magyarpenclub.hu\/fr\/2019\/09\/14\/deces-de-gyorgy-konrad\/#primaryimage"},"thumbnailUrl":"https:\/\/magyarpenclub.hu\/wp-content\/uploads\/2022\/05\/konrad-gyorgy.jpg","datePublished":"2019-09-14T06:06:00+00:00","dateModified":"2023-11-02T09:54:28+00:00","breadcrumb":{"@id":"https:\/\/magyarpenclub.hu\/fr\/2019\/09\/14\/deces-de-gyorgy-konrad\/#breadcrumb"},"inLanguage":"fr-FR","potentialAction":[{"@type":"ReadAction","target":["https:\/\/magyarpenclub.hu\/fr\/2019\/09\/14\/deces-de-gyorgy-konrad\/"]}]},{"@type":"ImageObject","inLanguage":"fr-FR","@id":"https:\/\/magyarpenclub.hu\/fr\/2019\/09\/14\/deces-de-gyorgy-konrad\/#primaryimage","url":"https:\/\/magyarpenclub.hu\/wp-content\/uploads\/2022\/05\/konrad-gyorgy.jpg","contentUrl":"https:\/\/magyarpenclub.hu\/wp-content\/uploads\/2022\/05\/konrad-gyorgy.jpg","width":600,"height":394,"caption":"Konr\u00e1d Gy\u00f6rgy"},{"@type":"BreadcrumbList","@id":"https:\/\/magyarpenclub.hu\/fr\/2019\/09\/14\/deces-de-gyorgy-konrad\/#breadcrumb","itemListElement":[{"@type":"ListItem","position":1,"name":"Kezd\u0151lap","item":"https:\/\/magyarpenclub.hu\/fr\/"},{"@type":"ListItem","position":2,"name":"D\u00e9c\u00e8s de Gy\u00f6rgy Konr\u00e1d"}]},{"@type":"WebSite","@id":"https:\/\/magyarpenclub.hu\/fr\/#website","url":"https:\/\/magyarpenclub.hu\/fr\/","name":"Magyar PEN Club","description":"H\u00edrek, k\u00f6zlem\u00e9nyek, \u00edr\u00e1sok","publisher":{"@id":"https:\/\/magyarpenclub.hu\/fr\/#organization"},"potentialAction":[{"@type":"SearchAction","target":{"@type":"EntryPoint","urlTemplate":"https:\/\/magyarpenclub.hu\/fr\/?s={search_term_string}"},"query-input":{"@type":"PropertyValueSpecification","valueRequired":true,"valueName":"search_term_string"}}],"inLanguage":"fr-FR"},{"@type":"Organization","@id":"https:\/\/magyarpenclub.hu\/fr\/#organization","name":"Magyar P.E.N. Club","url":"https:\/\/magyarpenclub.hu\/fr\/","logo":{"@type":"ImageObject","inLanguage":"fr-FR","@id":"https:\/\/magyarpenclub.hu\/fr\/#\/schema\/logo\/image\/","url":"https:\/\/magyarpenclub.hu\/wp-content\/uploads\/2022\/08\/magyar-pen-club-logo.png","contentUrl":"https:\/\/magyarpenclub.hu\/wp-content\/uploads\/2022\/08\/magyar-pen-club-logo.png","width":195,"height":195,"caption":"Magyar P.E.N. Club"},"image":{"@id":"https:\/\/magyarpenclub.hu\/fr\/#\/schema\/logo\/image\/"},"sameAs":["https:\/\/www.facebook.com\/magyarpenclub","https:\/\/www.youtube.com\/channel\/UC8bw1YALHZZJCJ-7bqvlR6Q"]},{"@type":"Person","@id":"https:\/\/magyarpenclub.hu\/fr\/#\/schema\/person\/9d0e9bdcfa14a17e3af44ee46f4f047e","name":"admin","image":{"@type":"ImageObject","inLanguage":"fr-FR","@id":"https:\/\/secure.gravatar.com\/avatar\/56608a5ae1d60c555b558b0cda110391ad52d81e37b79808b2f59eaf60ba9e43?s=96&d=mm&r=g","url":"https:\/\/secure.gravatar.com\/avatar\/56608a5ae1d60c555b558b0cda110391ad52d81e37b79808b2f59eaf60ba9e43?s=96&d=mm&r=g","contentUrl":"https:\/\/secure.gravatar.com\/avatar\/56608a5ae1d60c555b558b0cda110391ad52d81e37b79808b2f59eaf60ba9e43?s=96&d=mm&r=g","caption":"admin"},"sameAs":["https:\/\/magyarpenclub.hu"],"url":"https:\/\/magyarpenclub.hu\/fr\/author\/admin\/"}]}},"_links":{"self":[{"href":"https:\/\/magyarpenclub.hu\/fr\/wp-json\/wp\/v2\/posts\/7176","targetHints":{"allow":["GET"]}}],"collection":[{"href":"https:\/\/magyarpenclub.hu\/fr\/wp-json\/wp\/v2\/posts"}],"about":[{"href":"https:\/\/magyarpenclub.hu\/fr\/wp-json\/wp\/v2\/types\/post"}],"author":[{"embeddable":true,"href":"https:\/\/magyarpenclub.hu\/fr\/wp-json\/wp\/v2\/users\/1"}],"replies":[{"embeddable":true,"href":"https:\/\/magyarpenclub.hu\/fr\/wp-json\/wp\/v2\/comments?post=7176"}],"version-history":[{"count":0,"href":"https:\/\/magyarpenclub.hu\/fr\/wp-json\/wp\/v2\/posts\/7176\/revisions"}],"wp:featuredmedia":[{"embeddable":true,"href":"https:\/\/magyarpenclub.hu\/fr\/wp-json\/wp\/v2\/media\/6316"}],"wp:attachment":[{"href":"https:\/\/magyarpenclub.hu\/fr\/wp-json\/wp\/v2\/media?parent=7176"}],"wp:term":[{"taxonomy":"category","embeddable":true,"href":"https:\/\/magyarpenclub.hu\/fr\/wp-json\/wp\/v2\/categories?post=7176"},{"taxonomy":"post_tag","embeddable":true,"href":"https:\/\/magyarpenclub.hu\/fr\/wp-json\/wp\/v2\/tags?post=7176"}],"curies":[{"name":"wp","href":"https:\/\/api.w.org\/{rel}","templated":true}]}}