{"id":7178,"date":"2022-04-09T08:00:13","date_gmt":"2022-04-09T08:00:13","guid":{"rendered":"https:\/\/magyarpenclub.hu\/2022\/04\/09\/communique-de-presse\/"},"modified":"2023-11-02T09:54:28","modified_gmt":"2023-11-02T09:54:28","slug":"communique-de-presse","status":"publish","type":"post","link":"https:\/\/magyarpenclub.hu\/fr\/2022\/04\/09\/communique-de-presse\/","title":{"rendered":"Communiqu\u00e9 de presse"},"content":{"rendered":"\t\t<div data-elementor-type=\"wp-post\" data-elementor-id=\"7178\" class=\"elementor elementor-7178 elementor-3721\" data-elementor-post-type=\"post\">\n\t\t\t\t\t\t<section class=\"elementor-section elementor-top-section elementor-element elementor-element-9736821 elementor-section-boxed elementor-section-height-default elementor-section-height-default\" data-id=\"9736821\" data-element_type=\"section\" data-e-type=\"section\">\n\t\t\t\t\t\t<div class=\"elementor-container elementor-column-gap-default\">\n\t\t\t\t\t<div class=\"elementor-column elementor-col-100 elementor-top-column elementor-element elementor-element-3ac0cee\" data-id=\"3ac0cee\" data-element_type=\"column\" data-e-type=\"column\">\n\t\t\t<div class=\"elementor-widget-wrap elementor-element-populated\">\n\t\t\t\t\t\t<div class=\"elementor-element elementor-element-af50846 elementor-widget elementor-widget-spacer\" data-id=\"af50846\" data-element_type=\"widget\" data-e-type=\"widget\" data-widget_type=\"spacer.default\">\n\t\t\t\t<div class=\"elementor-widget-container\">\n\t\t\t\t\t\t\t<div class=\"elementor-spacer\">\n\t\t\t<div class=\"elementor-spacer-inner\"><\/div>\n\t\t<\/div>\n\t\t\t\t\t\t<\/div>\n\t\t\t\t<\/div>\n\t\t\t\t<div class=\"elementor-element elementor-element-445b976 elementor-widget elementor-widget-text-editor\" data-id=\"445b976\" data-element_type=\"widget\" data-e-type=\"widget\" data-widget_type=\"text-editor.default\">\n\t\t\t\t<div class=\"elementor-widget-container\">\n\t\t\t\t\t\t\t\t\t<p>Ladite fondation, qui a \u00e9t\u00e9 cr\u00e9\u00e9e \u00e0 l&rsquo;origine pour servir la transparence organisationnelle et financi\u00e8re et les affaires organisationnelles du grand prix international de po\u00e9sie Janus Pannonius, un prix litt\u00e9raire prestigieux fond\u00e9 par le PEN Club hongrois, poursuit ses activit\u00e9s apr\u00e8s le d\u00e9c\u00e8s de G\u00e9za Sz\u0151cs, en distribuant des prix litt\u00e9raires et en concourant \u00e0 leur attribution. Pour ce faire, la Fondation doit verser \u00e0 la derni\u00e8re laur\u00e9ate, Susan Howe, une commission correspondant sp\u00e9cifiquement \u00e0 la valeur du grand prix de 50 000 euros.<\/p>\n<p>Imm\u00e9diatement apr\u00e8s son \u00e9lection \u00e0 la pr\u00e9sidence du PEN Club hongrois, il a fait une d\u00e9claration juridique dans laquelle il &#8211; en tant que l&rsquo;un des fondateurs de la Fondation Janus Pannonius &#8211; se d\u00e9solidarise compl\u00e8tement de toutes les activit\u00e9s de la Fondation apr\u00e8s la mort du pr\u00e9sident G\u00e9za Sz\u0151cs. Cette d\u00e9claration n&rsquo;a pas \u00e9t\u00e9 rendue publique \u00e0 l&rsquo;\u00e9poque pour des raisons professionnelles et m\u00e9morielles, confiant que le conseil d&rsquo;administration de la Fondation continuera \u00e0 d\u00e9fendre les principes professionnels du PEN Club, la Fondation Janus Pannonius et les anciennes id\u00e9es de G\u00e9za Sz\u0151cs, qui sont d&rsquo;une importance capitale pour le prestige de la Hongrie dans son ensemble. En revanche, en contournant compl\u00e8tement le PEN Club hongrois, nous assistons aujourd&rsquo;hui \u00e0 l&rsquo;annonce par la JPA d&rsquo;un appel public \u00e0 candidatures pour le prestigieux prix de po\u00e9sie, que G\u00e9za Sz\u0151cs et le jury d\u00e9cernant le prix ont pr\u00e9sent\u00e9 comme suit : \u00a0\u00bb Depuis 2016, la Fondation d\u00e9cerne le prix Filius Ursaed qui &#8211; en r\u00e9f\u00e9rence \u00e0 un po\u00e8me de Janus Pannonius, surnomm\u00e9 le Petit Ours par ses condisciples &#8211; r\u00e9compense des r\u00e9alisations po\u00e9tiques en rupture avec les conventions, qui transcendent la bien-pensance et les mod\u00e8les.\u00a0\u00bb  <em>(Livret du Grand Prix Janus Pannonius, 2019)  <\/em><\/p>\n<p><span style=\"color: var(--the7-base-color); letter-spacing: var(--the7-base-letter-spacing); text-transform: var(--the7-base-text-transform); word-spacing: normal;\">En ce moment, la direction du PEN Club hongrois doit d\u00e9fendre le Grand Prix international de po\u00e9sie Janus Pannonius.  <\/span><span style=\"color: var(--the7-base-color); letter-spacing: var(--the7-base-letter-spacing); text-transform: var(--the7-base-text-transform); word-spacing: normal;\">Nous suivons la ligne intellectuelle de notre ancien pr\u00e9sident, nous respectons la cr\u00e9dibilit\u00e9 professionnelle du PEN Club hongrois et nous devons d\u00e9clarer une fois de plus &#8211; \u00e9galement en public &#8211; que nous sommes engag\u00e9s dans tout ce qui se passe ou appara\u00eet en public sous les auspices de la Fondation Janus Pannonius, le PEN Club hongrois n&rsquo;a rien \u00e0 voir avec ces activit\u00e9s, qu&rsquo;il ne soutient ni moralement ni professionnellement, et proteste contre le fait que les prix moyen et mineur du Grand prix international de po\u00e9sie Janus Pannonius &#8211; le Filius Ursae et le prix Khelid\u00f3n &#8211; continueront d&rsquo;\u00eatre administr\u00e9s sous ces noms et sous cette forme.<\/span><\/p>\n<p>Le PEN Club hongrois a d\u00e9j\u00e0 pris les mesures juridiques appropri\u00e9es pour ali\u00e9ner les droits de fondation de l&rsquo;APP, mais jusqu&rsquo;\u00e0 ce que les proc\u00e9dures juridiques soient termin\u00e9es, prendre nos distances avec la fondation reste notre seule chance de garantir que le public et la communaut\u00e9 cr\u00e9ative hongroise puissent clairement s\u00e9parer l&rsquo;utilisation abusive de l&rsquo;h\u00e9ritage intellectuel de G\u00e9za Sz\u0151cs des intentions et des points de vue du PEN Club.<\/p>\n<p>Budapest, 2022. 9 avril.<\/p>\n<p>Pr\u00e9sidence du PEN Club hongrois<\/p>\n\t\t\t\t\t\t\t\t<\/div>\n\t\t\t\t<\/div>\n\t\t\t\t<div class=\"elementor-element elementor-element-acb2ecc elementor-widget elementor-widget-spacer\" data-id=\"acb2ecc\" data-element_type=\"widget\" data-e-type=\"widget\" data-widget_type=\"spacer.default\">\n\t\t\t\t<div class=\"elementor-widget-container\">\n\t\t\t\t\t\t\t<div class=\"elementor-spacer\">\n\t\t\t<div class=\"elementor-spacer-inner\"><\/div>\n\t\t<\/div>\n\t\t\t\t\t\t<\/div>\n\t\t\t\t<\/div>\n\t\t\t\t\t<\/div>\n\t\t<\/div>\n\t\t\t\t\t<\/div>\n\t\t<\/section>\n\t\t\t\t<\/div>\n\t\t","protected":false},"excerpt":{"rendered":"<p>La pr\u00e9sidence du PEN Club hongrois est \u00e0 nouveau choqu\u00e9e par la nouvelle du d\u00e9c\u00e8s de G\u00e9za Sz\u0151cs, qui porte \u00e9galement son nom.<br \/>\nla Fondation Janus Pannonius, qui contribue aux activit\u00e9s de l&rsquo;Union europ\u00e9enne.<\/p>\n","protected":false},"author":1,"featured_media":6197,"comment_status":"open","ping_status":"open","sticky":false,"template":"","format":"standard","meta":{"_acf_changed":false,"footnotes":""},"categories":[180],"tags":[],"class_list":["post-7178","post","type-post","status-publish","format-standard","has-post-thumbnail","hentry","category-communique-de-presse"],"acf":[],"yoast_head":"<!-- This site is optimized with the Yoast SEO plugin v27.5 - https:\/\/yoast.com\/product\/yoast-seo-wordpress\/ -->\n<title>Communiqu\u00e9 de presse - Magyar PEN Club<\/title>\n<meta name=\"robots\" content=\"index, follow, max-snippet:-1, max-image-preview:large, max-video-preview:-1\" \/>\n<link rel=\"canonical\" href=\"https:\/\/magyarpenclub.hu\/fr\/2022\/04\/09\/communique-de-presse\/\" \/>\n<meta property=\"og:locale\" content=\"fr_FR\" \/>\n<meta property=\"og:type\" content=\"article\" \/>\n<meta property=\"og:title\" content=\"Communiqu\u00e9 de presse - Magyar PEN Club\" \/>\n<meta property=\"og:description\" content=\"La pr\u00e9sidence du PEN Club hongrois est \u00e0 nouveau choqu\u00e9e par la nouvelle du d\u00e9c\u00e8s de G\u00e9za Sz\u0151cs, qui porte \u00e9galement son nom. la Fondation Janus Pannonius, qui contribue aux activit\u00e9s de l&#039;Union europ\u00e9enne.\" \/>\n<meta property=\"og:url\" content=\"https:\/\/magyarpenclub.hu\/fr\/2022\/04\/09\/communique-de-presse\/\" \/>\n<meta property=\"og:site_name\" content=\"Magyar PEN Club\" \/>\n<meta property=\"article:publisher\" content=\"https:\/\/www.facebook.com\/magyarpenclub\" \/>\n<meta property=\"article:published_time\" content=\"2022-04-09T08:00:13+00:00\" \/>\n<meta property=\"article:modified_time\" content=\"2023-11-02T09:54:28+00:00\" \/>\n<meta property=\"og:image\" content=\"https:\/\/magyarpenclub.hu\/wp-content\/uploads\/2022\/05\/ink-pen-opened-old-notebook.jpg\" \/>\n\t<meta property=\"og:image:width\" content=\"1900\" \/>\n\t<meta property=\"og:image:height\" content=\"1267\" \/>\n\t<meta property=\"og:image:type\" content=\"image\/jpeg\" \/>\n<meta name=\"author\" content=\"admin\" \/>\n<meta name=\"twitter:card\" content=\"summary_large_image\" \/>\n<meta name=\"twitter:label1\" content=\"\u00c9crit par\" \/>\n\t<meta name=\"twitter:data1\" content=\"admin\" \/>\n\t<meta name=\"twitter:label2\" content=\"Dur\u00e9e de lecture estim\u00e9e\" \/>\n\t<meta name=\"twitter:data2\" content=\"3 minutes\" \/>\n<script type=\"application\/ld+json\" class=\"yoast-schema-graph\">{\"@context\":\"https:\\\/\\\/schema.org\",\"@graph\":[{\"@type\":\"Article\",\"@id\":\"https:\\\/\\\/magyarpenclub.hu\\\/fr\\\/2022\\\/04\\\/09\\\/communique-de-presse\\\/#article\",\"isPartOf\":{\"@id\":\"https:\\\/\\\/magyarpenclub.hu\\\/fr\\\/2022\\\/04\\\/09\\\/communique-de-presse\\\/\"},\"author\":{\"name\":\"admin\",\"@id\":\"https:\\\/\\\/magyarpenclub.hu\\\/fr\\\/#\\\/schema\\\/person\\\/9d0e9bdcfa14a17e3af44ee46f4f047e\"},\"headline\":\"Communiqu\u00e9 de presse\",\"datePublished\":\"2022-04-09T08:00:13+00:00\",\"dateModified\":\"2023-11-02T09:54:28+00:00\",\"mainEntityOfPage\":{\"@id\":\"https:\\\/\\\/magyarpenclub.hu\\\/fr\\\/2022\\\/04\\\/09\\\/communique-de-presse\\\/\"},\"wordCount\":561,\"commentCount\":0,\"publisher\":{\"@id\":\"https:\\\/\\\/magyarpenclub.hu\\\/fr\\\/#organization\"},\"image\":{\"@id\":\"https:\\\/\\\/magyarpenclub.hu\\\/fr\\\/2022\\\/04\\\/09\\\/communique-de-presse\\\/#primaryimage\"},\"thumbnailUrl\":\"https:\\\/\\\/magyarpenclub.hu\\\/wp-content\\\/uploads\\\/2022\\\/05\\\/ink-pen-opened-old-notebook.jpg\",\"articleSection\":[\"Communiqu\u00e9 de presse\"],\"inLanguage\":\"fr-FR\",\"potentialAction\":[{\"@type\":\"CommentAction\",\"name\":\"Comment\",\"target\":[\"https:\\\/\\\/magyarpenclub.hu\\\/fr\\\/2022\\\/04\\\/09\\\/communique-de-presse\\\/#respond\"]}]},{\"@type\":\"WebPage\",\"@id\":\"https:\\\/\\\/magyarpenclub.hu\\\/fr\\\/2022\\\/04\\\/09\\\/communique-de-presse\\\/\",\"url\":\"https:\\\/\\\/magyarpenclub.hu\\\/fr\\\/2022\\\/04\\\/09\\\/communique-de-presse\\\/\",\"name\":\"Communiqu\u00e9 de presse - Magyar PEN Club\",\"isPartOf\":{\"@id\":\"https:\\\/\\\/magyarpenclub.hu\\\/fr\\\/#website\"},\"primaryImageOfPage\":{\"@id\":\"https:\\\/\\\/magyarpenclub.hu\\\/fr\\\/2022\\\/04\\\/09\\\/communique-de-presse\\\/#primaryimage\"},\"image\":{\"@id\":\"https:\\\/\\\/magyarpenclub.hu\\\/fr\\\/2022\\\/04\\\/09\\\/communique-de-presse\\\/#primaryimage\"},\"thumbnailUrl\":\"https:\\\/\\\/magyarpenclub.hu\\\/wp-content\\\/uploads\\\/2022\\\/05\\\/ink-pen-opened-old-notebook.jpg\",\"datePublished\":\"2022-04-09T08:00:13+00:00\",\"dateModified\":\"2023-11-02T09:54:28+00:00\",\"breadcrumb\":{\"@id\":\"https:\\\/\\\/magyarpenclub.hu\\\/fr\\\/2022\\\/04\\\/09\\\/communique-de-presse\\\/#breadcrumb\"},\"inLanguage\":\"fr-FR\",\"potentialAction\":[{\"@type\":\"ReadAction\",\"target\":[\"https:\\\/\\\/magyarpenclub.hu\\\/fr\\\/2022\\\/04\\\/09\\\/communique-de-presse\\\/\"]}]},{\"@type\":\"ImageObject\",\"inLanguage\":\"fr-FR\",\"@id\":\"https:\\\/\\\/magyarpenclub.hu\\\/fr\\\/2022\\\/04\\\/09\\\/communique-de-presse\\\/#primaryimage\",\"url\":\"https:\\\/\\\/magyarpenclub.hu\\\/wp-content\\\/uploads\\\/2022\\\/05\\\/ink-pen-opened-old-notebook.jpg\",\"contentUrl\":\"https:\\\/\\\/magyarpenclub.hu\\\/wp-content\\\/uploads\\\/2022\\\/05\\\/ink-pen-opened-old-notebook.jpg\",\"width\":1900,\"height\":1267},{\"@type\":\"BreadcrumbList\",\"@id\":\"https:\\\/\\\/magyarpenclub.hu\\\/fr\\\/2022\\\/04\\\/09\\\/communique-de-presse\\\/#breadcrumb\",\"itemListElement\":[{\"@type\":\"ListItem\",\"position\":1,\"name\":\"Kezd\u0151lap\",\"item\":\"https:\\\/\\\/magyarpenclub.hu\\\/fr\\\/\"},{\"@type\":\"ListItem\",\"position\":2,\"name\":\"Communiqu\u00e9 de presse\"}]},{\"@type\":\"WebSite\",\"@id\":\"https:\\\/\\\/magyarpenclub.hu\\\/fr\\\/#website\",\"url\":\"https:\\\/\\\/magyarpenclub.hu\\\/fr\\\/\",\"name\":\"Magyar PEN Club\",\"description\":\"H\u00edrek, k\u00f6zlem\u00e9nyek, \u00edr\u00e1sok\",\"publisher\":{\"@id\":\"https:\\\/\\\/magyarpenclub.hu\\\/fr\\\/#organization\"},\"potentialAction\":[{\"@type\":\"SearchAction\",\"target\":{\"@type\":\"EntryPoint\",\"urlTemplate\":\"https:\\\/\\\/magyarpenclub.hu\\\/fr\\\/?s={search_term_string}\"},\"query-input\":{\"@type\":\"PropertyValueSpecification\",\"valueRequired\":true,\"valueName\":\"search_term_string\"}}],\"inLanguage\":\"fr-FR\"},{\"@type\":\"Organization\",\"@id\":\"https:\\\/\\\/magyarpenclub.hu\\\/fr\\\/#organization\",\"name\":\"Magyar P.E.N. Club\",\"url\":\"https:\\\/\\\/magyarpenclub.hu\\\/fr\\\/\",\"logo\":{\"@type\":\"ImageObject\",\"inLanguage\":\"fr-FR\",\"@id\":\"https:\\\/\\\/magyarpenclub.hu\\\/fr\\\/#\\\/schema\\\/logo\\\/image\\\/\",\"url\":\"https:\\\/\\\/magyarpenclub.hu\\\/wp-content\\\/uploads\\\/2022\\\/08\\\/magyar-pen-club-logo.png\",\"contentUrl\":\"https:\\\/\\\/magyarpenclub.hu\\\/wp-content\\\/uploads\\\/2022\\\/08\\\/magyar-pen-club-logo.png\",\"width\":195,\"height\":195,\"caption\":\"Magyar P.E.N. Club\"},\"image\":{\"@id\":\"https:\\\/\\\/magyarpenclub.hu\\\/fr\\\/#\\\/schema\\\/logo\\\/image\\\/\"},\"sameAs\":[\"https:\\\/\\\/www.facebook.com\\\/magyarpenclub\",\"https:\\\/\\\/www.youtube.com\\\/channel\\\/UC8bw1YALHZZJCJ-7bqvlR6Q\"]},{\"@type\":\"Person\",\"@id\":\"https:\\\/\\\/magyarpenclub.hu\\\/fr\\\/#\\\/schema\\\/person\\\/9d0e9bdcfa14a17e3af44ee46f4f047e\",\"name\":\"admin\",\"image\":{\"@type\":\"ImageObject\",\"inLanguage\":\"fr-FR\",\"@id\":\"https:\\\/\\\/secure.gravatar.com\\\/avatar\\\/56608a5ae1d60c555b558b0cda110391ad52d81e37b79808b2f59eaf60ba9e43?s=96&d=mm&r=g\",\"url\":\"https:\\\/\\\/secure.gravatar.com\\\/avatar\\\/56608a5ae1d60c555b558b0cda110391ad52d81e37b79808b2f59eaf60ba9e43?s=96&d=mm&r=g\",\"contentUrl\":\"https:\\\/\\\/secure.gravatar.com\\\/avatar\\\/56608a5ae1d60c555b558b0cda110391ad52d81e37b79808b2f59eaf60ba9e43?s=96&d=mm&r=g\",\"caption\":\"admin\"},\"sameAs\":[\"https:\\\/\\\/magyarpenclub.hu\"],\"url\":\"https:\\\/\\\/magyarpenclub.hu\\\/fr\\\/author\\\/admin\\\/\"}]}<\/script>\n<!-- \/ Yoast SEO plugin. -->","yoast_head_json":{"title":"Communiqu\u00e9 de presse - Magyar PEN Club","robots":{"index":"index","follow":"follow","max-snippet":"max-snippet:-1","max-image-preview":"max-image-preview:large","max-video-preview":"max-video-preview:-1"},"canonical":"https:\/\/magyarpenclub.hu\/fr\/2022\/04\/09\/communique-de-presse\/","og_locale":"fr_FR","og_type":"article","og_title":"Communiqu\u00e9 de presse - Magyar PEN Club","og_description":"La pr\u00e9sidence du PEN Club hongrois est \u00e0 nouveau choqu\u00e9e par la nouvelle du d\u00e9c\u00e8s de G\u00e9za Sz\u0151cs, qui porte \u00e9galement son nom. la Fondation Janus Pannonius, qui contribue aux activit\u00e9s de l'Union europ\u00e9enne.","og_url":"https:\/\/magyarpenclub.hu\/fr\/2022\/04\/09\/communique-de-presse\/","og_site_name":"Magyar PEN Club","article_publisher":"https:\/\/www.facebook.com\/magyarpenclub","article_published_time":"2022-04-09T08:00:13+00:00","article_modified_time":"2023-11-02T09:54:28+00:00","og_image":[{"width":1900,"height":1267,"url":"https:\/\/magyarpenclub.hu\/wp-content\/uploads\/2022\/05\/ink-pen-opened-old-notebook.jpg","type":"image\/jpeg"}],"author":"admin","twitter_card":"summary_large_image","twitter_misc":{"\u00c9crit par":"admin","Dur\u00e9e de lecture estim\u00e9e":"3 minutes"},"schema":{"@context":"https:\/\/schema.org","@graph":[{"@type":"Article","@id":"https:\/\/magyarpenclub.hu\/fr\/2022\/04\/09\/communique-de-presse\/#article","isPartOf":{"@id":"https:\/\/magyarpenclub.hu\/fr\/2022\/04\/09\/communique-de-presse\/"},"author":{"name":"admin","@id":"https:\/\/magyarpenclub.hu\/fr\/#\/schema\/person\/9d0e9bdcfa14a17e3af44ee46f4f047e"},"headline":"Communiqu\u00e9 de presse","datePublished":"2022-04-09T08:00:13+00:00","dateModified":"2023-11-02T09:54:28+00:00","mainEntityOfPage":{"@id":"https:\/\/magyarpenclub.hu\/fr\/2022\/04\/09\/communique-de-presse\/"},"wordCount":561,"commentCount":0,"publisher":{"@id":"https:\/\/magyarpenclub.hu\/fr\/#organization"},"image":{"@id":"https:\/\/magyarpenclub.hu\/fr\/2022\/04\/09\/communique-de-presse\/#primaryimage"},"thumbnailUrl":"https:\/\/magyarpenclub.hu\/wp-content\/uploads\/2022\/05\/ink-pen-opened-old-notebook.jpg","articleSection":["Communiqu\u00e9 de presse"],"inLanguage":"fr-FR","potentialAction":[{"@type":"CommentAction","name":"Comment","target":["https:\/\/magyarpenclub.hu\/fr\/2022\/04\/09\/communique-de-presse\/#respond"]}]},{"@type":"WebPage","@id":"https:\/\/magyarpenclub.hu\/fr\/2022\/04\/09\/communique-de-presse\/","url":"https:\/\/magyarpenclub.hu\/fr\/2022\/04\/09\/communique-de-presse\/","name":"Communiqu\u00e9 de presse - Magyar PEN Club","isPartOf":{"@id":"https:\/\/magyarpenclub.hu\/fr\/#website"},"primaryImageOfPage":{"@id":"https:\/\/magyarpenclub.hu\/fr\/2022\/04\/09\/communique-de-presse\/#primaryimage"},"image":{"@id":"https:\/\/magyarpenclub.hu\/fr\/2022\/04\/09\/communique-de-presse\/#primaryimage"},"thumbnailUrl":"https:\/\/magyarpenclub.hu\/wp-content\/uploads\/2022\/05\/ink-pen-opened-old-notebook.jpg","datePublished":"2022-04-09T08:00:13+00:00","dateModified":"2023-11-02T09:54:28+00:00","breadcrumb":{"@id":"https:\/\/magyarpenclub.hu\/fr\/2022\/04\/09\/communique-de-presse\/#breadcrumb"},"inLanguage":"fr-FR","potentialAction":[{"@type":"ReadAction","target":["https:\/\/magyarpenclub.hu\/fr\/2022\/04\/09\/communique-de-presse\/"]}]},{"@type":"ImageObject","inLanguage":"fr-FR","@id":"https:\/\/magyarpenclub.hu\/fr\/2022\/04\/09\/communique-de-presse\/#primaryimage","url":"https:\/\/magyarpenclub.hu\/wp-content\/uploads\/2022\/05\/ink-pen-opened-old-notebook.jpg","contentUrl":"https:\/\/magyarpenclub.hu\/wp-content\/uploads\/2022\/05\/ink-pen-opened-old-notebook.jpg","width":1900,"height":1267},{"@type":"BreadcrumbList","@id":"https:\/\/magyarpenclub.hu\/fr\/2022\/04\/09\/communique-de-presse\/#breadcrumb","itemListElement":[{"@type":"ListItem","position":1,"name":"Kezd\u0151lap","item":"https:\/\/magyarpenclub.hu\/fr\/"},{"@type":"ListItem","position":2,"name":"Communiqu\u00e9 de presse"}]},{"@type":"WebSite","@id":"https:\/\/magyarpenclub.hu\/fr\/#website","url":"https:\/\/magyarpenclub.hu\/fr\/","name":"Magyar PEN Club","description":"H\u00edrek, k\u00f6zlem\u00e9nyek, \u00edr\u00e1sok","publisher":{"@id":"https:\/\/magyarpenclub.hu\/fr\/#organization"},"potentialAction":[{"@type":"SearchAction","target":{"@type":"EntryPoint","urlTemplate":"https:\/\/magyarpenclub.hu\/fr\/?s={search_term_string}"},"query-input":{"@type":"PropertyValueSpecification","valueRequired":true,"valueName":"search_term_string"}}],"inLanguage":"fr-FR"},{"@type":"Organization","@id":"https:\/\/magyarpenclub.hu\/fr\/#organization","name":"Magyar P.E.N. Club","url":"https:\/\/magyarpenclub.hu\/fr\/","logo":{"@type":"ImageObject","inLanguage":"fr-FR","@id":"https:\/\/magyarpenclub.hu\/fr\/#\/schema\/logo\/image\/","url":"https:\/\/magyarpenclub.hu\/wp-content\/uploads\/2022\/08\/magyar-pen-club-logo.png","contentUrl":"https:\/\/magyarpenclub.hu\/wp-content\/uploads\/2022\/08\/magyar-pen-club-logo.png","width":195,"height":195,"caption":"Magyar P.E.N. Club"},"image":{"@id":"https:\/\/magyarpenclub.hu\/fr\/#\/schema\/logo\/image\/"},"sameAs":["https:\/\/www.facebook.com\/magyarpenclub","https:\/\/www.youtube.com\/channel\/UC8bw1YALHZZJCJ-7bqvlR6Q"]},{"@type":"Person","@id":"https:\/\/magyarpenclub.hu\/fr\/#\/schema\/person\/9d0e9bdcfa14a17e3af44ee46f4f047e","name":"admin","image":{"@type":"ImageObject","inLanguage":"fr-FR","@id":"https:\/\/secure.gravatar.com\/avatar\/56608a5ae1d60c555b558b0cda110391ad52d81e37b79808b2f59eaf60ba9e43?s=96&d=mm&r=g","url":"https:\/\/secure.gravatar.com\/avatar\/56608a5ae1d60c555b558b0cda110391ad52d81e37b79808b2f59eaf60ba9e43?s=96&d=mm&r=g","contentUrl":"https:\/\/secure.gravatar.com\/avatar\/56608a5ae1d60c555b558b0cda110391ad52d81e37b79808b2f59eaf60ba9e43?s=96&d=mm&r=g","caption":"admin"},"sameAs":["https:\/\/magyarpenclub.hu"],"url":"https:\/\/magyarpenclub.hu\/fr\/author\/admin\/"}]}},"_links":{"self":[{"href":"https:\/\/magyarpenclub.hu\/fr\/wp-json\/wp\/v2\/posts\/7178","targetHints":{"allow":["GET"]}}],"collection":[{"href":"https:\/\/magyarpenclub.hu\/fr\/wp-json\/wp\/v2\/posts"}],"about":[{"href":"https:\/\/magyarpenclub.hu\/fr\/wp-json\/wp\/v2\/types\/post"}],"author":[{"embeddable":true,"href":"https:\/\/magyarpenclub.hu\/fr\/wp-json\/wp\/v2\/users\/1"}],"replies":[{"embeddable":true,"href":"https:\/\/magyarpenclub.hu\/fr\/wp-json\/wp\/v2\/comments?post=7178"}],"version-history":[{"count":0,"href":"https:\/\/magyarpenclub.hu\/fr\/wp-json\/wp\/v2\/posts\/7178\/revisions"}],"wp:featuredmedia":[{"embeddable":true,"href":"https:\/\/magyarpenclub.hu\/fr\/wp-json\/wp\/v2\/media\/6197"}],"wp:attachment":[{"href":"https:\/\/magyarpenclub.hu\/fr\/wp-json\/wp\/v2\/media?parent=7178"}],"wp:term":[{"taxonomy":"category","embeddable":true,"href":"https:\/\/magyarpenclub.hu\/fr\/wp-json\/wp\/v2\/categories?post=7178"},{"taxonomy":"post_tag","embeddable":true,"href":"https:\/\/magyarpenclub.hu\/fr\/wp-json\/wp\/v2\/tags?post=7178"}],"curies":[{"name":"wp","href":"https:\/\/api.w.org\/{rel}","templated":true}]}}