{"id":7212,"date":"2019-06-03T14:13:00","date_gmt":"2019-06-03T14:13:00","guid":{"rendered":"https:\/\/magyarpenclub.hu\/2019\/06\/03\/au-revoir-janos-terey\/"},"modified":"2023-11-02T09:54:28","modified_gmt":"2023-11-02T09:54:28","slug":"au-revoir-janos-terey","status":"publish","type":"post","link":"https:\/\/magyarpenclub.hu\/fr\/2019\/06\/03\/au-revoir-janos-terey\/","title":{"rendered":"Au revoir, J\u00e1nos T\u00e9rey !"},"content":{"rendered":"\t\t<div data-elementor-type=\"wp-post\" data-elementor-id=\"7212\" class=\"elementor elementor-7212 elementor-4012\" data-elementor-post-type=\"post\">\n\t\t\t\t\t\t<section class=\"elementor-section elementor-top-section elementor-element elementor-element-75216b2 elementor-section-boxed elementor-section-height-default elementor-section-height-default\" data-id=\"75216b2\" data-element_type=\"section\" data-e-type=\"section\">\n\t\t\t\t\t\t<div class=\"elementor-container elementor-column-gap-wide\">\n\t\t\t\t\t<div class=\"elementor-column elementor-col-100 elementor-top-column elementor-element elementor-element-a9e5a7f\" data-id=\"a9e5a7f\" data-element_type=\"column\" data-e-type=\"column\">\n\t\t\t<div class=\"elementor-widget-wrap elementor-element-populated\">\n\t\t\t\t\t\t<div class=\"elementor-element elementor-element-729dfd8 elementor-widget elementor-widget-heading\" data-id=\"729dfd8\" data-element_type=\"widget\" data-e-type=\"widget\" data-widget_type=\"heading.default\">\n\t\t\t\t<div class=\"elementor-widget-container\">\n\t\t\t\t\t<h4 class=\"elementor-heading-title elementor-size-default\">Oups !<\/h4>\t\t\t\t<\/div>\n\t\t\t\t<\/div>\n\t\t\t\t<div class=\"elementor-element elementor-element-af7fe76 elementor-widget elementor-widget-spacer\" data-id=\"af7fe76\" data-element_type=\"widget\" data-e-type=\"widget\" data-widget_type=\"spacer.default\">\n\t\t\t\t<div class=\"elementor-widget-container\">\n\t\t\t\t\t\t\t<div class=\"elementor-spacer\">\n\t\t\t<div class=\"elementor-spacer-inner\"><\/div>\n\t\t<\/div>\n\t\t\t\t\t\t<\/div>\n\t\t\t\t<\/div>\n\t\t\t\t<div class=\"elementor-element elementor-element-a447652 elementor-widget elementor-widget-text-editor\" data-id=\"a447652\" data-element_type=\"widget\" data-e-type=\"widget\" data-widget_type=\"text-editor.default\">\n\t\t\t\t<div class=\"elementor-widget-container\">\n\t\t\t\t\t\t\t\t\t<p><span style=\"color: var(--the7-base-color); letter-spacing: var(--the7-base-letter-spacing); text-transform: var(--the7-base-text-transform); word-spacing: normal;\">Oups, papa ! &#8211; c&rsquo;est ainsi que nous nous saluions la plupart du temps, parodiant et \u00e9voquant \u00e0 la fois notre ami commun, le bon Norbert Haklik, d&rsquo;une voix grave et grin\u00e7ante, avant de nous asseoir une fois par mois \u00e0 la table des penseurs de la rue de la Lune. Les deux derni\u00e8res r\u00e9unions ont \u00e9t\u00e9 annul\u00e9es, mais nous \u00e9tions en train d&rsquo;en organiser une nouvelle. Nous devions nous r\u00e9unir le 27 mai, mais nous n&rsquo;avons pas r\u00e9ussi \u00e0 nous coordonner avec tout le monde.<\/span><\/p>\n<p><span style=\"color: var(--the7-base-color); letter-spacing: var(--the7-base-letter-spacing); text-transform: var(--the7-base-text-transform); word-spacing: normal;\">Pour ceux que cela int\u00e9resse, il s&rsquo;agissait d&rsquo;une soci\u00e9t\u00e9 litt\u00e9raire semi-secr\u00e8te qui se r\u00e9unissait depuis pr\u00e8s de 20 ans, et dans la derni\u00e8re liste, outre T\u00e9rey, Zsolt Kopp\u00e1ny Nagy, B\u00e1lint Dobai, M\u00e1ty\u00e1s Sz\u00f6ll\u0151si et Oliv\u00e9r S\u00e1ndor Mur\u00e1nyi sont \u00e9galement apparus \u00e0 la table.<\/span><\/p>\n<p><span style=\"color: var(--the7-base-color); letter-spacing: var(--the7-base-letter-spacing); text-transform: var(--the7-base-text-transform); word-spacing: normal;\">Le fait est que certaines de ces personnes, s&rsquo;il y en a, sont apparues ici et que nous avons apport\u00e9 le meilleur de nous-m\u00eames \u00e0 ces r\u00e9unions. Et de quoi s&rsquo;agit-il d&rsquo;ailleurs ? Tout : l&rsquo;actualit\u00e9 politique et litt\u00e9raire, la vie priv\u00e9e et, enfin, les textes litt\u00e9raires. Nous \u00e9tions un groupe o\u00f9 nous pouvions nous \u00e9lever au-dessus du d\u00e9sordre de l&rsquo;actualit\u00e9, de la guerre culturelle, du camp des sectes, des strat\u00e9gies des syndicats d&rsquo;\u00e9crivains, de tout ce qui pouvait s\u00e9parer les gens. C&rsquo;est pourquoi c&rsquo;\u00e9tait important pour nous tous, car chaque fois que nous avions l&rsquo;impression que le monde \u00e9tait sur le point de s&rsquo;\u00e9crouler, nous r\u00e9unissions l&rsquo;\u00e9quipe et, autour d&rsquo;un verre, nous avions toujours une discussion apaisante.<\/span><\/p>\n<p><span style=\"color: var(--the7-base-color); letter-spacing: var(--the7-base-letter-spacing); text-transform: var(--the7-base-text-transform); word-spacing: normal;\">John \u00e9tait sans aucun doute la force motrice, le membre le plus \u00e2g\u00e9 de l&rsquo;\u00e9quipe et l&rsquo;organisateur le plus actif jusqu&rsquo;\u00e0 la derni\u00e8re minute. Et c&rsquo;est l\u00e0 qu&rsquo;il faut commencer \u00e0 \u00e9crire : pourquoi \u00e9tait-ce si important pour lui ? Nous l&rsquo;avons certainement connu comme cet homme, un ami qui veille avec inqui\u00e9tude, qui suit tous nos destins, qui est au courant de tous nos \u00e9crits, jamais \u00e0 court d&rsquo;id\u00e9es, d&rsquo;optimisme et de foi. Il s&rsquo;est toujours tenu \u00e0 l&rsquo;\u00e9cart des dilettantes, mais en m\u00eame temps il croyait qu&rsquo;il y avait une capacit\u00e9 de bont\u00e9 et d&rsquo;am\u00e9lioration en chacun, nous avertissant souvent de faire attention si nous \u00e9tions trop prompts \u00e0 profiter de quelqu&rsquo;un ou de quelque chose.<\/span><\/p>\n<p><span style=\"color: var(--the7-base-color); letter-spacing: var(--the7-base-letter-spacing); text-transform: var(--the7-base-text-transform); word-spacing: normal;\">Mais nous avons maintenant une raison de nous rebeller. Le meilleur de la g\u00e9n\u00e9ration interm\u00e9diaire de notre litt\u00e9rature s&rsquo;en est all\u00e9, l&rsquo;un des plus grands de tous les temps. Plein de vie, plein de projets, laissant derri\u00e8re lui famille, enfants, amis et enfin, mais non des moindres, litt\u00e9rature. Mais il n&rsquo;y a personne contre qui se rebeller, l&rsquo;humilit\u00e9 demeure, comme il l&rsquo;aurait enseign\u00e9. Mais je regrette qu&rsquo;il n&rsquo;ait pas re\u00e7u le prix Kossuth, je regrette qu&rsquo;il n&rsquo;ait pas eu la reconnaissance qu&rsquo;il m\u00e9ritait. Il n&rsquo;est pas deux fois plus grand. Mais peut-\u00eatre devrions-nous laisser cela de c\u00f4t\u00e9.<\/span><\/p>\n<p><span style=\"color: var(--the7-base-color); letter-spacing: var(--the7-base-letter-spacing); text-transform: var(--the7-base-text-transform); word-spacing: normal;\">Ceux d&rsquo;entre nous qui le connaissent savent depuis au moins vingt-cinq ans qui il est. Mais je dis maintenant au revoir \u00e0 mon ami, le penseur de la rue Hold, avec lequel nous avions l&rsquo;habitude de marcher de la place V\u00f6r\u00f6smarty, derri\u00e8re la basilique, jusqu&rsquo;\u00e0 l&#8217;emplacement de la rue Hold \u00e0 la fin de chaque ann\u00e9e, lors de la derni\u00e8re r\u00e9union de l&rsquo;ann\u00e9e, pleins d&rsquo;amour et de foi de No\u00ebl, comme nous le faisions autrefois lorsque nous \u00e9tions enfants. Nous lisons toujours un po\u00e8me, soit \u00e0 V\u00f6r\u00f6smarty, soit \u00e0 la Basilique. Nous sommes les Miku ! &#8211; a d\u00e9clar\u00e9 John, en t\u00eate de file, le visage rayonnant. Puis vint No\u00ebl, la nouvelle ann\u00e9e, la nouvelle rencontre. Jusqu&rsquo;\u00e0 pr\u00e9sent, nous savions qu&rsquo;il en serait toujours ainsi. Nous savons maintenant que ce n&rsquo;est pas le cas.<\/span><\/p>\n<p><span style=\"color: var(--the7-base-color); letter-spacing: var(--the7-base-letter-spacing); text-transform: var(--the7-base-text-transform); word-spacing: normal;\">Oups ! Au revoir, John !<\/span><\/p>\n\t\t\t\t\t\t\t\t<\/div>\n\t\t\t\t<\/div>\n\t\t\t\t\t<\/div>\n\t\t<\/div>\n\t\t\t\t\t<\/div>\n\t\t<\/section>\n\t\t\t\t<\/div>\n\t\t","protected":false},"excerpt":{"rendered":"<p>Nous sommes profond\u00e9ment attrist\u00e9s d&rsquo;apprendre que notre coll\u00e8gue J\u00e1nos T\u00e9rey 2019. est d\u00e9c\u00e9d\u00e9 tragiquement le 3 juin. Il a v\u00e9cu 48 ans. L&rsquo;organisation de ses fun\u00e9railles sera pr\u00e9cis\u00e9e ult\u00e9rieurement.<\/p>\n","protected":false},"author":1,"featured_media":6535,"comment_status":"closed","ping_status":"open","sticky":false,"template":"","format":"standard","meta":{"_acf_changed":false,"footnotes":""},"categories":[172],"tags":[],"class_list":["post-7212","post","type-post","status-publish","format-standard","has-post-thumbnail","hentry","category-in-memoriam-fr"],"acf":[],"yoast_head":"<!-- This site is optimized with the Yoast SEO plugin v27.5 - https:\/\/yoast.com\/product\/yoast-seo-wordpress\/ -->\n<title>Au revoir, J\u00e1nos T\u00e9rey ! - Magyar PEN Club<\/title>\n<meta name=\"robots\" content=\"index, follow, max-snippet:-1, max-image-preview:large, max-video-preview:-1\" \/>\n<link rel=\"canonical\" href=\"https:\/\/magyarpenclub.hu\/fr\/2019\/06\/03\/au-revoir-janos-terey\/\" \/>\n<meta property=\"og:locale\" content=\"fr_FR\" \/>\n<meta property=\"og:type\" content=\"article\" \/>\n<meta property=\"og:title\" content=\"Au revoir, J\u00e1nos T\u00e9rey ! - Magyar PEN Club\" \/>\n<meta property=\"og:description\" content=\"Nous sommes profond\u00e9ment attrist\u00e9s d&#039;apprendre que notre coll\u00e8gue J\u00e1nos T\u00e9rey 2019. est d\u00e9c\u00e9d\u00e9 tragiquement le 3 juin. Il a v\u00e9cu 48 ans. L&#039;organisation de ses fun\u00e9railles sera pr\u00e9cis\u00e9e ult\u00e9rieurement.\" \/>\n<meta property=\"og:url\" content=\"https:\/\/magyarpenclub.hu\/fr\/2019\/06\/03\/au-revoir-janos-terey\/\" \/>\n<meta property=\"og:site_name\" content=\"Magyar PEN Club\" \/>\n<meta property=\"article:publisher\" content=\"https:\/\/www.facebook.com\/magyarpenclub\" \/>\n<meta property=\"article:published_time\" content=\"2019-06-03T14:13:00+00:00\" \/>\n<meta property=\"article:modified_time\" content=\"2023-11-02T09:54:28+00:00\" \/>\n<meta property=\"og:image\" content=\"https:\/\/magyarpenclub.hu\/wp-content\/uploads\/2022\/05\/terey-janos.jpg\" \/>\n\t<meta property=\"og:image:width\" content=\"1108\" \/>\n\t<meta property=\"og:image:height\" content=\"623\" \/>\n\t<meta property=\"og:image:type\" content=\"image\/jpeg\" \/>\n<meta name=\"author\" content=\"admin\" \/>\n<meta name=\"twitter:card\" content=\"summary_large_image\" \/>\n<meta name=\"twitter:label1\" content=\"\u00c9crit par\" \/>\n\t<meta name=\"twitter:data1\" content=\"admin\" \/>\n\t<meta name=\"twitter:label2\" content=\"Dur\u00e9e de lecture estim\u00e9e\" \/>\n\t<meta name=\"twitter:data2\" content=\"3 minutes\" \/>\n<script type=\"application\/ld+json\" class=\"yoast-schema-graph\">{\"@context\":\"https:\\\/\\\/schema.org\",\"@graph\":[{\"@type\":\"Article\",\"@id\":\"https:\\\/\\\/magyarpenclub.hu\\\/fr\\\/2019\\\/06\\\/03\\\/au-revoir-janos-terey\\\/#article\",\"isPartOf\":{\"@id\":\"https:\\\/\\\/magyarpenclub.hu\\\/fr\\\/2019\\\/06\\\/03\\\/au-revoir-janos-terey\\\/\"},\"author\":{\"name\":\"admin\",\"@id\":\"https:\\\/\\\/magyarpenclub.hu\\\/fr\\\/#\\\/schema\\\/person\\\/9d0e9bdcfa14a17e3af44ee46f4f047e\"},\"headline\":\"Au revoir, J\u00e1nos T\u00e9rey !\",\"datePublished\":\"2019-06-03T14:13:00+00:00\",\"dateModified\":\"2023-11-02T09:54:28+00:00\",\"mainEntityOfPage\":{\"@id\":\"https:\\\/\\\/magyarpenclub.hu\\\/fr\\\/2019\\\/06\\\/03\\\/au-revoir-janos-terey\\\/\"},\"wordCount\":697,\"publisher\":{\"@id\":\"https:\\\/\\\/magyarpenclub.hu\\\/fr\\\/#organization\"},\"image\":{\"@id\":\"https:\\\/\\\/magyarpenclub.hu\\\/fr\\\/2019\\\/06\\\/03\\\/au-revoir-janos-terey\\\/#primaryimage\"},\"thumbnailUrl\":\"https:\\\/\\\/magyarpenclub.hu\\\/wp-content\\\/uploads\\\/2022\\\/05\\\/terey-janos.jpg\",\"articleSection\":[\"In memoriam\"],\"inLanguage\":\"fr-FR\"},{\"@type\":\"WebPage\",\"@id\":\"https:\\\/\\\/magyarpenclub.hu\\\/fr\\\/2019\\\/06\\\/03\\\/au-revoir-janos-terey\\\/\",\"url\":\"https:\\\/\\\/magyarpenclub.hu\\\/fr\\\/2019\\\/06\\\/03\\\/au-revoir-janos-terey\\\/\",\"name\":\"Au revoir, J\u00e1nos T\u00e9rey ! - Magyar PEN Club\",\"isPartOf\":{\"@id\":\"https:\\\/\\\/magyarpenclub.hu\\\/fr\\\/#website\"},\"primaryImageOfPage\":{\"@id\":\"https:\\\/\\\/magyarpenclub.hu\\\/fr\\\/2019\\\/06\\\/03\\\/au-revoir-janos-terey\\\/#primaryimage\"},\"image\":{\"@id\":\"https:\\\/\\\/magyarpenclub.hu\\\/fr\\\/2019\\\/06\\\/03\\\/au-revoir-janos-terey\\\/#primaryimage\"},\"thumbnailUrl\":\"https:\\\/\\\/magyarpenclub.hu\\\/wp-content\\\/uploads\\\/2022\\\/05\\\/terey-janos.jpg\",\"datePublished\":\"2019-06-03T14:13:00+00:00\",\"dateModified\":\"2023-11-02T09:54:28+00:00\",\"breadcrumb\":{\"@id\":\"https:\\\/\\\/magyarpenclub.hu\\\/fr\\\/2019\\\/06\\\/03\\\/au-revoir-janos-terey\\\/#breadcrumb\"},\"inLanguage\":\"fr-FR\",\"potentialAction\":[{\"@type\":\"ReadAction\",\"target\":[\"https:\\\/\\\/magyarpenclub.hu\\\/fr\\\/2019\\\/06\\\/03\\\/au-revoir-janos-terey\\\/\"]}]},{\"@type\":\"ImageObject\",\"inLanguage\":\"fr-FR\",\"@id\":\"https:\\\/\\\/magyarpenclub.hu\\\/fr\\\/2019\\\/06\\\/03\\\/au-revoir-janos-terey\\\/#primaryimage\",\"url\":\"https:\\\/\\\/magyarpenclub.hu\\\/wp-content\\\/uploads\\\/2022\\\/05\\\/terey-janos.jpg\",\"contentUrl\":\"https:\\\/\\\/magyarpenclub.hu\\\/wp-content\\\/uploads\\\/2022\\\/05\\\/terey-janos.jpg\",\"width\":1108,\"height\":623,\"caption\":\"T\u00e9rey J\u00e1nos\"},{\"@type\":\"BreadcrumbList\",\"@id\":\"https:\\\/\\\/magyarpenclub.hu\\\/fr\\\/2019\\\/06\\\/03\\\/au-revoir-janos-terey\\\/#breadcrumb\",\"itemListElement\":[{\"@type\":\"ListItem\",\"position\":1,\"name\":\"Kezd\u0151lap\",\"item\":\"https:\\\/\\\/magyarpenclub.hu\\\/fr\\\/\"},{\"@type\":\"ListItem\",\"position\":2,\"name\":\"Au revoir, J\u00e1nos T\u00e9rey !\"}]},{\"@type\":\"WebSite\",\"@id\":\"https:\\\/\\\/magyarpenclub.hu\\\/fr\\\/#website\",\"url\":\"https:\\\/\\\/magyarpenclub.hu\\\/fr\\\/\",\"name\":\"Magyar PEN Club\",\"description\":\"H\u00edrek, k\u00f6zlem\u00e9nyek, \u00edr\u00e1sok\",\"publisher\":{\"@id\":\"https:\\\/\\\/magyarpenclub.hu\\\/fr\\\/#organization\"},\"potentialAction\":[{\"@type\":\"SearchAction\",\"target\":{\"@type\":\"EntryPoint\",\"urlTemplate\":\"https:\\\/\\\/magyarpenclub.hu\\\/fr\\\/?s={search_term_string}\"},\"query-input\":{\"@type\":\"PropertyValueSpecification\",\"valueRequired\":true,\"valueName\":\"search_term_string\"}}],\"inLanguage\":\"fr-FR\"},{\"@type\":\"Organization\",\"@id\":\"https:\\\/\\\/magyarpenclub.hu\\\/fr\\\/#organization\",\"name\":\"Magyar P.E.N. Club\",\"url\":\"https:\\\/\\\/magyarpenclub.hu\\\/fr\\\/\",\"logo\":{\"@type\":\"ImageObject\",\"inLanguage\":\"fr-FR\",\"@id\":\"https:\\\/\\\/magyarpenclub.hu\\\/fr\\\/#\\\/schema\\\/logo\\\/image\\\/\",\"url\":\"https:\\\/\\\/magyarpenclub.hu\\\/wp-content\\\/uploads\\\/2022\\\/08\\\/magyar-pen-club-logo.png\",\"contentUrl\":\"https:\\\/\\\/magyarpenclub.hu\\\/wp-content\\\/uploads\\\/2022\\\/08\\\/magyar-pen-club-logo.png\",\"width\":195,\"height\":195,\"caption\":\"Magyar P.E.N. Club\"},\"image\":{\"@id\":\"https:\\\/\\\/magyarpenclub.hu\\\/fr\\\/#\\\/schema\\\/logo\\\/image\\\/\"},\"sameAs\":[\"https:\\\/\\\/www.facebook.com\\\/magyarpenclub\",\"https:\\\/\\\/www.youtube.com\\\/channel\\\/UC8bw1YALHZZJCJ-7bqvlR6Q\"]},{\"@type\":\"Person\",\"@id\":\"https:\\\/\\\/magyarpenclub.hu\\\/fr\\\/#\\\/schema\\\/person\\\/9d0e9bdcfa14a17e3af44ee46f4f047e\",\"name\":\"admin\",\"image\":{\"@type\":\"ImageObject\",\"inLanguage\":\"fr-FR\",\"@id\":\"https:\\\/\\\/secure.gravatar.com\\\/avatar\\\/56608a5ae1d60c555b558b0cda110391ad52d81e37b79808b2f59eaf60ba9e43?s=96&d=mm&r=g\",\"url\":\"https:\\\/\\\/secure.gravatar.com\\\/avatar\\\/56608a5ae1d60c555b558b0cda110391ad52d81e37b79808b2f59eaf60ba9e43?s=96&d=mm&r=g\",\"contentUrl\":\"https:\\\/\\\/secure.gravatar.com\\\/avatar\\\/56608a5ae1d60c555b558b0cda110391ad52d81e37b79808b2f59eaf60ba9e43?s=96&d=mm&r=g\",\"caption\":\"admin\"},\"sameAs\":[\"https:\\\/\\\/magyarpenclub.hu\"],\"url\":\"https:\\\/\\\/magyarpenclub.hu\\\/fr\\\/author\\\/admin\\\/\"}]}<\/script>\n<!-- \/ Yoast SEO plugin. -->","yoast_head_json":{"title":"Au revoir, J\u00e1nos T\u00e9rey ! - Magyar PEN Club","robots":{"index":"index","follow":"follow","max-snippet":"max-snippet:-1","max-image-preview":"max-image-preview:large","max-video-preview":"max-video-preview:-1"},"canonical":"https:\/\/magyarpenclub.hu\/fr\/2019\/06\/03\/au-revoir-janos-terey\/","og_locale":"fr_FR","og_type":"article","og_title":"Au revoir, J\u00e1nos T\u00e9rey ! - Magyar PEN Club","og_description":"Nous sommes profond\u00e9ment attrist\u00e9s d'apprendre que notre coll\u00e8gue J\u00e1nos T\u00e9rey 2019. est d\u00e9c\u00e9d\u00e9 tragiquement le 3 juin. Il a v\u00e9cu 48 ans. L'organisation de ses fun\u00e9railles sera pr\u00e9cis\u00e9e ult\u00e9rieurement.","og_url":"https:\/\/magyarpenclub.hu\/fr\/2019\/06\/03\/au-revoir-janos-terey\/","og_site_name":"Magyar PEN Club","article_publisher":"https:\/\/www.facebook.com\/magyarpenclub","article_published_time":"2019-06-03T14:13:00+00:00","article_modified_time":"2023-11-02T09:54:28+00:00","og_image":[{"width":1108,"height":623,"url":"https:\/\/magyarpenclub.hu\/wp-content\/uploads\/2022\/05\/terey-janos.jpg","type":"image\/jpeg"}],"author":"admin","twitter_card":"summary_large_image","twitter_misc":{"\u00c9crit par":"admin","Dur\u00e9e de lecture estim\u00e9e":"3 minutes"},"schema":{"@context":"https:\/\/schema.org","@graph":[{"@type":"Article","@id":"https:\/\/magyarpenclub.hu\/fr\/2019\/06\/03\/au-revoir-janos-terey\/#article","isPartOf":{"@id":"https:\/\/magyarpenclub.hu\/fr\/2019\/06\/03\/au-revoir-janos-terey\/"},"author":{"name":"admin","@id":"https:\/\/magyarpenclub.hu\/fr\/#\/schema\/person\/9d0e9bdcfa14a17e3af44ee46f4f047e"},"headline":"Au revoir, J\u00e1nos T\u00e9rey !","datePublished":"2019-06-03T14:13:00+00:00","dateModified":"2023-11-02T09:54:28+00:00","mainEntityOfPage":{"@id":"https:\/\/magyarpenclub.hu\/fr\/2019\/06\/03\/au-revoir-janos-terey\/"},"wordCount":697,"publisher":{"@id":"https:\/\/magyarpenclub.hu\/fr\/#organization"},"image":{"@id":"https:\/\/magyarpenclub.hu\/fr\/2019\/06\/03\/au-revoir-janos-terey\/#primaryimage"},"thumbnailUrl":"https:\/\/magyarpenclub.hu\/wp-content\/uploads\/2022\/05\/terey-janos.jpg","articleSection":["In memoriam"],"inLanguage":"fr-FR"},{"@type":"WebPage","@id":"https:\/\/magyarpenclub.hu\/fr\/2019\/06\/03\/au-revoir-janos-terey\/","url":"https:\/\/magyarpenclub.hu\/fr\/2019\/06\/03\/au-revoir-janos-terey\/","name":"Au revoir, J\u00e1nos T\u00e9rey ! - Magyar PEN Club","isPartOf":{"@id":"https:\/\/magyarpenclub.hu\/fr\/#website"},"primaryImageOfPage":{"@id":"https:\/\/magyarpenclub.hu\/fr\/2019\/06\/03\/au-revoir-janos-terey\/#primaryimage"},"image":{"@id":"https:\/\/magyarpenclub.hu\/fr\/2019\/06\/03\/au-revoir-janos-terey\/#primaryimage"},"thumbnailUrl":"https:\/\/magyarpenclub.hu\/wp-content\/uploads\/2022\/05\/terey-janos.jpg","datePublished":"2019-06-03T14:13:00+00:00","dateModified":"2023-11-02T09:54:28+00:00","breadcrumb":{"@id":"https:\/\/magyarpenclub.hu\/fr\/2019\/06\/03\/au-revoir-janos-terey\/#breadcrumb"},"inLanguage":"fr-FR","potentialAction":[{"@type":"ReadAction","target":["https:\/\/magyarpenclub.hu\/fr\/2019\/06\/03\/au-revoir-janos-terey\/"]}]},{"@type":"ImageObject","inLanguage":"fr-FR","@id":"https:\/\/magyarpenclub.hu\/fr\/2019\/06\/03\/au-revoir-janos-terey\/#primaryimage","url":"https:\/\/magyarpenclub.hu\/wp-content\/uploads\/2022\/05\/terey-janos.jpg","contentUrl":"https:\/\/magyarpenclub.hu\/wp-content\/uploads\/2022\/05\/terey-janos.jpg","width":1108,"height":623,"caption":"T\u00e9rey J\u00e1nos"},{"@type":"BreadcrumbList","@id":"https:\/\/magyarpenclub.hu\/fr\/2019\/06\/03\/au-revoir-janos-terey\/#breadcrumb","itemListElement":[{"@type":"ListItem","position":1,"name":"Kezd\u0151lap","item":"https:\/\/magyarpenclub.hu\/fr\/"},{"@type":"ListItem","position":2,"name":"Au revoir, J\u00e1nos T\u00e9rey !"}]},{"@type":"WebSite","@id":"https:\/\/magyarpenclub.hu\/fr\/#website","url":"https:\/\/magyarpenclub.hu\/fr\/","name":"Magyar PEN Club","description":"H\u00edrek, k\u00f6zlem\u00e9nyek, \u00edr\u00e1sok","publisher":{"@id":"https:\/\/magyarpenclub.hu\/fr\/#organization"},"potentialAction":[{"@type":"SearchAction","target":{"@type":"EntryPoint","urlTemplate":"https:\/\/magyarpenclub.hu\/fr\/?s={search_term_string}"},"query-input":{"@type":"PropertyValueSpecification","valueRequired":true,"valueName":"search_term_string"}}],"inLanguage":"fr-FR"},{"@type":"Organization","@id":"https:\/\/magyarpenclub.hu\/fr\/#organization","name":"Magyar P.E.N. Club","url":"https:\/\/magyarpenclub.hu\/fr\/","logo":{"@type":"ImageObject","inLanguage":"fr-FR","@id":"https:\/\/magyarpenclub.hu\/fr\/#\/schema\/logo\/image\/","url":"https:\/\/magyarpenclub.hu\/wp-content\/uploads\/2022\/08\/magyar-pen-club-logo.png","contentUrl":"https:\/\/magyarpenclub.hu\/wp-content\/uploads\/2022\/08\/magyar-pen-club-logo.png","width":195,"height":195,"caption":"Magyar P.E.N. Club"},"image":{"@id":"https:\/\/magyarpenclub.hu\/fr\/#\/schema\/logo\/image\/"},"sameAs":["https:\/\/www.facebook.com\/magyarpenclub","https:\/\/www.youtube.com\/channel\/UC8bw1YALHZZJCJ-7bqvlR6Q"]},{"@type":"Person","@id":"https:\/\/magyarpenclub.hu\/fr\/#\/schema\/person\/9d0e9bdcfa14a17e3af44ee46f4f047e","name":"admin","image":{"@type":"ImageObject","inLanguage":"fr-FR","@id":"https:\/\/secure.gravatar.com\/avatar\/56608a5ae1d60c555b558b0cda110391ad52d81e37b79808b2f59eaf60ba9e43?s=96&d=mm&r=g","url":"https:\/\/secure.gravatar.com\/avatar\/56608a5ae1d60c555b558b0cda110391ad52d81e37b79808b2f59eaf60ba9e43?s=96&d=mm&r=g","contentUrl":"https:\/\/secure.gravatar.com\/avatar\/56608a5ae1d60c555b558b0cda110391ad52d81e37b79808b2f59eaf60ba9e43?s=96&d=mm&r=g","caption":"admin"},"sameAs":["https:\/\/magyarpenclub.hu"],"url":"https:\/\/magyarpenclub.hu\/fr\/author\/admin\/"}]}},"_links":{"self":[{"href":"https:\/\/magyarpenclub.hu\/fr\/wp-json\/wp\/v2\/posts\/7212","targetHints":{"allow":["GET"]}}],"collection":[{"href":"https:\/\/magyarpenclub.hu\/fr\/wp-json\/wp\/v2\/posts"}],"about":[{"href":"https:\/\/magyarpenclub.hu\/fr\/wp-json\/wp\/v2\/types\/post"}],"author":[{"embeddable":true,"href":"https:\/\/magyarpenclub.hu\/fr\/wp-json\/wp\/v2\/users\/1"}],"replies":[{"embeddable":true,"href":"https:\/\/magyarpenclub.hu\/fr\/wp-json\/wp\/v2\/comments?post=7212"}],"version-history":[{"count":0,"href":"https:\/\/magyarpenclub.hu\/fr\/wp-json\/wp\/v2\/posts\/7212\/revisions"}],"wp:featuredmedia":[{"embeddable":true,"href":"https:\/\/magyarpenclub.hu\/fr\/wp-json\/wp\/v2\/media\/6535"}],"wp:attachment":[{"href":"https:\/\/magyarpenclub.hu\/fr\/wp-json\/wp\/v2\/media?parent=7212"}],"wp:term":[{"taxonomy":"category","embeddable":true,"href":"https:\/\/magyarpenclub.hu\/fr\/wp-json\/wp\/v2\/categories?post=7212"},{"taxonomy":"post_tag","embeddable":true,"href":"https:\/\/magyarpenclub.hu\/fr\/wp-json\/wp\/v2\/tags?post=7212"}],"curies":[{"name":"wp","href":"https:\/\/api.w.org\/{rel}","templated":true}]}}