{"id":7219,"date":"2020-10-08T05:39:00","date_gmt":"2020-10-08T05:39:00","guid":{"rendered":"https:\/\/magyarpenclub.hu\/2020\/10\/08\/decede-karoly-vekov\/"},"modified":"2024-03-28T19:04:50","modified_gmt":"2024-03-28T19:04:50","slug":"decede-karoly-vekov","status":"publish","type":"post","link":"https:\/\/magyarpenclub.hu\/fr\/2020\/10\/08\/decede-karoly-vekov\/","title":{"rendered":"D\u00e9c\u00e9d\u00e9 K\u00e1roly Vekov"},"content":{"rendered":"\t\t<div data-elementor-type=\"wp-post\" data-elementor-id=\"7219\" class=\"elementor elementor-7219 elementor-3855\" data-elementor-post-type=\"post\">\n\t\t\t\t\t\t<section class=\"elementor-section elementor-top-section elementor-element elementor-element-02137d0 elementor-section-boxed elementor-section-height-default elementor-section-height-default\" data-id=\"02137d0\" data-element_type=\"section\" data-e-type=\"section\">\n\t\t\t\t\t\t<div class=\"elementor-container elementor-column-gap-wide\">\n\t\t\t\t\t<div class=\"elementor-column elementor-col-100 elementor-top-column elementor-element elementor-element-d1519bd\" data-id=\"d1519bd\" data-element_type=\"column\" data-e-type=\"column\">\n\t\t\t<div class=\"elementor-widget-wrap elementor-element-populated\">\n\t\t\t\t\t\t<div class=\"elementor-element elementor-element-816ab7d elementor-widget elementor-widget-text-editor\" data-id=\"816ab7d\" data-element_type=\"widget\" data-e-type=\"widget\" data-widget_type=\"text-editor.default\">\n\t\t\t\t<div class=\"elementor-widget-container\">\n\t\t\t\t\t\t\t\t\t<p>N\u00e9 \u00e0 Budapest en 1947. Il a obtenu son dipl\u00f4me de fin d&rsquo;\u00e9tudes secondaires \u00e0 Arad le 26 septembre 1966 et, en 1971, un dipl\u00f4me d&rsquo;histoire \u00e0 l&rsquo;universit\u00e9 Babe\u0219-Bolyai de Cluj. En 1999, il a obtenu un doctorat en histoire \u00e0 l&rsquo;universit\u00e9 de Bucarest. Apr\u00e8s le changement de r\u00e9gime, il a jou\u00e9 un r\u00f4le politique actif au sein du RMDSZ, si\u00e9geant pendant plusieurs ann\u00e9es aux assembl\u00e9es des comt\u00e9s de Cluj-Napoca et de Cluj, et \u00e0 l&rsquo;assembl\u00e9e l\u00e9gislative de Bucarest de 2000 \u00e0 2004. Il a publi\u00e9 plusieurs volumes sur des sujets historiques. Dans ses \u00e9crits, il a travaill\u00e9 sur la recherche factuelle du pass\u00e9 hongrois en Transylvanie. Dans son livre d&rsquo;\u00e9tudes, il a pris la d\u00e9fense d&rsquo;Albert Wass, qui a \u00e9t\u00e9 pers\u00e9cut\u00e9 avec la m\u00eame v\u00e9h\u00e9mence m\u00eame apr\u00e8s le changement de r\u00e9gime, et a \u00e9galement abord\u00e9 la vie du martyr transylvanien de 1956, Alad\u00e1r Szoboszlay.<\/p>\n<p>Son souvenir restera grav\u00e9 dans nos m\u00e9moires !<\/p>\n<p><em>(d&rsquo;apr\u00e8s le Journal de la Transylvanie)<\/em><\/p>\n\t\t\t\t\t\t\t\t<\/div>\n\t\t\t\t<\/div>\n\t\t\t\t\t<\/div>\n\t\t<\/div>\n\t\t\t\t\t<\/div>\n\t\t<\/section>\n\t\t\t\t<\/div>\n\t\t","protected":false},"excerpt":{"rendered":"<p>Le 7 octobre, notre confr\u00e8re K\u00e1roly Vekov, historien, \u00e9crivain et ancien membre du Parlement de Cluj est d\u00e9c\u00e9d\u00e9 \u00e0 l&rsquo;\u00e2ge de 73 ans.<\/p>\n","protected":false},"author":1,"featured_media":6484,"comment_status":"closed","ping_status":"open","sticky":false,"template":"","format":"standard","meta":{"_acf_changed":false,"footnotes":""},"categories":[172],"tags":[],"class_list":["post-7219","post","type-post","status-publish","format-standard","has-post-thumbnail","hentry","category-in-memoriam-fr"],"acf":[],"yoast_head":"<!-- This site is optimized with the Yoast SEO plugin v27.5 - https:\/\/yoast.com\/product\/yoast-seo-wordpress\/ -->\n<title>D\u00e9c\u00e9d\u00e9 K\u00e1roly Vekov - Magyar PEN Club<\/title>\n<meta name=\"description\" content=\"Historien hongrois de Transylvanie, historien culturel, professeur associ\u00e9.\" \/>\n<meta name=\"robots\" content=\"index, follow, max-snippet:-1, max-image-preview:large, max-video-preview:-1\" \/>\n<link rel=\"canonical\" href=\"https:\/\/magyarpenclub.hu\/fr\/2020\/10\/08\/decede-karoly-vekov\/\" \/>\n<meta property=\"og:locale\" content=\"fr_FR\" \/>\n<meta property=\"og:type\" content=\"article\" \/>\n<meta property=\"og:title\" content=\"D\u00e9c\u00e9d\u00e9 K\u00e1roly Vekov - Magyar PEN Club\" \/>\n<meta property=\"og:description\" content=\"Historien hongrois de Transylvanie, historien culturel, professeur associ\u00e9.\" \/>\n<meta property=\"og:url\" content=\"https:\/\/magyarpenclub.hu\/fr\/2020\/10\/08\/decede-karoly-vekov\/\" \/>\n<meta property=\"og:site_name\" content=\"Magyar PEN Club\" \/>\n<meta property=\"article:publisher\" content=\"https:\/\/www.facebook.com\/magyarpenclub\" \/>\n<meta property=\"article:published_time\" content=\"2020-10-08T05:39:00+00:00\" \/>\n<meta property=\"article:modified_time\" content=\"2024-03-28T19:04:50+00:00\" \/>\n<meta property=\"og:image\" content=\"https:\/\/magyarpenclub.hu\/wp-content\/uploads\/2022\/05\/vekov.jpg\" \/>\n\t<meta property=\"og:image:width\" content=\"932\" \/>\n\t<meta property=\"og:image:height\" content=\"616\" \/>\n\t<meta property=\"og:image:type\" content=\"image\/jpeg\" \/>\n<meta name=\"author\" content=\"admin\" \/>\n<meta name=\"twitter:card\" content=\"summary_large_image\" \/>\n<meta name=\"twitter:label1\" content=\"\u00c9crit par\" \/>\n\t<meta name=\"twitter:data1\" content=\"admin\" \/>\n\t<meta name=\"twitter:label2\" content=\"Dur\u00e9e de lecture estim\u00e9e\" \/>\n\t<meta name=\"twitter:data2\" content=\"1 minute\" \/>\n<script type=\"application\/ld+json\" class=\"yoast-schema-graph\">{\"@context\":\"https:\\\/\\\/schema.org\",\"@graph\":[{\"@type\":\"Article\",\"@id\":\"https:\\\/\\\/magyarpenclub.hu\\\/fr\\\/2020\\\/10\\\/08\\\/decede-karoly-vekov\\\/#article\",\"isPartOf\":{\"@id\":\"https:\\\/\\\/magyarpenclub.hu\\\/fr\\\/2020\\\/10\\\/08\\\/decede-karoly-vekov\\\/\"},\"author\":{\"name\":\"admin\",\"@id\":\"https:\\\/\\\/magyarpenclub.hu\\\/fr\\\/#\\\/schema\\\/person\\\/9d0e9bdcfa14a17e3af44ee46f4f047e\"},\"headline\":\"D\u00e9c\u00e9d\u00e9 K\u00e1roly Vekov\",\"datePublished\":\"2020-10-08T05:39:00+00:00\",\"dateModified\":\"2024-03-28T19:04:50+00:00\",\"mainEntityOfPage\":{\"@id\":\"https:\\\/\\\/magyarpenclub.hu\\\/fr\\\/2020\\\/10\\\/08\\\/decede-karoly-vekov\\\/\"},\"wordCount\":181,\"publisher\":{\"@id\":\"https:\\\/\\\/magyarpenclub.hu\\\/fr\\\/#organization\"},\"image\":{\"@id\":\"https:\\\/\\\/magyarpenclub.hu\\\/fr\\\/2020\\\/10\\\/08\\\/decede-karoly-vekov\\\/#primaryimage\"},\"thumbnailUrl\":\"https:\\\/\\\/magyarpenclub.hu\\\/wp-content\\\/uploads\\\/2022\\\/05\\\/vekov.jpg\",\"articleSection\":[\"In memoriam\"],\"inLanguage\":\"fr-FR\"},{\"@type\":\"WebPage\",\"@id\":\"https:\\\/\\\/magyarpenclub.hu\\\/fr\\\/2020\\\/10\\\/08\\\/decede-karoly-vekov\\\/\",\"url\":\"https:\\\/\\\/magyarpenclub.hu\\\/fr\\\/2020\\\/10\\\/08\\\/decede-karoly-vekov\\\/\",\"name\":\"D\u00e9c\u00e9d\u00e9 K\u00e1roly Vekov - Magyar PEN Club\",\"isPartOf\":{\"@id\":\"https:\\\/\\\/magyarpenclub.hu\\\/fr\\\/#website\"},\"primaryImageOfPage\":{\"@id\":\"https:\\\/\\\/magyarpenclub.hu\\\/fr\\\/2020\\\/10\\\/08\\\/decede-karoly-vekov\\\/#primaryimage\"},\"image\":{\"@id\":\"https:\\\/\\\/magyarpenclub.hu\\\/fr\\\/2020\\\/10\\\/08\\\/decede-karoly-vekov\\\/#primaryimage\"},\"thumbnailUrl\":\"https:\\\/\\\/magyarpenclub.hu\\\/wp-content\\\/uploads\\\/2022\\\/05\\\/vekov.jpg\",\"datePublished\":\"2020-10-08T05:39:00+00:00\",\"dateModified\":\"2024-03-28T19:04:50+00:00\",\"description\":\"Historien hongrois de Transylvanie, historien culturel, professeur associ\u00e9.\",\"breadcrumb\":{\"@id\":\"https:\\\/\\\/magyarpenclub.hu\\\/fr\\\/2020\\\/10\\\/08\\\/decede-karoly-vekov\\\/#breadcrumb\"},\"inLanguage\":\"fr-FR\",\"potentialAction\":[{\"@type\":\"ReadAction\",\"target\":[\"https:\\\/\\\/magyarpenclub.hu\\\/fr\\\/2020\\\/10\\\/08\\\/decede-karoly-vekov\\\/\"]}]},{\"@type\":\"ImageObject\",\"inLanguage\":\"fr-FR\",\"@id\":\"https:\\\/\\\/magyarpenclub.hu\\\/fr\\\/2020\\\/10\\\/08\\\/decede-karoly-vekov\\\/#primaryimage\",\"url\":\"https:\\\/\\\/magyarpenclub.hu\\\/wp-content\\\/uploads\\\/2022\\\/05\\\/vekov.jpg\",\"contentUrl\":\"https:\\\/\\\/magyarpenclub.hu\\\/wp-content\\\/uploads\\\/2022\\\/05\\\/vekov.jpg\",\"width\":932,\"height\":616,\"caption\":\"Vekov K\u00e1roly\"},{\"@type\":\"BreadcrumbList\",\"@id\":\"https:\\\/\\\/magyarpenclub.hu\\\/fr\\\/2020\\\/10\\\/08\\\/decede-karoly-vekov\\\/#breadcrumb\",\"itemListElement\":[{\"@type\":\"ListItem\",\"position\":1,\"name\":\"Kezd\u0151lap\",\"item\":\"https:\\\/\\\/magyarpenclub.hu\\\/fr\\\/\"},{\"@type\":\"ListItem\",\"position\":2,\"name\":\"D\u00e9c\u00e9d\u00e9 K\u00e1roly Vekov\"}]},{\"@type\":\"WebSite\",\"@id\":\"https:\\\/\\\/magyarpenclub.hu\\\/fr\\\/#website\",\"url\":\"https:\\\/\\\/magyarpenclub.hu\\\/fr\\\/\",\"name\":\"Magyar PEN Club\",\"description\":\"H\u00edrek, k\u00f6zlem\u00e9nyek, \u00edr\u00e1sok\",\"publisher\":{\"@id\":\"https:\\\/\\\/magyarpenclub.hu\\\/fr\\\/#organization\"},\"potentialAction\":[{\"@type\":\"SearchAction\",\"target\":{\"@type\":\"EntryPoint\",\"urlTemplate\":\"https:\\\/\\\/magyarpenclub.hu\\\/fr\\\/?s={search_term_string}\"},\"query-input\":{\"@type\":\"PropertyValueSpecification\",\"valueRequired\":true,\"valueName\":\"search_term_string\"}}],\"inLanguage\":\"fr-FR\"},{\"@type\":\"Organization\",\"@id\":\"https:\\\/\\\/magyarpenclub.hu\\\/fr\\\/#organization\",\"name\":\"Magyar P.E.N. Club\",\"url\":\"https:\\\/\\\/magyarpenclub.hu\\\/fr\\\/\",\"logo\":{\"@type\":\"ImageObject\",\"inLanguage\":\"fr-FR\",\"@id\":\"https:\\\/\\\/magyarpenclub.hu\\\/fr\\\/#\\\/schema\\\/logo\\\/image\\\/\",\"url\":\"https:\\\/\\\/magyarpenclub.hu\\\/wp-content\\\/uploads\\\/2022\\\/08\\\/magyar-pen-club-logo.png\",\"contentUrl\":\"https:\\\/\\\/magyarpenclub.hu\\\/wp-content\\\/uploads\\\/2022\\\/08\\\/magyar-pen-club-logo.png\",\"width\":195,\"height\":195,\"caption\":\"Magyar P.E.N. Club\"},\"image\":{\"@id\":\"https:\\\/\\\/magyarpenclub.hu\\\/fr\\\/#\\\/schema\\\/logo\\\/image\\\/\"},\"sameAs\":[\"https:\\\/\\\/www.facebook.com\\\/magyarpenclub\",\"https:\\\/\\\/www.youtube.com\\\/channel\\\/UC8bw1YALHZZJCJ-7bqvlR6Q\"]},{\"@type\":\"Person\",\"@id\":\"https:\\\/\\\/magyarpenclub.hu\\\/fr\\\/#\\\/schema\\\/person\\\/9d0e9bdcfa14a17e3af44ee46f4f047e\",\"name\":\"admin\",\"image\":{\"@type\":\"ImageObject\",\"inLanguage\":\"fr-FR\",\"@id\":\"https:\\\/\\\/secure.gravatar.com\\\/avatar\\\/56608a5ae1d60c555b558b0cda110391ad52d81e37b79808b2f59eaf60ba9e43?s=96&d=mm&r=g\",\"url\":\"https:\\\/\\\/secure.gravatar.com\\\/avatar\\\/56608a5ae1d60c555b558b0cda110391ad52d81e37b79808b2f59eaf60ba9e43?s=96&d=mm&r=g\",\"contentUrl\":\"https:\\\/\\\/secure.gravatar.com\\\/avatar\\\/56608a5ae1d60c555b558b0cda110391ad52d81e37b79808b2f59eaf60ba9e43?s=96&d=mm&r=g\",\"caption\":\"admin\"},\"sameAs\":[\"https:\\\/\\\/magyarpenclub.hu\"],\"url\":\"https:\\\/\\\/magyarpenclub.hu\\\/fr\\\/author\\\/admin\\\/\"}]}<\/script>\n<!-- \/ Yoast SEO plugin. -->","yoast_head_json":{"title":"D\u00e9c\u00e9d\u00e9 K\u00e1roly Vekov - Magyar PEN Club","description":"Historien hongrois de Transylvanie, historien culturel, professeur associ\u00e9.","robots":{"index":"index","follow":"follow","max-snippet":"max-snippet:-1","max-image-preview":"max-image-preview:large","max-video-preview":"max-video-preview:-1"},"canonical":"https:\/\/magyarpenclub.hu\/fr\/2020\/10\/08\/decede-karoly-vekov\/","og_locale":"fr_FR","og_type":"article","og_title":"D\u00e9c\u00e9d\u00e9 K\u00e1roly Vekov - Magyar PEN Club","og_description":"Historien hongrois de Transylvanie, historien culturel, professeur associ\u00e9.","og_url":"https:\/\/magyarpenclub.hu\/fr\/2020\/10\/08\/decede-karoly-vekov\/","og_site_name":"Magyar PEN Club","article_publisher":"https:\/\/www.facebook.com\/magyarpenclub","article_published_time":"2020-10-08T05:39:00+00:00","article_modified_time":"2024-03-28T19:04:50+00:00","og_image":[{"width":932,"height":616,"url":"https:\/\/magyarpenclub.hu\/wp-content\/uploads\/2022\/05\/vekov.jpg","type":"image\/jpeg"}],"author":"admin","twitter_card":"summary_large_image","twitter_misc":{"\u00c9crit par":"admin","Dur\u00e9e de lecture estim\u00e9e":"1 minute"},"schema":{"@context":"https:\/\/schema.org","@graph":[{"@type":"Article","@id":"https:\/\/magyarpenclub.hu\/fr\/2020\/10\/08\/decede-karoly-vekov\/#article","isPartOf":{"@id":"https:\/\/magyarpenclub.hu\/fr\/2020\/10\/08\/decede-karoly-vekov\/"},"author":{"name":"admin","@id":"https:\/\/magyarpenclub.hu\/fr\/#\/schema\/person\/9d0e9bdcfa14a17e3af44ee46f4f047e"},"headline":"D\u00e9c\u00e9d\u00e9 K\u00e1roly Vekov","datePublished":"2020-10-08T05:39:00+00:00","dateModified":"2024-03-28T19:04:50+00:00","mainEntityOfPage":{"@id":"https:\/\/magyarpenclub.hu\/fr\/2020\/10\/08\/decede-karoly-vekov\/"},"wordCount":181,"publisher":{"@id":"https:\/\/magyarpenclub.hu\/fr\/#organization"},"image":{"@id":"https:\/\/magyarpenclub.hu\/fr\/2020\/10\/08\/decede-karoly-vekov\/#primaryimage"},"thumbnailUrl":"https:\/\/magyarpenclub.hu\/wp-content\/uploads\/2022\/05\/vekov.jpg","articleSection":["In memoriam"],"inLanguage":"fr-FR"},{"@type":"WebPage","@id":"https:\/\/magyarpenclub.hu\/fr\/2020\/10\/08\/decede-karoly-vekov\/","url":"https:\/\/magyarpenclub.hu\/fr\/2020\/10\/08\/decede-karoly-vekov\/","name":"D\u00e9c\u00e9d\u00e9 K\u00e1roly Vekov - Magyar PEN Club","isPartOf":{"@id":"https:\/\/magyarpenclub.hu\/fr\/#website"},"primaryImageOfPage":{"@id":"https:\/\/magyarpenclub.hu\/fr\/2020\/10\/08\/decede-karoly-vekov\/#primaryimage"},"image":{"@id":"https:\/\/magyarpenclub.hu\/fr\/2020\/10\/08\/decede-karoly-vekov\/#primaryimage"},"thumbnailUrl":"https:\/\/magyarpenclub.hu\/wp-content\/uploads\/2022\/05\/vekov.jpg","datePublished":"2020-10-08T05:39:00+00:00","dateModified":"2024-03-28T19:04:50+00:00","description":"Historien hongrois de Transylvanie, historien culturel, professeur associ\u00e9.","breadcrumb":{"@id":"https:\/\/magyarpenclub.hu\/fr\/2020\/10\/08\/decede-karoly-vekov\/#breadcrumb"},"inLanguage":"fr-FR","potentialAction":[{"@type":"ReadAction","target":["https:\/\/magyarpenclub.hu\/fr\/2020\/10\/08\/decede-karoly-vekov\/"]}]},{"@type":"ImageObject","inLanguage":"fr-FR","@id":"https:\/\/magyarpenclub.hu\/fr\/2020\/10\/08\/decede-karoly-vekov\/#primaryimage","url":"https:\/\/magyarpenclub.hu\/wp-content\/uploads\/2022\/05\/vekov.jpg","contentUrl":"https:\/\/magyarpenclub.hu\/wp-content\/uploads\/2022\/05\/vekov.jpg","width":932,"height":616,"caption":"Vekov K\u00e1roly"},{"@type":"BreadcrumbList","@id":"https:\/\/magyarpenclub.hu\/fr\/2020\/10\/08\/decede-karoly-vekov\/#breadcrumb","itemListElement":[{"@type":"ListItem","position":1,"name":"Kezd\u0151lap","item":"https:\/\/magyarpenclub.hu\/fr\/"},{"@type":"ListItem","position":2,"name":"D\u00e9c\u00e9d\u00e9 K\u00e1roly Vekov"}]},{"@type":"WebSite","@id":"https:\/\/magyarpenclub.hu\/fr\/#website","url":"https:\/\/magyarpenclub.hu\/fr\/","name":"Magyar PEN Club","description":"H\u00edrek, k\u00f6zlem\u00e9nyek, \u00edr\u00e1sok","publisher":{"@id":"https:\/\/magyarpenclub.hu\/fr\/#organization"},"potentialAction":[{"@type":"SearchAction","target":{"@type":"EntryPoint","urlTemplate":"https:\/\/magyarpenclub.hu\/fr\/?s={search_term_string}"},"query-input":{"@type":"PropertyValueSpecification","valueRequired":true,"valueName":"search_term_string"}}],"inLanguage":"fr-FR"},{"@type":"Organization","@id":"https:\/\/magyarpenclub.hu\/fr\/#organization","name":"Magyar P.E.N. Club","url":"https:\/\/magyarpenclub.hu\/fr\/","logo":{"@type":"ImageObject","inLanguage":"fr-FR","@id":"https:\/\/magyarpenclub.hu\/fr\/#\/schema\/logo\/image\/","url":"https:\/\/magyarpenclub.hu\/wp-content\/uploads\/2022\/08\/magyar-pen-club-logo.png","contentUrl":"https:\/\/magyarpenclub.hu\/wp-content\/uploads\/2022\/08\/magyar-pen-club-logo.png","width":195,"height":195,"caption":"Magyar P.E.N. Club"},"image":{"@id":"https:\/\/magyarpenclub.hu\/fr\/#\/schema\/logo\/image\/"},"sameAs":["https:\/\/www.facebook.com\/magyarpenclub","https:\/\/www.youtube.com\/channel\/UC8bw1YALHZZJCJ-7bqvlR6Q"]},{"@type":"Person","@id":"https:\/\/magyarpenclub.hu\/fr\/#\/schema\/person\/9d0e9bdcfa14a17e3af44ee46f4f047e","name":"admin","image":{"@type":"ImageObject","inLanguage":"fr-FR","@id":"https:\/\/secure.gravatar.com\/avatar\/56608a5ae1d60c555b558b0cda110391ad52d81e37b79808b2f59eaf60ba9e43?s=96&d=mm&r=g","url":"https:\/\/secure.gravatar.com\/avatar\/56608a5ae1d60c555b558b0cda110391ad52d81e37b79808b2f59eaf60ba9e43?s=96&d=mm&r=g","contentUrl":"https:\/\/secure.gravatar.com\/avatar\/56608a5ae1d60c555b558b0cda110391ad52d81e37b79808b2f59eaf60ba9e43?s=96&d=mm&r=g","caption":"admin"},"sameAs":["https:\/\/magyarpenclub.hu"],"url":"https:\/\/magyarpenclub.hu\/fr\/author\/admin\/"}]}},"_links":{"self":[{"href":"https:\/\/magyarpenclub.hu\/fr\/wp-json\/wp\/v2\/posts\/7219","targetHints":{"allow":["GET"]}}],"collection":[{"href":"https:\/\/magyarpenclub.hu\/fr\/wp-json\/wp\/v2\/posts"}],"about":[{"href":"https:\/\/magyarpenclub.hu\/fr\/wp-json\/wp\/v2\/types\/post"}],"author":[{"embeddable":true,"href":"https:\/\/magyarpenclub.hu\/fr\/wp-json\/wp\/v2\/users\/1"}],"replies":[{"embeddable":true,"href":"https:\/\/magyarpenclub.hu\/fr\/wp-json\/wp\/v2\/comments?post=7219"}],"version-history":[{"count":0,"href":"https:\/\/magyarpenclub.hu\/fr\/wp-json\/wp\/v2\/posts\/7219\/revisions"}],"wp:featuredmedia":[{"embeddable":true,"href":"https:\/\/magyarpenclub.hu\/fr\/wp-json\/wp\/v2\/media\/6484"}],"wp:attachment":[{"href":"https:\/\/magyarpenclub.hu\/fr\/wp-json\/wp\/v2\/media?parent=7219"}],"wp:term":[{"taxonomy":"category","embeddable":true,"href":"https:\/\/magyarpenclub.hu\/fr\/wp-json\/wp\/v2\/categories?post=7219"},{"taxonomy":"post_tag","embeddable":true,"href":"https:\/\/magyarpenclub.hu\/fr\/wp-json\/wp\/v2\/tags?post=7219"}],"curies":[{"name":"wp","href":"https:\/\/api.w.org\/{rel}","templated":true}]}}