{"id":7390,"date":"2022-09-26T07:43:33","date_gmt":"2022-09-26T07:43:33","guid":{"rendered":"https:\/\/magyarpenclub.hu\/2022\/09\/26\/le-pen-88-congres-international-le-pouvoir-des-mots-les-defis-futurs-de-la-liberte-dexpression\/"},"modified":"2023-11-02T09:54:54","modified_gmt":"2023-11-02T09:54:54","slug":"le-pen-88-congres-international-le-pouvoir-des-mots-les-defis-futurs-de-la-liberte-dexpression","status":"publish","type":"post","link":"https:\/\/magyarpenclub.hu\/fr\/2022\/09\/26\/le-pen-88-congres-international-le-pouvoir-des-mots-les-defis-futurs-de-la-liberte-dexpression\/","title":{"rendered":"LE PEN 88. Congr\u00e8s international &#8211; Le pouvoir des mots : les d\u00e9fis futurs de la libert\u00e9 d&rsquo;expression"},"content":{"rendered":"\t\t<div data-elementor-type=\"wp-post\" data-elementor-id=\"7390\" class=\"elementor elementor-7390 elementor-5890\" data-elementor-settings=\"{&quot;scroll_snap&quot;:&quot;yes&quot;}\" data-elementor-post-type=\"post\">\n\t\t\t\t\t\t<section class=\"elementor-section elementor-top-section elementor-element elementor-element-2842ec5 elementor-reverse-tablet elementor-reverse-mobile elementor-section-boxed elementor-section-height-default elementor-section-height-default\" data-id=\"2842ec5\" data-element_type=\"section\" data-e-type=\"section\">\n\t\t\t\t\t\t<div class=\"elementor-container elementor-column-gap-wide\">\n\t\t\t\t\t<div class=\"elementor-column elementor-col-50 elementor-top-column elementor-element elementor-element-d894558\" data-id=\"d894558\" data-element_type=\"column\" data-e-type=\"column\">\n\t\t\t<div class=\"elementor-widget-wrap elementor-element-populated\">\n\t\t\t\t\t\t<div class=\"elementor-element elementor-element-47a7f47 elementor-view-stacked elementor-shape-circle elementor-position-block-start elementor-mobile-position-block-start elementor-widget elementor-widget-icon-box\" data-id=\"47a7f47\" data-element_type=\"widget\" data-e-type=\"widget\" data-widget_type=\"icon-box.default\">\n\t\t\t\t<div class=\"elementor-widget-container\">\n\t\t\t\t\t\t\t<div class=\"elementor-icon-box-wrapper\">\n\n\t\t\t\t\t\t<div class=\"elementor-icon-box-icon\">\n\t\t\t\t<span  class=\"elementor-icon\">\n\t\t\t\t<i aria-hidden=\"true\" class=\"fas fa-map-marker-alt\"><\/i>\t\t\t\t<\/span>\n\t\t\t<\/div>\n\t\t\t\n\t\t\t\t\t\t<div class=\"elementor-icon-box-content\">\n\n\t\t\t\t\t\t\t\t\t<h5 class=\"elementor-icon-box-title\">\n\t\t\t\t\t\t<span  >\n\t\t\t\t\t\t\tLocalisation\t\t\t\t\t\t<\/span>\n\t\t\t\t\t<\/h5>\n\t\t\t\t\n\t\t\t\t\t\t\t\t\t<p class=\"elementor-icon-box-description\">\n\t\t\t\t\t\tUppsala, Su\u00e8de\t\t\t\t\t<\/p>\n\t\t\t\t\n\t\t\t<\/div>\n\t\t\t\n\t\t<\/div>\n\t\t\t\t\t\t<\/div>\n\t\t\t\t<\/div>\n\t\t\t\t\t<\/div>\n\t\t<\/div>\n\t\t\t\t<div class=\"elementor-column elementor-col-50 elementor-top-column elementor-element elementor-element-77ec8a0\" data-id=\"77ec8a0\" data-element_type=\"column\" data-e-type=\"column\">\n\t\t\t<div class=\"elementor-widget-wrap elementor-element-populated\">\n\t\t\t\t\t\t<div class=\"elementor-element elementor-element-ee1f90b elementor-view-stacked elementor-shape-circle elementor-position-block-start elementor-mobile-position-block-start elementor-widget elementor-widget-icon-box\" data-id=\"ee1f90b\" data-element_type=\"widget\" data-e-type=\"widget\" data-widget_type=\"icon-box.default\">\n\t\t\t\t<div class=\"elementor-widget-container\">\n\t\t\t\t\t\t\t<div class=\"elementor-icon-box-wrapper\">\n\n\t\t\t\t\t\t<div class=\"elementor-icon-box-icon\">\n\t\t\t\t<span  class=\"elementor-icon\">\n\t\t\t\t<i aria-hidden=\"true\" class=\" icomoon-the7-font-the7-clock-00\"><\/i>\t\t\t\t<\/span>\n\t\t\t<\/div>\n\t\t\t\n\t\t\t\t\t\t<div class=\"elementor-icon-box-content\">\n\n\t\t\t\t\t\t\t\t\t<h5 class=\"elementor-icon-box-title\">\n\t\t\t\t\t\t<span  >\n\t\t\t\t\t\t\tDate du\t\t\t\t\t\t<\/span>\n\t\t\t\t\t<\/h5>\n\t\t\t\t\n\t\t\t\t\t\t\t\t\t<p class=\"elementor-icon-box-description\">\n\t\t\t\t\t\t2022. 27 septembre. et 2022. 1er octobre. entre\t\t\t\t\t<\/p>\n\t\t\t\t\n\t\t\t<\/div>\n\t\t\t\n\t\t<\/div>\n\t\t\t\t\t\t<\/div>\n\t\t\t\t<\/div>\n\t\t\t\t\t<\/div>\n\t\t<\/div>\n\t\t\t\t\t<\/div>\n\t\t<\/section>\n\t\t\t\t<section class=\"elementor-section elementor-top-section elementor-element elementor-element-6aad2ba elementor-reverse-tablet elementor-reverse-mobile elementor-section-boxed elementor-section-height-default elementor-section-height-default\" data-id=\"6aad2ba\" data-element_type=\"section\" data-e-type=\"section\">\n\t\t\t\t\t\t<div class=\"elementor-container elementor-column-gap-wide\">\n\t\t\t\t\t<div class=\"elementor-column elementor-col-100 elementor-top-column elementor-element elementor-element-5366710\" data-id=\"5366710\" data-element_type=\"column\" data-e-type=\"column\">\n\t\t\t<div class=\"elementor-widget-wrap elementor-element-populated\">\n\t\t\t\t\t\t<div class=\"elementor-element elementor-element-235dd43 elementor-widget elementor-widget-text-editor\" data-id=\"235dd43\" data-element_type=\"widget\" data-e-type=\"widget\" data-widget_type=\"text-editor.default\">\n\t\t\t\t<div class=\"elementor-widget-container\">\n\t\t\t\t\t\t\t\t\t<div>\n<h2>88e congr\u00e8s de PEN International  \n<\/h2>\n<div><\/div>\n<h3>Le pouvoir des mots :\nLes d\u00e9fis futurs de la libert\u00e9 d&rsquo;expression<\/h3>\n<div><\/div>\n<div>Accueilli \u00e0 Uppsala par PEN Su\u00e8de du 27 septembre au 1er octobre 2022 et ayant pour th\u00e8me LE POUVOIR DES MOTS &#8211; D\u00e9fis futurs pour la libert\u00e9 d&rsquo;expression, le 88e congr\u00e8s de PEN International a pour objectif de discuter et de remettre en question la compr\u00e9hension par PEN de questions telles que le discours de haine, la surveillance num\u00e9rique et l&rsquo;importance de la libert\u00e9 d&rsquo;expression et d&rsquo;information par rapport au changement climatique, \u00e0 la guerre et \u00e0 l&rsquo;apr\u00e8s-conflit, ainsi que le travail de PEN pour l&rsquo;avenir.\n\n\t\t\t\t\t\t\t\t<\/div>\n\t\t\t\t<\/div>\n\t\t\t\t\t<\/div>\n\t\t<\/div>\n\t\t\t\t\t<\/div>\n\t\t<\/section>\n\t\t\t\t<section class=\"elementor-section elementor-top-section elementor-element elementor-element-2351a8b elementor-reverse-tablet elementor-reverse-mobile elementor-section-boxed elementor-section-height-default elementor-section-height-default\" data-id=\"2351a8b\" data-element_type=\"section\" data-e-type=\"section\">\n\t\t\t\t\t\t<div class=\"elementor-container elementor-column-gap-wide\">\n\t\t\t\t\t<div class=\"elementor-column elementor-col-100 elementor-top-column elementor-element elementor-element-531ea53\" data-id=\"531ea53\" data-element_type=\"column\" data-e-type=\"column\">\n\t\t\t<div class=\"elementor-widget-wrap elementor-element-populated\">\n\t\t\t\t\t\t<div class=\"elementor-element elementor-element-1887bed elementor-widget elementor-widget-text-editor\" data-id=\"1887bed\" data-element_type=\"widget\" data-e-type=\"widget\" data-widget_type=\"text-editor.default\">\n\t\t\t\t<div class=\"elementor-widget-container\">\n\t\t\t\t\t\t\t\t\t<h2>Programmes d&rsquo;\u00e9v\u00e9nements<\/h2>\n<div> <\/div>\n<h3>C\u00c9R\u00c9MONIE D&rsquo;OUVERTURE EN LIGNE<br \/>Mardi 27 septembre 8h (UK)<\/h3>\n<p><img decoding=\"async\" class=\"aligncenter wp-image-5896 size-large\" src=\"https:\/\/magyarpenclub.hu\/wp-content\/uploads\/2022\/09\/program-01-1024x576.png\" alt=\"\" width=\"1024\" height=\"576\" srcset=\"https:\/\/magyarpenclub.hu\/wp-content\/uploads\/2022\/09\/program-01-1024x576.png 1024w, https:\/\/magyarpenclub.hu\/wp-content\/uploads\/2022\/09\/program-01-1000x563.png 1000w, https:\/\/magyarpenclub.hu\/wp-content\/uploads\/2022\/09\/program-01-300x169.png 300w, https:\/\/magyarpenclub.hu\/wp-content\/uploads\/2022\/09\/program-01-768x432.png 768w, https:\/\/magyarpenclub.hu\/wp-content\/uploads\/2022\/09\/program-01-1536x864.png 1536w, https:\/\/magyarpenclub.hu\/wp-content\/uploads\/2022\/09\/program-01.png 1920w\" sizes=\"(max-width: 1024px) 100vw, 1024px\" \/><\/p>\n<p>Avec des textes d&rsquo;\u00e9crivains de renom tels que Burhan Sonmez, Jesper Bengtsson, Siri Hustvedt, Andrei Kurkov, Lesyk Panasiuk et Daryna Gladun.<\/p>\n<p><a href=\"https:\/\/pen-international.us2.list-manage.com\/track\/click?u=9ad2826722a998e8a63b0772f&amp;id=b339410a33&amp;e=b695dd4096\" target=\"_blank\" rel=\"noopener\">S&rsquo;INSCRIRE<\/a><\/p>\n\t\t\t\t\t\t\t\t<\/div>\n\t\t\t\t<\/div>\n\t\t\t\t\t<\/div>\n\t\t<\/div>\n\t\t\t\t\t<\/div>\n\t\t<\/section>\n\t\t\t\t<section class=\"elementor-section elementor-top-section elementor-element elementor-element-004da8e elementor-reverse-tablet elementor-reverse-mobile elementor-section-boxed elementor-section-height-default elementor-section-height-default\" data-id=\"004da8e\" data-element_type=\"section\" data-e-type=\"section\">\n\t\t\t\t\t\t<div class=\"elementor-container elementor-column-gap-wide\">\n\t\t\t\t\t<div class=\"elementor-column elementor-col-100 elementor-top-column elementor-element elementor-element-54e8f8e\" data-id=\"54e8f8e\" data-element_type=\"column\" data-e-type=\"column\">\n\t\t\t<div class=\"elementor-widget-wrap elementor-element-populated\">\n\t\t\t\t\t\t<div class=\"elementor-element elementor-element-5c431e1 elementor-widget elementor-widget-text-editor\" data-id=\"5c431e1\" data-element_type=\"widget\" data-e-type=\"widget\" data-widget_type=\"text-editor.default\">\n\t\t\t\t<div class=\"elementor-widget-container\">\n\t\t\t\t\t\t\t\t\t<h2>Programmes Eevets en ligne<\/h2>\n<div> <\/div>\n<h3>Mercredi 28 septembre 13h (UK)<\/h3>\n<p><img decoding=\"async\" class=\"aligncenter wp-image-5897 size-large\" src=\"https:\/\/magyarpenclub.hu\/wp-content\/uploads\/2022\/09\/program-02-1024x576.png\" alt=\"\" width=\"1024\" height=\"576\" srcset=\"https:\/\/magyarpenclub.hu\/wp-content\/uploads\/2022\/09\/program-02-1024x576.png 1024w, https:\/\/magyarpenclub.hu\/wp-content\/uploads\/2022\/09\/program-02-1000x563.png 1000w, https:\/\/magyarpenclub.hu\/wp-content\/uploads\/2022\/09\/program-02-300x169.png 300w, https:\/\/magyarpenclub.hu\/wp-content\/uploads\/2022\/09\/program-02-768x432.png 768w, https:\/\/magyarpenclub.hu\/wp-content\/uploads\/2022\/09\/program-02-1536x864.png 1536w, https:\/\/magyarpenclub.hu\/wp-content\/uploads\/2022\/09\/program-02.png 1920w\" sizes=\"(max-width: 1024px) 100vw, 1024px\" \/><\/p>\n<p>Avec des textes d&rsquo;\u00e9crivains de renom tels que Burhan Sonmez, Siri Hustvedt, Andrei Kurkov, Salil Tripathi, Danson Kahyana, Yassin Al Haj Saleh, Hayder Hamzoz, Neelufer Suhrabi et Andrea Lesic.<\/p>\n<p><a href=\"https:\/\/pen-international.us2.list-manage.com\/track\/click?u=9ad2826722a998e8a63b0772f&amp;id=a1c34f065a&amp;e=b695dd4096\" target=\"_blank\" rel=\"noopener\">S&rsquo;INSCRIRE<\/a><\/p>\n\t\t\t\t\t\t\t\t<\/div>\n\t\t\t\t<\/div>\n\t\t\t\t\t<\/div>\n\t\t<\/div>\n\t\t\t\t\t<\/div>\n\t\t<\/section>\n\t\t\t\t<section class=\"elementor-section elementor-top-section elementor-element elementor-element-fe6b9d6 elementor-reverse-tablet elementor-reverse-mobile elementor-section-boxed elementor-section-height-default elementor-section-height-default\" data-id=\"fe6b9d6\" data-element_type=\"section\" data-e-type=\"section\">\n\t\t\t\t\t\t<div class=\"elementor-container elementor-column-gap-wide\">\n\t\t\t\t\t<div class=\"elementor-column elementor-col-100 elementor-top-column elementor-element elementor-element-18198f4\" data-id=\"18198f4\" data-element_type=\"column\" data-e-type=\"column\">\n\t\t\t<div class=\"elementor-widget-wrap elementor-element-populated\">\n\t\t\t\t\t\t<div class=\"elementor-element elementor-element-dc550c7 elementor-widget elementor-widget-text-editor\" data-id=\"dc550c7\" data-element_type=\"widget\" data-e-type=\"widget\" data-widget_type=\"text-editor.default\">\n\t\t\t\t<div class=\"elementor-widget-container\">\n\t\t\t\t\t\t\t\t\t<h2>Le danger d&rsquo;\u00e9crire sur le changement climatique<\/h2>\n<div> <\/div>\n<h3>Jeudi 29 septembre 11h (UK)<\/h3>\n<p><img decoding=\"async\" class=\"aligncenter wp-image-5898 size-large\" src=\"https:\/\/magyarpenclub.hu\/wp-content\/uploads\/2022\/09\/program-03-1024x576.png\" alt=\"\" width=\"1024\" height=\"576\" srcset=\"https:\/\/magyarpenclub.hu\/wp-content\/uploads\/2022\/09\/program-03-1024x576.png 1024w, https:\/\/magyarpenclub.hu\/wp-content\/uploads\/2022\/09\/program-03-1000x563.png 1000w, https:\/\/magyarpenclub.hu\/wp-content\/uploads\/2022\/09\/program-03-300x169.png 300w, https:\/\/magyarpenclub.hu\/wp-content\/uploads\/2022\/09\/program-03-768x432.png 768w, https:\/\/magyarpenclub.hu\/wp-content\/uploads\/2022\/09\/program-03-1536x864.png 1536w, https:\/\/magyarpenclub.hu\/wp-content\/uploads\/2022\/09\/program-03.png 2048w\" sizes=\"(max-width: 1024px) 100vw, 1024px\" \/><\/p>\n<p>\u00c9v\u00e9nement en ligne avec Jennifer Clement, Erik Halkjer, Henrik Brandao J\u00f6nsson, Kerstin Almeg\u00e5rd et Jonas Gren.<\/p>\n<p><a href=\"https:\/\/pen-international.us2.list-manage.com\/track\/click?u=9ad2826722a998e8a63b0772f&amp;id=5e0c9b07dd&amp;e=b695dd4096\" target=\"_blank\" rel=\"noopener\">S&rsquo;INSCRIRE<\/a><\/p>\n\t\t\t\t\t\t\t\t<\/div>\n\t\t\t\t<\/div>\n\t\t\t\t\t<\/div>\n\t\t<\/div>\n\t\t\t\t\t<\/div>\n\t\t<\/section>\n\t\t\t\t<section class=\"elementor-section elementor-top-section elementor-element elementor-element-b2bd361 elementor-reverse-tablet elementor-reverse-mobile elementor-section-boxed elementor-section-height-default elementor-section-height-default\" data-id=\"b2bd361\" data-element_type=\"section\" data-e-type=\"section\">\n\t\t\t\t\t\t<div class=\"elementor-container elementor-column-gap-wide\">\n\t\t\t\t\t<div class=\"elementor-column elementor-col-100 elementor-top-column elementor-element elementor-element-ee67b7f\" data-id=\"ee67b7f\" data-element_type=\"column\" data-e-type=\"column\">\n\t\t\t<div class=\"elementor-widget-wrap elementor-element-populated\">\n\t\t\t\t\t\t<div class=\"elementor-element elementor-element-239274f elementor-widget elementor-widget-text-editor\" data-id=\"239274f\" data-element_type=\"widget\" data-e-type=\"widget\" data-widget_type=\"text-editor.default\">\n\t\t\t\t<div class=\"elementor-widget-container\">\n\t\t\t\t\t\t\t\t\t<h2>Retour vers le futur<\/h2>\n<div> <\/div>\n<h3>Vendredi 30 septembre 13h10 (UK)<\/h3>\n<p><img decoding=\"async\" class=\"aligncenter wp-image-5899 size-large\" src=\"https:\/\/magyarpenclub.hu\/wp-content\/uploads\/2022\/09\/program-04-1024x576.png\" alt=\"\" width=\"1024\" height=\"576\" srcset=\"https:\/\/magyarpenclub.hu\/wp-content\/uploads\/2022\/09\/program-04-1024x576.png 1024w, https:\/\/magyarpenclub.hu\/wp-content\/uploads\/2022\/09\/program-04-1000x563.png 1000w, https:\/\/magyarpenclub.hu\/wp-content\/uploads\/2022\/09\/program-04-300x169.png 300w, https:\/\/magyarpenclub.hu\/wp-content\/uploads\/2022\/09\/program-04-768x432.png 768w, https:\/\/magyarpenclub.hu\/wp-content\/uploads\/2022\/09\/program-04-1536x864.png 1536w, https:\/\/magyarpenclub.hu\/wp-content\/uploads\/2022\/09\/program-04.png 1920w\" sizes=\"(max-width: 1024px) 100vw, 1024px\" \/><\/p>\n<p>Avec les auteurs Burhan Sonmez, Jennifer Clement, Homero Aridjis et Per Erik W\u00e4stberg.<\/p>\n<p><a href=\"https:\/\/pen-international.us2.list-manage.com\/track\/click?u=9ad2826722a998e8a63b0772f&amp;id=a932c43833&amp;e=b695dd4096\" target=\"_blank\" rel=\"noopener\">JOINDRE<\/a><\/p>\n\t\t\t\t\t\t\t\t<\/div>\n\t\t\t\t<\/div>\n\t\t\t\t\t<\/div>\n\t\t<\/div>\n\t\t\t\t\t<\/div>\n\t\t<\/section>\n\t\t\t\t<section class=\"elementor-section elementor-top-section elementor-element elementor-element-082b068 elementor-section-boxed elementor-section-height-default elementor-section-height-default\" data-id=\"082b068\" data-element_type=\"section\" data-e-type=\"section\">\n\t\t\t\t\t\t<div class=\"elementor-container elementor-column-gap-default\">\n\t\t\t\t\t<div class=\"elementor-column elementor-col-100 elementor-top-column elementor-element elementor-element-ad5c74d\" data-id=\"ad5c74d\" data-element_type=\"column\" data-e-type=\"column\">\n\t\t\t<div class=\"elementor-widget-wrap elementor-element-populated\">\n\t\t\t\t\t\t<div class=\"elementor-element elementor-element-aace820 elementor-widget elementor-widget-image\" data-id=\"aace820\" data-element_type=\"widget\" data-e-type=\"widget\" data-widget_type=\"image.default\">\n\t\t\t\t<div class=\"elementor-widget-container\">\n\t\t\t\t\t\t\t\t\t\t\t\t\t\t\t\t<a href=\"https:\/\/pen-international.us2.list-manage.com\/track\/click?u=9ad2826722a998e8a63b0772f&#038;id=5426c6fb28&#038;e=b695dd4096\" target=\"_blank\">\n\t\t\t\t\t\t\t<img decoding=\"async\" width=\"741\" height=\"173\" src=\"https:\/\/magyarpenclub.hu\/wp-content\/uploads\/2022\/09\/program-05.png\" class=\"attachment-large size-large wp-image-6778\" alt=\"\" srcset=\"https:\/\/magyarpenclub.hu\/wp-content\/uploads\/2022\/09\/program-05.png 741w, https:\/\/magyarpenclub.hu\/wp-content\/uploads\/2022\/09\/program-05-300x70.png 300w\" sizes=\"(max-width: 741px) 100vw, 741px\" \/>\t\t\t\t\t\t\t\t<\/a>\n\t\t\t\t\t\t\t\t\t\t\t\t\t\t\t<\/div>\n\t\t\t\t<\/div>\n\t\t\t\t\t<\/div>\n\t\t<\/div>\n\t\t\t\t\t<\/div>\n\t\t<\/section>\n\t\t\t\t<\/div>\n\t\t","protected":false},"excerpt":{"rendered":"<p>Le PEN su\u00e9dois \u00e0 Uppsala 2022. 27 septembre. et le 1er octobre. Le PEN 88 se d\u00e9roulera entre. congr\u00e8s international sur le POUVOIR DE LA PAROLE &#8211; Les d\u00e9fis futurs de la libert\u00e9 d&rsquo;expression. La r\u00e9union a pour but de discuter de l&rsquo;importance du discours haineux, de la surveillance num\u00e9rique, de la libert\u00e9 d&rsquo;expression et de l&rsquo;information.  <\/p>\n","protected":false},"author":1,"featured_media":6781,"comment_status":"closed","ping_status":"open","sticky":false,"template":"","format":"standard","meta":{"_acf_changed":false,"footnotes":""},"categories":[173],"tags":[199,200],"class_list":["post-7390","post","type-post","status-publish","format-standard","has-post-thumbnail","hentry","category-evenement","tag-en-savoir-plus","tag-musique"],"acf":[],"yoast_head":"<!-- This site is optimized with the Yoast SEO plugin v27.5 - https:\/\/yoast.com\/product\/yoast-seo-wordpress\/ -->\n<title>LE PEN 88. Congr\u00e8s international - Le pouvoir des mots : les d\u00e9fis futurs de la libert\u00e9 d&#039;expression - Magyar PEN Club<\/title>\n<meta name=\"description\" content=\"Le PEN su\u00e9dois \u00e0 Uppsala 2022. 27 septembre. et le 1er octobre. Le PEN 88 se d\u00e9roulera entre. congr\u00e8s international sur le POUVOIR DE LA PAROLE - Les d\u00e9fis futurs de la libert\u00e9 d&#039;expression. La r\u00e9union a pour but de discuter de l&#039;importance du discours haineux, de la surveillance num\u00e9rique, de la libert\u00e9 d&#039;expression et de l&#039;information.\" \/>\n<meta name=\"robots\" content=\"index, follow, max-snippet:-1, max-image-preview:large, max-video-preview:-1\" \/>\n<link rel=\"canonical\" href=\"https:\/\/magyarpenclub.hu\/fr\/2022\/09\/26\/le-pen-88-congres-international-le-pouvoir-des-mots-les-defis-futurs-de-la-liberte-dexpression\/\" \/>\n<meta property=\"og:locale\" content=\"fr_FR\" \/>\n<meta property=\"og:type\" content=\"article\" \/>\n<meta property=\"og:title\" content=\"LE PEN 88. Congr\u00e8s international - Le pouvoir des mots : les d\u00e9fis futurs de la libert\u00e9 d&#039;expression - Magyar PEN Club\" \/>\n<meta property=\"og:description\" content=\"Le PEN su\u00e9dois \u00e0 Uppsala 2022. 27 septembre. et le 1er octobre. Le PEN 88 se d\u00e9roulera entre. congr\u00e8s international sur le POUVOIR DE LA PAROLE - Les d\u00e9fis futurs de la libert\u00e9 d&#039;expression. La r\u00e9union a pour but de discuter de l&#039;importance du discours haineux, de la surveillance num\u00e9rique, de la libert\u00e9 d&#039;expression et de l&#039;information.\" \/>\n<meta property=\"og:url\" content=\"https:\/\/magyarpenclub.hu\/fr\/2022\/09\/26\/le-pen-88-congres-international-le-pouvoir-des-mots-les-defis-futurs-de-la-liberte-dexpression\/\" \/>\n<meta property=\"og:site_name\" content=\"Magyar PEN Club\" \/>\n<meta property=\"article:publisher\" content=\"https:\/\/www.facebook.com\/magyarpenclub\" \/>\n<meta property=\"article:published_time\" content=\"2022-09-26T07:43:33+00:00\" \/>\n<meta property=\"article:modified_time\" content=\"2023-11-02T09:54:54+00:00\" \/>\n<meta property=\"og:image\" content=\"https:\/\/magyarpenclub.hu\/wp-content\/uploads\/2022\/09\/pen-kongresszus2.jpg\" \/>\n\t<meta property=\"og:image:width\" content=\"1920\" \/>\n\t<meta property=\"og:image:height\" content=\"1330\" \/>\n\t<meta property=\"og:image:type\" content=\"image\/jpeg\" \/>\n<meta name=\"author\" content=\"admin\" \/>\n<meta name=\"twitter:card\" content=\"summary_large_image\" \/>\n<meta name=\"twitter:label1\" content=\"\u00c9crit par\" \/>\n\t<meta name=\"twitter:data1\" content=\"admin\" \/>\n\t<meta name=\"twitter:label2\" content=\"Dur\u00e9e de lecture estim\u00e9e\" \/>\n\t<meta name=\"twitter:data2\" content=\"1 minute\" \/>\n<script type=\"application\/ld+json\" class=\"yoast-schema-graph\">{\"@context\":\"https:\\\/\\\/schema.org\",\"@graph\":[{\"@type\":\"Article\",\"@id\":\"https:\\\/\\\/magyarpenclub.hu\\\/fr\\\/2022\\\/09\\\/26\\\/le-pen-88-congres-international-le-pouvoir-des-mots-les-defis-futurs-de-la-liberte-dexpression\\\/#article\",\"isPartOf\":{\"@id\":\"https:\\\/\\\/magyarpenclub.hu\\\/fr\\\/2022\\\/09\\\/26\\\/le-pen-88-congres-international-le-pouvoir-des-mots-les-defis-futurs-de-la-liberte-dexpression\\\/\"},\"author\":{\"name\":\"admin\",\"@id\":\"https:\\\/\\\/magyarpenclub.hu\\\/fr\\\/#\\\/schema\\\/person\\\/9d0e9bdcfa14a17e3af44ee46f4f047e\"},\"headline\":\"LE PEN 88. Congr\u00e8s international &#8211; Le pouvoir des mots : les d\u00e9fis futurs de la libert\u00e9 d&rsquo;expression\",\"datePublished\":\"2022-09-26T07:43:33+00:00\",\"dateModified\":\"2023-11-02T09:54:54+00:00\",\"mainEntityOfPage\":{\"@id\":\"https:\\\/\\\/magyarpenclub.hu\\\/fr\\\/2022\\\/09\\\/26\\\/le-pen-88-congres-international-le-pouvoir-des-mots-les-defis-futurs-de-la-liberte-dexpression\\\/\"},\"wordCount\":277,\"publisher\":{\"@id\":\"https:\\\/\\\/magyarpenclub.hu\\\/fr\\\/#organization\"},\"image\":{\"@id\":\"https:\\\/\\\/magyarpenclub.hu\\\/fr\\\/2022\\\/09\\\/26\\\/le-pen-88-congres-international-le-pouvoir-des-mots-les-defis-futurs-de-la-liberte-dexpression\\\/#primaryimage\"},\"thumbnailUrl\":\"https:\\\/\\\/magyarpenclub.hu\\\/wp-content\\\/uploads\\\/2022\\\/09\\\/pen-kongresszus2.jpg\",\"keywords\":[\"En savoir plus\",\"Musique\"],\"articleSection\":[\"\u00c9v\u00e9nement\"],\"inLanguage\":\"fr-FR\"},{\"@type\":\"WebPage\",\"@id\":\"https:\\\/\\\/magyarpenclub.hu\\\/fr\\\/2022\\\/09\\\/26\\\/le-pen-88-congres-international-le-pouvoir-des-mots-les-defis-futurs-de-la-liberte-dexpression\\\/\",\"url\":\"https:\\\/\\\/magyarpenclub.hu\\\/fr\\\/2022\\\/09\\\/26\\\/le-pen-88-congres-international-le-pouvoir-des-mots-les-defis-futurs-de-la-liberte-dexpression\\\/\",\"name\":\"LE PEN 88. Congr\u00e8s international - Le pouvoir des mots : les d\u00e9fis futurs de la libert\u00e9 d'expression - Magyar PEN Club\",\"isPartOf\":{\"@id\":\"https:\\\/\\\/magyarpenclub.hu\\\/fr\\\/#website\"},\"primaryImageOfPage\":{\"@id\":\"https:\\\/\\\/magyarpenclub.hu\\\/fr\\\/2022\\\/09\\\/26\\\/le-pen-88-congres-international-le-pouvoir-des-mots-les-defis-futurs-de-la-liberte-dexpression\\\/#primaryimage\"},\"image\":{\"@id\":\"https:\\\/\\\/magyarpenclub.hu\\\/fr\\\/2022\\\/09\\\/26\\\/le-pen-88-congres-international-le-pouvoir-des-mots-les-defis-futurs-de-la-liberte-dexpression\\\/#primaryimage\"},\"thumbnailUrl\":\"https:\\\/\\\/magyarpenclub.hu\\\/wp-content\\\/uploads\\\/2022\\\/09\\\/pen-kongresszus2.jpg\",\"datePublished\":\"2022-09-26T07:43:33+00:00\",\"dateModified\":\"2023-11-02T09:54:54+00:00\",\"description\":\"Le PEN su\u00e9dois \u00e0 Uppsala 2022. 27 septembre. et le 1er octobre. Le PEN 88 se d\u00e9roulera entre. congr\u00e8s international sur le POUVOIR DE LA PAROLE - Les d\u00e9fis futurs de la libert\u00e9 d'expression. La r\u00e9union a pour but de discuter de l'importance du discours haineux, de la surveillance num\u00e9rique, de la libert\u00e9 d'expression et de l'information.\",\"breadcrumb\":{\"@id\":\"https:\\\/\\\/magyarpenclub.hu\\\/fr\\\/2022\\\/09\\\/26\\\/le-pen-88-congres-international-le-pouvoir-des-mots-les-defis-futurs-de-la-liberte-dexpression\\\/#breadcrumb\"},\"inLanguage\":\"fr-FR\",\"potentialAction\":[{\"@type\":\"ReadAction\",\"target\":[\"https:\\\/\\\/magyarpenclub.hu\\\/fr\\\/2022\\\/09\\\/26\\\/le-pen-88-congres-international-le-pouvoir-des-mots-les-defis-futurs-de-la-liberte-dexpression\\\/\"]}]},{\"@type\":\"ImageObject\",\"inLanguage\":\"fr-FR\",\"@id\":\"https:\\\/\\\/magyarpenclub.hu\\\/fr\\\/2022\\\/09\\\/26\\\/le-pen-88-congres-international-le-pouvoir-des-mots-les-defis-futurs-de-la-liberte-dexpression\\\/#primaryimage\",\"url\":\"https:\\\/\\\/magyarpenclub.hu\\\/wp-content\\\/uploads\\\/2022\\\/09\\\/pen-kongresszus2.jpg\",\"contentUrl\":\"https:\\\/\\\/magyarpenclub.hu\\\/wp-content\\\/uploads\\\/2022\\\/09\\\/pen-kongresszus2.jpg\",\"width\":1920,\"height\":1330},{\"@type\":\"BreadcrumbList\",\"@id\":\"https:\\\/\\\/magyarpenclub.hu\\\/fr\\\/2022\\\/09\\\/26\\\/le-pen-88-congres-international-le-pouvoir-des-mots-les-defis-futurs-de-la-liberte-dexpression\\\/#breadcrumb\",\"itemListElement\":[{\"@type\":\"ListItem\",\"position\":1,\"name\":\"Kezd\u0151lap\",\"item\":\"https:\\\/\\\/magyarpenclub.hu\\\/fr\\\/\"},{\"@type\":\"ListItem\",\"position\":2,\"name\":\"LE PEN 88. Congr\u00e8s international &#8211; Le pouvoir des mots : les d\u00e9fis futurs de la libert\u00e9 d&#8217;expression\"}]},{\"@type\":\"WebSite\",\"@id\":\"https:\\\/\\\/magyarpenclub.hu\\\/fr\\\/#website\",\"url\":\"https:\\\/\\\/magyarpenclub.hu\\\/fr\\\/\",\"name\":\"Magyar PEN Club\",\"description\":\"H\u00edrek, k\u00f6zlem\u00e9nyek, \u00edr\u00e1sok\",\"publisher\":{\"@id\":\"https:\\\/\\\/magyarpenclub.hu\\\/fr\\\/#organization\"},\"potentialAction\":[{\"@type\":\"SearchAction\",\"target\":{\"@type\":\"EntryPoint\",\"urlTemplate\":\"https:\\\/\\\/magyarpenclub.hu\\\/fr\\\/?s={search_term_string}\"},\"query-input\":{\"@type\":\"PropertyValueSpecification\",\"valueRequired\":true,\"valueName\":\"search_term_string\"}}],\"inLanguage\":\"fr-FR\"},{\"@type\":\"Organization\",\"@id\":\"https:\\\/\\\/magyarpenclub.hu\\\/fr\\\/#organization\",\"name\":\"Magyar P.E.N. Club\",\"url\":\"https:\\\/\\\/magyarpenclub.hu\\\/fr\\\/\",\"logo\":{\"@type\":\"ImageObject\",\"inLanguage\":\"fr-FR\",\"@id\":\"https:\\\/\\\/magyarpenclub.hu\\\/fr\\\/#\\\/schema\\\/logo\\\/image\\\/\",\"url\":\"https:\\\/\\\/magyarpenclub.hu\\\/wp-content\\\/uploads\\\/2022\\\/08\\\/magyar-pen-club-logo.png\",\"contentUrl\":\"https:\\\/\\\/magyarpenclub.hu\\\/wp-content\\\/uploads\\\/2022\\\/08\\\/magyar-pen-club-logo.png\",\"width\":195,\"height\":195,\"caption\":\"Magyar P.E.N. Club\"},\"image\":{\"@id\":\"https:\\\/\\\/magyarpenclub.hu\\\/fr\\\/#\\\/schema\\\/logo\\\/image\\\/\"},\"sameAs\":[\"https:\\\/\\\/www.facebook.com\\\/magyarpenclub\",\"https:\\\/\\\/www.youtube.com\\\/channel\\\/UC8bw1YALHZZJCJ-7bqvlR6Q\"]},{\"@type\":\"Person\",\"@id\":\"https:\\\/\\\/magyarpenclub.hu\\\/fr\\\/#\\\/schema\\\/person\\\/9d0e9bdcfa14a17e3af44ee46f4f047e\",\"name\":\"admin\",\"image\":{\"@type\":\"ImageObject\",\"inLanguage\":\"fr-FR\",\"@id\":\"https:\\\/\\\/secure.gravatar.com\\\/avatar\\\/56608a5ae1d60c555b558b0cda110391ad52d81e37b79808b2f59eaf60ba9e43?s=96&d=mm&r=g\",\"url\":\"https:\\\/\\\/secure.gravatar.com\\\/avatar\\\/56608a5ae1d60c555b558b0cda110391ad52d81e37b79808b2f59eaf60ba9e43?s=96&d=mm&r=g\",\"contentUrl\":\"https:\\\/\\\/secure.gravatar.com\\\/avatar\\\/56608a5ae1d60c555b558b0cda110391ad52d81e37b79808b2f59eaf60ba9e43?s=96&d=mm&r=g\",\"caption\":\"admin\"},\"sameAs\":[\"https:\\\/\\\/magyarpenclub.hu\"],\"url\":\"https:\\\/\\\/magyarpenclub.hu\\\/fr\\\/author\\\/admin\\\/\"}]}<\/script>\n<!-- \/ Yoast SEO plugin. -->","yoast_head_json":{"title":"LE PEN 88. Congr\u00e8s international - Le pouvoir des mots : les d\u00e9fis futurs de la libert\u00e9 d'expression - Magyar PEN Club","description":"Le PEN su\u00e9dois \u00e0 Uppsala 2022. 27 septembre. et le 1er octobre. Le PEN 88 se d\u00e9roulera entre. congr\u00e8s international sur le POUVOIR DE LA PAROLE - Les d\u00e9fis futurs de la libert\u00e9 d'expression. La r\u00e9union a pour but de discuter de l'importance du discours haineux, de la surveillance num\u00e9rique, de la libert\u00e9 d'expression et de l'information.","robots":{"index":"index","follow":"follow","max-snippet":"max-snippet:-1","max-image-preview":"max-image-preview:large","max-video-preview":"max-video-preview:-1"},"canonical":"https:\/\/magyarpenclub.hu\/fr\/2022\/09\/26\/le-pen-88-congres-international-le-pouvoir-des-mots-les-defis-futurs-de-la-liberte-dexpression\/","og_locale":"fr_FR","og_type":"article","og_title":"LE PEN 88. Congr\u00e8s international - Le pouvoir des mots : les d\u00e9fis futurs de la libert\u00e9 d'expression - Magyar PEN Club","og_description":"Le PEN su\u00e9dois \u00e0 Uppsala 2022. 27 septembre. et le 1er octobre. Le PEN 88 se d\u00e9roulera entre. congr\u00e8s international sur le POUVOIR DE LA PAROLE - Les d\u00e9fis futurs de la libert\u00e9 d'expression. La r\u00e9union a pour but de discuter de l'importance du discours haineux, de la surveillance num\u00e9rique, de la libert\u00e9 d'expression et de l'information.","og_url":"https:\/\/magyarpenclub.hu\/fr\/2022\/09\/26\/le-pen-88-congres-international-le-pouvoir-des-mots-les-defis-futurs-de-la-liberte-dexpression\/","og_site_name":"Magyar PEN Club","article_publisher":"https:\/\/www.facebook.com\/magyarpenclub","article_published_time":"2022-09-26T07:43:33+00:00","article_modified_time":"2023-11-02T09:54:54+00:00","og_image":[{"width":1920,"height":1330,"url":"https:\/\/magyarpenclub.hu\/wp-content\/uploads\/2022\/09\/pen-kongresszus2.jpg","type":"image\/jpeg"}],"author":"admin","twitter_card":"summary_large_image","twitter_misc":{"\u00c9crit par":"admin","Dur\u00e9e de lecture estim\u00e9e":"1 minute"},"schema":{"@context":"https:\/\/schema.org","@graph":[{"@type":"Article","@id":"https:\/\/magyarpenclub.hu\/fr\/2022\/09\/26\/le-pen-88-congres-international-le-pouvoir-des-mots-les-defis-futurs-de-la-liberte-dexpression\/#article","isPartOf":{"@id":"https:\/\/magyarpenclub.hu\/fr\/2022\/09\/26\/le-pen-88-congres-international-le-pouvoir-des-mots-les-defis-futurs-de-la-liberte-dexpression\/"},"author":{"name":"admin","@id":"https:\/\/magyarpenclub.hu\/fr\/#\/schema\/person\/9d0e9bdcfa14a17e3af44ee46f4f047e"},"headline":"LE PEN 88. Congr\u00e8s international &#8211; Le pouvoir des mots : les d\u00e9fis futurs de la libert\u00e9 d&rsquo;expression","datePublished":"2022-09-26T07:43:33+00:00","dateModified":"2023-11-02T09:54:54+00:00","mainEntityOfPage":{"@id":"https:\/\/magyarpenclub.hu\/fr\/2022\/09\/26\/le-pen-88-congres-international-le-pouvoir-des-mots-les-defis-futurs-de-la-liberte-dexpression\/"},"wordCount":277,"publisher":{"@id":"https:\/\/magyarpenclub.hu\/fr\/#organization"},"image":{"@id":"https:\/\/magyarpenclub.hu\/fr\/2022\/09\/26\/le-pen-88-congres-international-le-pouvoir-des-mots-les-defis-futurs-de-la-liberte-dexpression\/#primaryimage"},"thumbnailUrl":"https:\/\/magyarpenclub.hu\/wp-content\/uploads\/2022\/09\/pen-kongresszus2.jpg","keywords":["En savoir plus","Musique"],"articleSection":["\u00c9v\u00e9nement"],"inLanguage":"fr-FR"},{"@type":"WebPage","@id":"https:\/\/magyarpenclub.hu\/fr\/2022\/09\/26\/le-pen-88-congres-international-le-pouvoir-des-mots-les-defis-futurs-de-la-liberte-dexpression\/","url":"https:\/\/magyarpenclub.hu\/fr\/2022\/09\/26\/le-pen-88-congres-international-le-pouvoir-des-mots-les-defis-futurs-de-la-liberte-dexpression\/","name":"LE PEN 88. Congr\u00e8s international - Le pouvoir des mots : les d\u00e9fis futurs de la libert\u00e9 d'expression - Magyar PEN Club","isPartOf":{"@id":"https:\/\/magyarpenclub.hu\/fr\/#website"},"primaryImageOfPage":{"@id":"https:\/\/magyarpenclub.hu\/fr\/2022\/09\/26\/le-pen-88-congres-international-le-pouvoir-des-mots-les-defis-futurs-de-la-liberte-dexpression\/#primaryimage"},"image":{"@id":"https:\/\/magyarpenclub.hu\/fr\/2022\/09\/26\/le-pen-88-congres-international-le-pouvoir-des-mots-les-defis-futurs-de-la-liberte-dexpression\/#primaryimage"},"thumbnailUrl":"https:\/\/magyarpenclub.hu\/wp-content\/uploads\/2022\/09\/pen-kongresszus2.jpg","datePublished":"2022-09-26T07:43:33+00:00","dateModified":"2023-11-02T09:54:54+00:00","description":"Le PEN su\u00e9dois \u00e0 Uppsala 2022. 27 septembre. et le 1er octobre. Le PEN 88 se d\u00e9roulera entre. congr\u00e8s international sur le POUVOIR DE LA PAROLE - Les d\u00e9fis futurs de la libert\u00e9 d'expression. La r\u00e9union a pour but de discuter de l'importance du discours haineux, de la surveillance num\u00e9rique, de la libert\u00e9 d'expression et de l'information.","breadcrumb":{"@id":"https:\/\/magyarpenclub.hu\/fr\/2022\/09\/26\/le-pen-88-congres-international-le-pouvoir-des-mots-les-defis-futurs-de-la-liberte-dexpression\/#breadcrumb"},"inLanguage":"fr-FR","potentialAction":[{"@type":"ReadAction","target":["https:\/\/magyarpenclub.hu\/fr\/2022\/09\/26\/le-pen-88-congres-international-le-pouvoir-des-mots-les-defis-futurs-de-la-liberte-dexpression\/"]}]},{"@type":"ImageObject","inLanguage":"fr-FR","@id":"https:\/\/magyarpenclub.hu\/fr\/2022\/09\/26\/le-pen-88-congres-international-le-pouvoir-des-mots-les-defis-futurs-de-la-liberte-dexpression\/#primaryimage","url":"https:\/\/magyarpenclub.hu\/wp-content\/uploads\/2022\/09\/pen-kongresszus2.jpg","contentUrl":"https:\/\/magyarpenclub.hu\/wp-content\/uploads\/2022\/09\/pen-kongresszus2.jpg","width":1920,"height":1330},{"@type":"BreadcrumbList","@id":"https:\/\/magyarpenclub.hu\/fr\/2022\/09\/26\/le-pen-88-congres-international-le-pouvoir-des-mots-les-defis-futurs-de-la-liberte-dexpression\/#breadcrumb","itemListElement":[{"@type":"ListItem","position":1,"name":"Kezd\u0151lap","item":"https:\/\/magyarpenclub.hu\/fr\/"},{"@type":"ListItem","position":2,"name":"LE PEN 88. Congr\u00e8s international &#8211; Le pouvoir des mots : les d\u00e9fis futurs de la libert\u00e9 d&#8217;expression"}]},{"@type":"WebSite","@id":"https:\/\/magyarpenclub.hu\/fr\/#website","url":"https:\/\/magyarpenclub.hu\/fr\/","name":"Magyar PEN Club","description":"H\u00edrek, k\u00f6zlem\u00e9nyek, \u00edr\u00e1sok","publisher":{"@id":"https:\/\/magyarpenclub.hu\/fr\/#organization"},"potentialAction":[{"@type":"SearchAction","target":{"@type":"EntryPoint","urlTemplate":"https:\/\/magyarpenclub.hu\/fr\/?s={search_term_string}"},"query-input":{"@type":"PropertyValueSpecification","valueRequired":true,"valueName":"search_term_string"}}],"inLanguage":"fr-FR"},{"@type":"Organization","@id":"https:\/\/magyarpenclub.hu\/fr\/#organization","name":"Magyar P.E.N. Club","url":"https:\/\/magyarpenclub.hu\/fr\/","logo":{"@type":"ImageObject","inLanguage":"fr-FR","@id":"https:\/\/magyarpenclub.hu\/fr\/#\/schema\/logo\/image\/","url":"https:\/\/magyarpenclub.hu\/wp-content\/uploads\/2022\/08\/magyar-pen-club-logo.png","contentUrl":"https:\/\/magyarpenclub.hu\/wp-content\/uploads\/2022\/08\/magyar-pen-club-logo.png","width":195,"height":195,"caption":"Magyar P.E.N. Club"},"image":{"@id":"https:\/\/magyarpenclub.hu\/fr\/#\/schema\/logo\/image\/"},"sameAs":["https:\/\/www.facebook.com\/magyarpenclub","https:\/\/www.youtube.com\/channel\/UC8bw1YALHZZJCJ-7bqvlR6Q"]},{"@type":"Person","@id":"https:\/\/magyarpenclub.hu\/fr\/#\/schema\/person\/9d0e9bdcfa14a17e3af44ee46f4f047e","name":"admin","image":{"@type":"ImageObject","inLanguage":"fr-FR","@id":"https:\/\/secure.gravatar.com\/avatar\/56608a5ae1d60c555b558b0cda110391ad52d81e37b79808b2f59eaf60ba9e43?s=96&d=mm&r=g","url":"https:\/\/secure.gravatar.com\/avatar\/56608a5ae1d60c555b558b0cda110391ad52d81e37b79808b2f59eaf60ba9e43?s=96&d=mm&r=g","contentUrl":"https:\/\/secure.gravatar.com\/avatar\/56608a5ae1d60c555b558b0cda110391ad52d81e37b79808b2f59eaf60ba9e43?s=96&d=mm&r=g","caption":"admin"},"sameAs":["https:\/\/magyarpenclub.hu"],"url":"https:\/\/magyarpenclub.hu\/fr\/author\/admin\/"}]}},"_links":{"self":[{"href":"https:\/\/magyarpenclub.hu\/fr\/wp-json\/wp\/v2\/posts\/7390","targetHints":{"allow":["GET"]}}],"collection":[{"href":"https:\/\/magyarpenclub.hu\/fr\/wp-json\/wp\/v2\/posts"}],"about":[{"href":"https:\/\/magyarpenclub.hu\/fr\/wp-json\/wp\/v2\/types\/post"}],"author":[{"embeddable":true,"href":"https:\/\/magyarpenclub.hu\/fr\/wp-json\/wp\/v2\/users\/1"}],"replies":[{"embeddable":true,"href":"https:\/\/magyarpenclub.hu\/fr\/wp-json\/wp\/v2\/comments?post=7390"}],"version-history":[{"count":0,"href":"https:\/\/magyarpenclub.hu\/fr\/wp-json\/wp\/v2\/posts\/7390\/revisions"}],"wp:featuredmedia":[{"embeddable":true,"href":"https:\/\/magyarpenclub.hu\/fr\/wp-json\/wp\/v2\/media\/6781"}],"wp:attachment":[{"href":"https:\/\/magyarpenclub.hu\/fr\/wp-json\/wp\/v2\/media?parent=7390"}],"wp:term":[{"taxonomy":"category","embeddable":true,"href":"https:\/\/magyarpenclub.hu\/fr\/wp-json\/wp\/v2\/categories?post=7390"},{"taxonomy":"post_tag","embeddable":true,"href":"https:\/\/magyarpenclub.hu\/fr\/wp-json\/wp\/v2\/tags?post=7390"}],"curies":[{"name":"wp","href":"https:\/\/api.w.org\/{rel}","templated":true}]}}